{"id":6878,"date":"2026-04-26T12:37:52","date_gmt":"2026-04-26T15:37:52","guid":{"rendered":"https:\/\/1005.com.ar\/?p=6878"},"modified":"2026-04-26T12:37:54","modified_gmt":"2026-04-26T15:37:54","slug":"otto-scharmer-academico-aleman-es-urgente-reconectar-la-educacion-con-la-esencia-de-lo-humano","status":"publish","type":"post","link":"https:\/\/1005.com.ar\/index.php\/2026\/04\/26\/otto-scharmer-academico-aleman-es-urgente-reconectar-la-educacion-con-la-esencia-de-lo-humano\/","title":{"rendered":"Otto Scharmer, acad\u00e9mico alem\u00e1n: \u201cEs urgente reconectar la educaci\u00f3n con la esencia de lo humano\u201d"},"content":{"rendered":"\n<p><a href=\"https:\/\/www.sophiaonline.com.ar\/otto-scharmer-academico-aleman-es-urgente-reconectar-la-educacion-con-la-esencia-de-lo-humano\">https:\/\/www.sophiaonline.com.ar\/otto-scharmer-academico-aleman-es-urgente-reconectar-la-educacion-con-la-esencia-de-lo-humano<\/a><\/p>\n","protected":false},"excerpt":{"rendered":"<p>https:\/\/www.sophiaonline.com.ar\/otto-scharmer-academico-aleman-es-urgente-reconectar-la-educacion-con-la-esencia-de-lo-humano<\/p>\n","protected":false},"author":7,"featured_media":6879,"comment_status":"closed","ping_status":"closed","sticky":false,"template":"","format":"standard","meta":{"jetpack_post_was_ever_published":false,"_jetpack_newsletter_access":"","_jetpack_dont_email_post_to_subs":false,"_jetpack_newsletter_tier_id":0,"_jetpack_memberships_contains_paywalled_content":false,"_jetpack_memberships_contains_paid_content":false,"footnotes":"","jetpack_publicize_message":"","jetpack_publicize_feature_enabled":true,"jetpack_social_post_already_shared":true,"jetpack_social_options":{"image_generator_settings":{"template":"highway","default_image_id":0,"font":"","enabled":false},"version":2}},"categories":[1],"tags":[],"class_list":["post-6878","post","type-post","status-publish","format-standard","has-post-thumbnail","hentry","category-sin-categoria"],"jetpack_publicize_connections":[],"jetpack_featured_media_url":"https:\/\/1005.com.ar\/wp-content\/uploads\/2026\/04\/Foto-home-1170x659-2-1.png","jetpack-related-posts":[{"id":3459,"url":"https:\/\/1005.com.ar\/index.php\/2022\/09\/09\/jorge-aleman-la-presencia-del-odio-es-constitutiva-del-neoliberalismo\/","url_meta":{"origin":6878,"position":0},"title":"Jorge Alem\u00e1n: \u00abLa presencia del odio es constitutiva del neoliberalismo\u00bb","author":"Julieta Di Rocco","date":"septiembre 9, 2022","format":false,"excerpt":"El psicoanalista advierte que el neoliberalismo \"ya no busca legitimidad en las organizaciones institucionales\" https:\/\/www.pagina12.com.ar\/480078-jorge-aleman-la-presencia-del-odio-es-constitutiva-del-neoli","rel":"","context":"En \u00abSin categor\u00eda\u00bb","block_context":{"text":"Sin categor\u00eda","link":"https:\/\/1005.com.ar\/index.php\/category\/sin-categoria\/"},"img":{"alt_text":"","src":"https:\/\/i0.wp.com\/1005.com.ar\/wp-content\/uploads\/2022\/09\/642123-whatsapp-20image-202022-09-07-20at-2014-11-25.jpeg?resize=350%2C200&ssl=1","width":350,"height":200,"srcset":"https:\/\/i0.wp.com\/1005.com.ar\/wp-content\/uploads\/2022\/09\/642123-whatsapp-20image-202022-09-07-20at-2014-11-25.jpeg?resize=350%2C200&ssl=1 1x, https:\/\/i0.wp.com\/1005.com.ar\/wp-content\/uploads\/2022\/09\/642123-whatsapp-20image-202022-09-07-20at-2014-11-25.jpeg?resize=525%2C300&ssl=1 1.5x, https:\/\/i0.wp.com\/1005.com.ar\/wp-content\/uploads\/2022\/09\/642123-whatsapp-20image-202022-09-07-20at-2014-11-25.jpeg?resize=700%2C400&ssl=1 2x"},"classes":[]},{"id":1582,"url":"https:\/\/1005.com.ar\/index.php\/2021\/02\/14\/educacion-solidaria-y-vacunacion\/","url_meta":{"origin":6878,"position":1},"title":"Educaci\u00f3n solidaria y vacunaci\u00f3n","author":"Radio Music","date":"febrero 14, 2021","format":false,"excerpt":"Seg\u00fan V\u00edctor Garc\u00eda Hoz, la solidaridad en el sentido etimol\u00f3gico (de solidus = fuerte, consolidado; de la misma ra\u00edz que soldar) significa fuerza, uni\u00f3n, cuyo principio m\u00e1s radical en el ser humano, es el amor, cuyo objeto propio es la uni\u00f3n con los otros. La solidaridad nace del amor mismo\u2026","rel":"","context":"En \u00abSin categor\u00eda\u00bb","block_context":{"text":"Sin categor\u00eda","link":"https:\/\/1005.com.ar\/index.php\/category\/sin-categoria\/"},"img":{"alt_text":"","src":"https:\/\/i0.wp.com\/1005.com.ar\/wp-content\/uploads\/2021\/02\/1613264342.jpeg?resize=350%2C200&ssl=1","width":350,"height":200,"srcset":"https:\/\/i0.wp.com\/1005.com.ar\/wp-content\/uploads\/2021\/02\/1613264342.jpeg?resize=350%2C200&ssl=1 1x, https:\/\/i0.wp.com\/1005.com.ar\/wp-content\/uploads\/2021\/02\/1613264342.jpeg?resize=525%2C300&ssl=1 1.5x, https:\/\/i0.wp.com\/1005.com.ar\/wp-content\/uploads\/2021\/02\/1613264342.jpeg?resize=700%2C400&ssl=1 2x"},"classes":[]},{"id":4959,"url":"https:\/\/1005.com.ar\/index.php\/2024\/04\/20\/las-ventajas-y-desventajas-de-tener-un-ovejero-aleman-en-nuestro-hogar\/","url_meta":{"origin":6878,"position":2},"title":"Las ventajas y desventajas de tener un Ovejero Alem\u00e1n en nuestro hogar","author":"Julieta Di Rocco","date":"abril 20, 2024","format":false,"excerpt":"https:\/\/www.eldiariodecarlospaz.com.ar\/vida-saludable\/2024\/4\/17\/las-ventajas-desventajas-de-tener-un-ovejero-aleman-en-nuestro-hogar-200729.html","rel":"","context":"En \u00abSin categor\u00eda\u00bb","block_context":{"text":"Sin categor\u00eda","link":"https:\/\/1005.com.ar\/index.php\/category\/sin-categoria\/"},"img":{"alt_text":"","src":"","width":0,"height":0},"classes":[]},{"id":1301,"url":"https:\/\/1005.com.ar\/index.php\/2021\/01\/27\/tokio-2021-entre-el-negocio-y-la-esperanza\/","url_meta":{"origin":6878,"position":3},"title":"Tokio 2021, entre el negocio y la esperanza","author":"Radio Music","date":"enero 27, 2021","format":false,"excerpt":"Los Juegos Ol\u00edmpicos, lejos de las prioridades entre los habitantes de Tokio","rel":"","context":"En \u00abSin categor\u00eda\u00bb","block_context":{"text":"Sin categor\u00eda","link":"https:\/\/1005.com.ar\/index.php\/category\/sin-categoria\/"},"img":{"alt_text":"","src":"https:\/\/i0.wp.com\/1005.com.ar\/wp-content\/uploads\/2021\/01\/3587974w1033.jpg?resize=350%2C200&ssl=1","width":350,"height":200,"srcset":"https:\/\/i0.wp.com\/1005.com.ar\/wp-content\/uploads\/2021\/01\/3587974w1033.jpg?resize=350%2C200&ssl=1 1x, https:\/\/i0.wp.com\/1005.com.ar\/wp-content\/uploads\/2021\/01\/3587974w1033.jpg?resize=525%2C300&ssl=1 1.5x, https:\/\/i0.wp.com\/1005.com.ar\/wp-content\/uploads\/2021\/01\/3587974w1033.jpg?resize=700%2C400&ssl=1 2x"},"classes":[]},{"id":6315,"url":"https:\/\/1005.com.ar\/index.php\/2025\/08\/24\/cual-es-la-unica-parte-del-cuerpo-humano-que-la-evolucion-no-logra-explicar\/","url_meta":{"origin":6878,"position":4},"title":"Cu\u00e1l es la \u00fanica parte del cuerpo humano que la evoluci\u00f3n no logra explicar","author":"Julieta Di Rocco","date":"agosto 24, 2025","format":false,"excerpt":"https:\/\/www.infobae.com\/america\/ciencia-america\/2025\/08\/24\/cual-es-la-unica-parte-del-cuerpo-humano-que-la-evolucion-no-logra-explicar","rel":"","context":"En \u00abSin categor\u00eda\u00bb","block_context":{"text":"Sin categor\u00eda","link":"https:\/\/1005.com.ar\/index.php\/category\/sin-categoria\/"},"img":{"alt_text":"","src":"https:\/\/i0.wp.com\/1005.com.ar\/wp-content\/uploads\/2025\/08\/descarga-63.jpg?resize=350%2C200&ssl=1","width":350,"height":200},"classes":[]},{"id":5441,"url":"https:\/\/1005.com.ar\/index.php\/2024\/10\/04\/que-vale-una-vida-en-saladillo\/","url_meta":{"origin":6878,"position":5},"title":"\u00bfQu\u00e9 vale una vida en Saladillo?","author":"Julieta Di Rocco","date":"octubre 4, 2024","format":false,"excerpt":"La muerte de una persona siempre conmociona. Cuando la causa es un suicidio, el impacto trasciende lo individual y familiar e incide en toda la comunidad. En Saladillo, mi ciudad de origen, hubo 5 suicidios en el \u00faltimo mes. Me ven\u00eda preocupando y alarmando por el silencio abrumador tanto del\u2026","rel":"","context":"En \u00abSin categor\u00eda\u00bb","block_context":{"text":"Sin categor\u00eda","link":"https:\/\/1005.com.ar\/index.php\/category\/sin-categoria\/"},"img":{"alt_text":"","src":"","width":0,"height":0},"classes":[]}],"jetpack_likes_enabled":true,"jetpack_sharing_enabled":true,"_links":{"self":[{"href":"https:\/\/1005.com.ar\/index.php\/wp-json\/wp\/v2\/posts\/6878","targetHints":{"allow":["GET"]}}],"collection":[{"href":"https:\/\/1005.com.ar\/index.php\/wp-json\/wp\/v2\/posts"}],"about":[{"href":"https:\/\/1005.com.ar\/index.php\/wp-json\/wp\/v2\/types\/post"}],"author":[{"embeddable":true,"href":"https:\/\/1005.com.ar\/index.php\/wp-json\/wp\/v2\/users\/7"}],"replies":[{"embeddable":true,"href":"https:\/\/1005.com.ar\/index.php\/wp-json\/wp\/v2\/comments?post=6878"}],"version-history":[{"count":1,"href":"https:\/\/1005.com.ar\/index.php\/wp-json\/wp\/v2\/posts\/6878\/revisions"}],"predecessor-version":[{"id":6880,"href":"https:\/\/1005.com.ar\/index.php\/wp-json\/wp\/v2\/posts\/6878\/revisions\/6880"}],"wp:featuredmedia":[{"embeddable":true,"href":"https:\/\/1005.com.ar\/index.php\/wp-json\/wp\/v2\/media\/6879"}],"wp:attachment":[{"href":"https:\/\/1005.com.ar\/index.php\/wp-json\/wp\/v2\/media?parent=6878"}],"wp:term":[{"taxonomy":"category","embeddable":true,"href":"https:\/\/1005.com.ar\/index.php\/wp-json\/wp\/v2\/categories?post=6878"},{"taxonomy":"post_tag","embeddable":true,"href":"https:\/\/1005.com.ar\/index.php\/wp-json\/wp\/v2\/tags?post=6878"}],"curies":[{"name":"wp","href":"https:\/\/api.w.org\/{rel}","templated":true}]}}