{"id":6875,"date":"2026-04-26T12:10:01","date_gmt":"2026-04-26T15:10:01","guid":{"rendered":"https:\/\/1005.com.ar\/?p=6875"},"modified":"2026-04-26T12:10:03","modified_gmt":"2026-04-26T15:10:03","slug":"los-mejores-neurologos-del-mundo-debatieron-en-buenos-aires-las-ultimas-novedades-sobre-salud-mental","status":"publish","type":"post","link":"https:\/\/1005.com.ar\/index.php\/2026\/04\/26\/los-mejores-neurologos-del-mundo-debatieron-en-buenos-aires-las-ultimas-novedades-sobre-salud-mental\/","title":{"rendered":"Los mejores neur\u00f3logos del mundo debatieron en Buenos Aires las \u00faltimas novedades sobre salud mental"},"content":{"rendered":"\n<p><a href=\"https:\/\/www.infobae.com\/salud\/2026\/04\/26\/los-mejores-neurologos-del-mundo-debatieron-en-buenos-aires-las-ultimas-novedades-sobre-salud-mental\">https:\/\/www.infobae.com\/salud\/2026\/04\/26\/los-mejores-neurologos-del-mundo-debatieron-en-buenos-aires-las-ultimas-novedades-sobre-salud-mental<\/a><\/p>\n","protected":false},"excerpt":{"rendered":"<p>https:\/\/www.infobae.com\/salud\/2026\/04\/26\/los-mejores-neurologos-del-mundo-debatieron-en-buenos-aires-las-ultimas-novedades-sobre-salud-mental<\/p>\n","protected":false},"author":7,"featured_media":6876,"comment_status":"closed","ping_status":"closed","sticky":false,"template":"","format":"standard","meta":{"jetpack_post_was_ever_published":false,"_jetpack_newsletter_access":"","_jetpack_dont_email_post_to_subs":false,"_jetpack_newsletter_tier_id":0,"_jetpack_memberships_contains_paywalled_content":false,"_jetpack_memberships_contains_paid_content":false,"footnotes":"","jetpack_publicize_message":"","jetpack_publicize_feature_enabled":true,"jetpack_social_post_already_shared":true,"jetpack_social_options":{"image_generator_settings":{"template":"highway","default_image_id":0,"font":"","enabled":false},"version":2}},"categories":[1],"tags":[],"class_list":["post-6875","post","type-post","status-publish","format-standard","has-post-thumbnail","hentry","category-sin-categoria"],"jetpack_publicize_connections":[],"jetpack_featured_media_url":"https:\/\/1005.com.ar\/wp-content\/uploads\/2026\/04\/AA5V4T2LJFHYZMFQMBSLHSJX2A.avif","jetpack-related-posts":[{"id":3305,"url":"https:\/\/1005.com.ar\/index.php\/2022\/08\/09\/transformar-la-salud-mental\/","url_meta":{"origin":6875,"position":0},"title":"Transformar la salud mental","author":"Julieta Di Rocco","date":"agosto 9, 2022","format":false,"excerpt":"Un informe de la OMS destaca los avances en la provincia de Buenos Aires La Organizaci\u00f3n Mundial de la Salud, autoridad directiva y coordinadora de la acci\u00f3n sanitaria en el sistema de las Naciones Unidas, acaba de publicar un Informe mundial sobre salud mental denominado \u201cTransformar la salud mental para\u2026","rel":"","context":"En \u00abSin categor\u00eda\u00bb","block_context":{"text":"Sin categor\u00eda","link":"https:\/\/1005.com.ar\/index.php\/category\/sin-categoria\/"},"img":{"alt_text":"","src":"https:\/\/i0.wp.com\/1005.com.ar\/wp-content\/uploads\/2022\/08\/593738-whatsapp-20image-202022-08-03-20at-205-12-57-20pm.jpeg?resize=350%2C200&ssl=1","width":350,"height":200,"srcset":"https:\/\/i0.wp.com\/1005.com.ar\/wp-content\/uploads\/2022\/08\/593738-whatsapp-20image-202022-08-03-20at-205-12-57-20pm.jpeg?resize=350%2C200&ssl=1 1x, https:\/\/i0.wp.com\/1005.com.ar\/wp-content\/uploads\/2022\/08\/593738-whatsapp-20image-202022-08-03-20at-205-12-57-20pm.jpeg?resize=525%2C300&ssl=1 1.5x, https:\/\/i0.wp.com\/1005.com.ar\/wp-content\/uploads\/2022\/08\/593738-whatsapp-20image-202022-08-03-20at-205-12-57-20pm.jpeg?resize=700%2C400&ssl=1 2x"},"classes":[]},{"id":1734,"url":"https:\/\/1005.com.ar\/index.php\/2021\/03\/03\/coronavirus-en-argentina-se-registraron-262-muertes-y-7-855-contagios\/","url_meta":{"origin":6875,"position":1},"title":"Coronavirus en Argentina: se registraron 262 muertes y 7.855 contagios","author":"Radio Music","date":"marzo 3, 2021","format":false,"excerpt":"El reporte del\u00a0Ministerio de Salud\u00a0confirm\u00f3262\u00a0nuevas muertes de pacientes con coronavirus\u00a0en las \u00faltimas 24 horas, lo que eleva la cifra de v\u00edctimas mortales en el pa\u00eds a\u00a052.453. Adem\u00e1s, se registraron7.855\u00a0contagios, seg\u00fan el informe de la cartera que comanda Carla Vizzotti. Con estos registros, suman 2.126.531\u00a0los contagios desde que comenz\u00f3 la pandemia.\u2026","rel":"","context":"En \u00abSin categor\u00eda\u00bb","block_context":{"text":"Sin categor\u00eda","link":"https:\/\/1005.com.ar\/index.php\/category\/sin-categoria\/"},"img":{"alt_text":"","src":"","width":0,"height":0},"classes":[]},{"id":2394,"url":"https:\/\/1005.com.ar\/index.php\/2021\/11\/26\/ya-son-mas-de-14-millones-las-personas-vacunadas-contra-el-covid-19-en-la-provincia\/","url_meta":{"origin":6875,"position":2},"title":"Ya son m\u00e1s de 14 millones las personas vacunadas contra el Covid-19 en la provincia","author":"Radio Music","date":"noviembre 26, 2021","format":false,"excerpt":"El ministro de Salud bonaerense, Nicol\u00e1s Kreplak, inform\u00f3 que ya hay m\u00e1s de 14 millones de personas vacunadas contra el coronavirus en la provincia de Buenos Aires y celebr\u00f3 que \"cada vez somos m\u00e1s\". \"Cada vez somos m\u00e1s y ese es el objetivo, pero no es el final. Llegamos a\u2026","rel":"","context":"En \u00abSin categor\u00eda\u00bb","block_context":{"text":"Sin categor\u00eda","link":"https:\/\/1005.com.ar\/index.php\/category\/sin-categoria\/"},"img":{"alt_text":"","src":"https:\/\/i0.wp.com\/1005.com.ar\/wp-content\/uploads\/2021\/11\/1637856765.jpeg?resize=350%2C200&ssl=1","width":350,"height":200,"srcset":"https:\/\/i0.wp.com\/1005.com.ar\/wp-content\/uploads\/2021\/11\/1637856765.jpeg?resize=350%2C200&ssl=1 1x, https:\/\/i0.wp.com\/1005.com.ar\/wp-content\/uploads\/2021\/11\/1637856765.jpeg?resize=525%2C300&ssl=1 1.5x, https:\/\/i0.wp.com\/1005.com.ar\/wp-content\/uploads\/2021\/11\/1637856765.jpeg?resize=700%2C400&ssl=1 2x"},"classes":[]},{"id":1374,"url":"https:\/\/1005.com.ar\/index.php\/2021\/01\/29\/la-unlp-entre-las-mejores-de-america-latina\/","url_meta":{"origin":6875,"position":3},"title":"La UNLP entre las mejores de Am\u00e9rica Latina","author":"Radio Music","date":"enero 29, 2021","format":false,"excerpt":"El Ranking del Laboratorio de Cibermetr\u00eda del Consejo Superior de Investigaciones Cient\u00edficas de Espa\u00f1a la ubica entre las m\u00e1s prestigiosas del mundo.","rel":"","context":"En \u00abSin categor\u00eda\u00bb","block_context":{"text":"Sin categor\u00eda","link":"https:\/\/1005.com.ar\/index.php\/category\/sin-categoria\/"},"img":{"alt_text":"","src":"https:\/\/i0.wp.com\/1005.com.ar\/wp-content\/uploads\/2021\/01\/0000378321.jpg?resize=350%2C200&ssl=1","width":350,"height":200,"srcset":"https:\/\/i0.wp.com\/1005.com.ar\/wp-content\/uploads\/2021\/01\/0000378321.jpg?resize=350%2C200&ssl=1 1x, https:\/\/i0.wp.com\/1005.com.ar\/wp-content\/uploads\/2021\/01\/0000378321.jpg?resize=525%2C300&ssl=1 1.5x, https:\/\/i0.wp.com\/1005.com.ar\/wp-content\/uploads\/2021\/01\/0000378321.jpg?resize=700%2C400&ssl=1 2x, https:\/\/i0.wp.com\/1005.com.ar\/wp-content\/uploads\/2021\/01\/0000378321.jpg?resize=1050%2C600&ssl=1 3x, https:\/\/i0.wp.com\/1005.com.ar\/wp-content\/uploads\/2021\/01\/0000378321.jpg?resize=1400%2C800&ssl=1 4x"},"classes":[]},{"id":1847,"url":"https:\/\/1005.com.ar\/index.php\/2021\/03\/26\/coronavirus-en-argentina-se-registraron-12-936-casos-y-143-muertes\/","url_meta":{"origin":6875,"position":4},"title":"Coronavirus en Argentina: se registraron 12.936 casos y 143 muertes","author":"Radio Music","date":"marzo 26, 2021","format":false,"excerpt":"El reporte del\u00a0Ministerio de Salud\u00a0confirm\u00f3\u00a0143\u00a0nuevas muertes de pacientes con coronavirus\u00a0en las \u00faltimas 24 horas, lo que eleva la cifra de v\u00edctimas mortales en el pa\u00eds a 55,235. Adem\u00e1s, se registraron12.936\u00a0contagios, seg\u00fan el informe de la cartera que comanda Carla Vizzotti. Con estos registros, suman 2.291.051\u00a0casos desde que comenz\u00f3 la pandemia.\u2026","rel":"","context":"En \u00abSin categor\u00eda\u00bb","block_context":{"text":"Sin categor\u00eda","link":"https:\/\/1005.com.ar\/index.php\/category\/sin-categoria\/"},"img":{"alt_text":"","src":"","width":0,"height":0},"classes":[]},{"id":1889,"url":"https:\/\/1005.com.ar\/index.php\/2021\/04\/01\/alberto-fernandez-y-horacio-rodriguez-larreta-se-reuniran-de-urgencia-por-la-escalada-de-contagios-de-covid-19\/","url_meta":{"origin":6875,"position":5},"title":"Alberto Fern\u00e1ndez y Horacio Rodr\u00edguez Larreta se reunir\u00e1n de urgencia por la escalada de contagios de COVID-19","author":"Radio Music","date":"abril 1, 2021","format":false,"excerpt":"El presidente\u00a0Alberto Fern\u00e1ndez\u00a0y el jefe de Gobierno porte\u00f1o,\u00a0Horacio Rodr\u00edguez Larreta, se reunir\u00e1n en la Quinta de Olivos para\u00a0analizar los pasos a seguir ante la escalada de contagios de COVID-19\u00a0que se vienen registrando en la Ciudad de Buenos Aires y el \u00e1rea metropolitana. El encuentro podr\u00eda ser en la tarde de\u2026","rel":"","context":"En \u00abSin categor\u00eda\u00bb","block_context":{"text":"Sin categor\u00eda","link":"https:\/\/1005.com.ar\/index.php\/category\/sin-categoria\/"},"img":{"alt_text":"","src":"https:\/\/i0.wp.com\/1005.com.ar\/wp-content\/uploads\/2021\/04\/2Y2LHH6XRFGZHEZ5ND4OFGHKM4.jpg?resize=350%2C200&ssl=1","width":350,"height":200,"srcset":"https:\/\/i0.wp.com\/1005.com.ar\/wp-content\/uploads\/2021\/04\/2Y2LHH6XRFGZHEZ5ND4OFGHKM4.jpg?resize=350%2C200&ssl=1 1x, https:\/\/i0.wp.com\/1005.com.ar\/wp-content\/uploads\/2021\/04\/2Y2LHH6XRFGZHEZ5ND4OFGHKM4.jpg?resize=525%2C300&ssl=1 1.5x, https:\/\/i0.wp.com\/1005.com.ar\/wp-content\/uploads\/2021\/04\/2Y2LHH6XRFGZHEZ5ND4OFGHKM4.jpg?resize=700%2C400&ssl=1 2x"},"classes":[]}],"jetpack_likes_enabled":true,"jetpack_sharing_enabled":true,"_links":{"self":[{"href":"https:\/\/1005.com.ar\/index.php\/wp-json\/wp\/v2\/posts\/6875","targetHints":{"allow":["GET"]}}],"collection":[{"href":"https:\/\/1005.com.ar\/index.php\/wp-json\/wp\/v2\/posts"}],"about":[{"href":"https:\/\/1005.com.ar\/index.php\/wp-json\/wp\/v2\/types\/post"}],"author":[{"embeddable":true,"href":"https:\/\/1005.com.ar\/index.php\/wp-json\/wp\/v2\/users\/7"}],"replies":[{"embeddable":true,"href":"https:\/\/1005.com.ar\/index.php\/wp-json\/wp\/v2\/comments?post=6875"}],"version-history":[{"count":1,"href":"https:\/\/1005.com.ar\/index.php\/wp-json\/wp\/v2\/posts\/6875\/revisions"}],"predecessor-version":[{"id":6877,"href":"https:\/\/1005.com.ar\/index.php\/wp-json\/wp\/v2\/posts\/6875\/revisions\/6877"}],"wp:featuredmedia":[{"embeddable":true,"href":"https:\/\/1005.com.ar\/index.php\/wp-json\/wp\/v2\/media\/6876"}],"wp:attachment":[{"href":"https:\/\/1005.com.ar\/index.php\/wp-json\/wp\/v2\/media?parent=6875"}],"wp:term":[{"taxonomy":"category","embeddable":true,"href":"https:\/\/1005.com.ar\/index.php\/wp-json\/wp\/v2\/categories?post=6875"},{"taxonomy":"post_tag","embeddable":true,"href":"https:\/\/1005.com.ar\/index.php\/wp-json\/wp\/v2\/tags?post=6875"}],"curies":[{"name":"wp","href":"https:\/\/api.w.org\/{rel}","templated":true}]}}