{"id":6872,"date":"2026-04-26T12:05:39","date_gmt":"2026-04-26T15:05:39","guid":{"rendered":"https:\/\/1005.com.ar\/?p=6872"},"modified":"2026-04-26T12:05:41","modified_gmt":"2026-04-26T15:05:41","slug":"menopausia-y-dolor-articular-como-diferenciar-artritis-del-sindrome-musculoesqueletico-segun-expertos-de-harvard","status":"publish","type":"post","link":"https:\/\/1005.com.ar\/index.php\/2026\/04\/26\/menopausia-y-dolor-articular-como-diferenciar-artritis-del-sindrome-musculoesqueletico-segun-expertos-de-harvard\/","title":{"rendered":"Menopausia y dolor articular: c\u00f3mo diferenciar artritis del s\u00edndrome musculoesquel\u00e9tico, seg\u00fan expertos de Harvard"},"content":{"rendered":"\n<p><a href=\"https:\/\/www.infobae.com\/salud\/2026\/04\/24\/menopausia-y-dolor-articular-como-diferenciar-artritis-del-sindrome-musculoesqueletico-segun-expertos-de-harvard\">https:\/\/www.infobae.com\/salud\/2026\/04\/24\/menopausia-y-dolor-articular-como-diferenciar-artritis-del-sindrome-musculoesqueletico-segun-expertos-de-harvard<\/a><\/p>\n","protected":false},"excerpt":{"rendered":"<p>https:\/\/www.infobae.com\/salud\/2026\/04\/24\/menopausia-y-dolor-articular-como-diferenciar-artritis-del-sindrome-musculoesqueletico-segun-expertos-de-harvard<\/p>\n","protected":false},"author":7,"featured_media":6873,"comment_status":"closed","ping_status":"closed","sticky":false,"template":"","format":"standard","meta":{"jetpack_post_was_ever_published":false,"_jetpack_newsletter_access":"","_jetpack_dont_email_post_to_subs":false,"_jetpack_newsletter_tier_id":0,"_jetpack_memberships_contains_paywalled_content":false,"_jetpack_memberships_contains_paid_content":false,"footnotes":"","jetpack_publicize_message":"","jetpack_publicize_feature_enabled":true,"jetpack_social_post_already_shared":true,"jetpack_social_options":{"image_generator_settings":{"template":"highway","default_image_id":0,"font":"","enabled":false},"version":2}},"categories":[1],"tags":[],"class_list":["post-6872","post","type-post","status-publish","format-standard","has-post-thumbnail","hentry","category-sin-categoria"],"jetpack_publicize_connections":[],"jetpack_featured_media_url":"https:\/\/1005.com.ar\/wp-content\/uploads\/2026\/04\/YB3YYSBOIJCIBCT7AMYW35FPDQ.avif","jetpack-related-posts":[{"id":3483,"url":"https:\/\/1005.com.ar\/index.php\/2022\/09\/12\/obesidad-y-menopausia-o-deberiamos-decir-menopausia-y-como-consecuencia-obesidad\/","url_meta":{"origin":6872,"position":0},"title":"Obesidad y menopausia o deber\u00edamos decir \u00bfmenopausia y como consecuencia obesidad?","author":"Julieta Di Rocco","date":"septiembre 12, 2022","format":false,"excerpt":"https:\/\/www.telam.com.ar\/notas\/202209\/604262-obesidad-menopausia-nota-de-opinion.html","rel":"","context":"En \u00abSin categor\u00eda\u00bb","block_context":{"text":"Sin categor\u00eda","link":"https:\/\/1005.com.ar\/index.php\/category\/sin-categoria\/"},"img":{"alt_text":"","src":"https:\/\/i0.wp.com\/1005.com.ar\/wp-content\/uploads\/2022\/09\/58f4c1aa72f0a_900.jpg?resize=350%2C200&ssl=1","width":350,"height":200,"srcset":"https:\/\/i0.wp.com\/1005.com.ar\/wp-content\/uploads\/2022\/09\/58f4c1aa72f0a_900.jpg?resize=350%2C200&ssl=1 1x, https:\/\/i0.wp.com\/1005.com.ar\/wp-content\/uploads\/2022\/09\/58f4c1aa72f0a_900.jpg?resize=525%2C300&ssl=1 1.5x, https:\/\/i0.wp.com\/1005.com.ar\/wp-content\/uploads\/2022\/09\/58f4c1aa72f0a_900.jpg?resize=700%2C400&ssl=1 2x"},"classes":[]},{"id":5847,"url":"https:\/\/1005.com.ar\/index.php\/2025\/03\/28\/ejercicio-y-dolor-expertos-aclaran-que-molestias-son-normales-y-cuales-deben-preocupar\/","url_meta":{"origin":6872,"position":1},"title":"Ejercicio y dolor: expertos aclaran qu\u00e9 molestias son normales y cu\u00e1les deben preocupar","author":"Julieta Di Rocco","date":"marzo 28, 2025","format":false,"excerpt":"https:\/\/www.infobae.com\/salud\/2025\/03\/28\/ejercicio-y-dolor-expertos-aclaran-que-molestias-son-normales-y-cuales-deben-preocupar","rel":"","context":"En \u00abSin categor\u00eda\u00bb","block_context":{"text":"Sin categor\u00eda","link":"https:\/\/1005.com.ar\/index.php\/category\/sin-categoria\/"},"img":{"alt_text":"","src":"","width":0,"height":0},"classes":[]},{"id":6384,"url":"https:\/\/1005.com.ar\/index.php\/2025\/09\/14\/el-sencillo-metodo-para-medir-la-frecuencia-cardiaca-en-casa-que-recomiendan-expertos-de-harvard\/","url_meta":{"origin":6872,"position":2},"title":"El sencillo m\u00e9todo para medir la frecuencia card\u00edaca en casa, que recomiendan expertos de Harvard","author":"Julieta Di Rocco","date":"septiembre 14, 2025","format":false,"excerpt":"https:\/\/www.infobae.com\/salud\/2025\/09\/14\/el-sencillo-metodo-para-medir-la-frecuencia-cardiaca-en-casa-que-recomiendan-expertos-de-harvard","rel":"","context":"En \u00abSin categor\u00eda\u00bb","block_context":{"text":"Sin categor\u00eda","link":"https:\/\/1005.com.ar\/index.php\/category\/sin-categoria\/"},"img":{"alt_text":"","src":"","width":0,"height":0},"classes":[]},{"id":5023,"url":"https:\/\/1005.com.ar\/index.php\/2024\/04\/27\/celine-dion-conto-como-es-convivir-con-el-sindrome-de-la-persona-rigida\/","url_meta":{"origin":6872,"position":3},"title":"Celine Dion cont\u00f3 como es convivir con el S\u00edndrome de la Persona R\u00edgida","author":"Julieta Di Rocco","date":"abril 27, 2024","format":false,"excerpt":"https:\/\/www.pagina12.com.ar\/732086-celine-dion-conto-como-es-convivir-con-el-sindrome-de-la-per","rel":"","context":"En \u00abSin categor\u00eda\u00bb","block_context":{"text":"Sin categor\u00eda","link":"https:\/\/1005.com.ar\/index.php\/category\/sin-categoria\/"},"img":{"alt_text":"","src":"https:\/\/i0.wp.com\/1005.com.ar\/wp-content\/uploads\/2024\/04\/834622-c-c3-a9line-20dion.jpg?resize=350%2C200&ssl=1","width":350,"height":200,"srcset":"https:\/\/i0.wp.com\/1005.com.ar\/wp-content\/uploads\/2024\/04\/834622-c-c3-a9line-20dion.jpg?resize=350%2C200&ssl=1 1x, https:\/\/i0.wp.com\/1005.com.ar\/wp-content\/uploads\/2024\/04\/834622-c-c3-a9line-20dion.jpg?resize=525%2C300&ssl=1 1.5x, https:\/\/i0.wp.com\/1005.com.ar\/wp-content\/uploads\/2024\/04\/834622-c-c3-a9line-20dion.jpg?resize=700%2C400&ssl=1 2x"},"classes":[]},{"id":3564,"url":"https:\/\/1005.com.ar\/index.php\/2022\/11\/14\/sindrome-abreu-por-que-en-los-mundiales-hay-mas-infartos-y-como-prevenirlos\/","url_meta":{"origin":6872,"position":4},"title":"\u00abS\u00edndrome Abreu\u00bb: por qu\u00e9 en los mundiales hay m\u00e1s infartos y c\u00f3mo prevenirlos\u00a0","author":"Julieta Di Rocco","date":"noviembre 14, 2022","format":false,"excerpt":"https:\/\/www.pagina12.com.ar\/497661-sindrome-abreu-por-que-en-los-mundiales-hay-mas-infartos-que","rel":"","context":"En \u00abSin categor\u00eda\u00bb","block_context":{"text":"Sin categor\u00eda","link":"https:\/\/1005.com.ar\/index.php\/category\/sin-categoria\/"},"img":{"alt_text":"","src":"https:\/\/i0.wp.com\/1005.com.ar\/wp-content\/uploads\/2022\/11\/666921-420185-whatsapp-20image-202022-03-22-20at-2011-42-23_0.jpeg?resize=350%2C200&ssl=1","width":350,"height":200,"srcset":"https:\/\/i0.wp.com\/1005.com.ar\/wp-content\/uploads\/2022\/11\/666921-420185-whatsapp-20image-202022-03-22-20at-2011-42-23_0.jpeg?resize=350%2C200&ssl=1 1x, https:\/\/i0.wp.com\/1005.com.ar\/wp-content\/uploads\/2022\/11\/666921-420185-whatsapp-20image-202022-03-22-20at-2011-42-23_0.jpeg?resize=525%2C300&ssl=1 1.5x, https:\/\/i0.wp.com\/1005.com.ar\/wp-content\/uploads\/2022\/11\/666921-420185-whatsapp-20image-202022-03-22-20at-2011-42-23_0.jpeg?resize=700%2C400&ssl=1 2x"},"classes":[]},{"id":2658,"url":"https:\/\/1005.com.ar\/index.php\/2022\/02\/03\/es-entre-25-y-50-veces-mas-potente-que-la-heroina\/","url_meta":{"origin":6872,"position":5},"title":"Es entre 25 y 50 veces m\u00e1s potente que la hero\u00edna&nbsp;","author":"Radio Music","date":"febrero 3, 2022","format":false,"excerpt":"Qu\u00e9 es el fentanilo, la sustancia en la mira por las muertes del consumo de coca\u00edna adulterada Seg\u00fan los expertos, esta sustancia act\u00faa uni\u00e9ndose a los receptores opioides que se encuentran en \u00e1reas del cerebro que controlan el dolor y las emociones y puede provocar aletargamiento, n\u00e1useas, confusi\u00f3n, estre\u00f1imiento, sedaci\u00f3n,\u2026","rel":"","context":"En \u00abSin categor\u00eda\u00bb","block_context":{"text":"Sin categor\u00eda","link":"https:\/\/1005.com.ar\/index.php\/category\/sin-categoria\/"},"img":{"alt_text":"","src":"","width":0,"height":0},"classes":[]}],"jetpack_likes_enabled":true,"jetpack_sharing_enabled":true,"_links":{"self":[{"href":"https:\/\/1005.com.ar\/index.php\/wp-json\/wp\/v2\/posts\/6872","targetHints":{"allow":["GET"]}}],"collection":[{"href":"https:\/\/1005.com.ar\/index.php\/wp-json\/wp\/v2\/posts"}],"about":[{"href":"https:\/\/1005.com.ar\/index.php\/wp-json\/wp\/v2\/types\/post"}],"author":[{"embeddable":true,"href":"https:\/\/1005.com.ar\/index.php\/wp-json\/wp\/v2\/users\/7"}],"replies":[{"embeddable":true,"href":"https:\/\/1005.com.ar\/index.php\/wp-json\/wp\/v2\/comments?post=6872"}],"version-history":[{"count":1,"href":"https:\/\/1005.com.ar\/index.php\/wp-json\/wp\/v2\/posts\/6872\/revisions"}],"predecessor-version":[{"id":6874,"href":"https:\/\/1005.com.ar\/index.php\/wp-json\/wp\/v2\/posts\/6872\/revisions\/6874"}],"wp:featuredmedia":[{"embeddable":true,"href":"https:\/\/1005.com.ar\/index.php\/wp-json\/wp\/v2\/media\/6873"}],"wp:attachment":[{"href":"https:\/\/1005.com.ar\/index.php\/wp-json\/wp\/v2\/media?parent=6872"}],"wp:term":[{"taxonomy":"category","embeddable":true,"href":"https:\/\/1005.com.ar\/index.php\/wp-json\/wp\/v2\/categories?post=6872"},{"taxonomy":"post_tag","embeddable":true,"href":"https:\/\/1005.com.ar\/index.php\/wp-json\/wp\/v2\/tags?post=6872"}],"curies":[{"name":"wp","href":"https:\/\/api.w.org\/{rel}","templated":true}]}}