{"id":6866,"date":"2026-04-26T12:00:59","date_gmt":"2026-04-26T15:00:59","guid":{"rendered":"https:\/\/1005.com.ar\/?p=6866"},"modified":"2026-04-26T12:01:00","modified_gmt":"2026-04-26T15:01:00","slug":"mafalda-recitales-hasta-la-madrugada-y-escritores-jovenes-asi-se-vivio-el-primer-sabado-de-la-feria-del-libro","status":"publish","type":"post","link":"https:\/\/1005.com.ar\/index.php\/2026\/04\/26\/mafalda-recitales-hasta-la-madrugada-y-escritores-jovenes-asi-se-vivio-el-primer-sabado-de-la-feria-del-libro\/","title":{"rendered":"Mafalda, recitales hasta la madrugada y escritores j\u00f3venes: as\u00ed se vivi\u00f3 el primer s\u00e1bado de la Feria del Libro"},"content":{"rendered":"\n<p><a href=\"https:\/\/www.infobae.com\/cultura\/2026\/04\/26\/mafalda-recitales-hasta-la-madrugada-y-escritores-jovenes-asi-se-vivio-el-primer-sabado-de-la-feria-del-libro\">https:\/\/www.infobae.com\/cultura\/2026\/04\/26\/mafalda-recitales-hasta-la-madrugada-y-escritores-jovenes-asi-se-vivio-el-primer-sabado-de-la-feria-del-libro<\/a><\/p>\n","protected":false},"excerpt":{"rendered":"<p>https:\/\/www.infobae.com\/cultura\/2026\/04\/26\/mafalda-recitales-hasta-la-madrugada-y-escritores-jovenes-asi-se-vivio-el-primer-sabado-de-la-feria-del-libro<\/p>\n","protected":false},"author":7,"featured_media":6867,"comment_status":"closed","ping_status":"closed","sticky":false,"template":"","format":"standard","meta":{"jetpack_post_was_ever_published":false,"_jetpack_newsletter_access":"","_jetpack_dont_email_post_to_subs":false,"_jetpack_newsletter_tier_id":0,"_jetpack_memberships_contains_paywalled_content":false,"_jetpack_memberships_contains_paid_content":false,"footnotes":"","jetpack_publicize_message":"","jetpack_publicize_feature_enabled":true,"jetpack_social_post_already_shared":true,"jetpack_social_options":{"image_generator_settings":{"template":"highway","default_image_id":0,"font":"","enabled":false},"version":2}},"categories":[1],"tags":[],"class_list":["post-6866","post","type-post","status-publish","format-standard","has-post-thumbnail","hentry","category-sin-categoria"],"jetpack_publicize_connections":[],"jetpack_featured_media_url":"https:\/\/1005.com.ar\/wp-content\/uploads\/2026\/04\/QOFYYR56LRCC7F5OTG3QYYUVXQ.avif","jetpack-related-posts":[{"id":2247,"url":"https:\/\/1005.com.ar\/index.php\/2021\/08\/19\/protocolo-para-recitales-burbujas-de-seis-personas-eventos-hasta-90-minutos-y-sin-pogos\/","url_meta":{"origin":6866,"position":0},"title":"Protocolo para recitales: Burbujas de seis personas, eventos hasta 90 minutos y sin \u00abpogos\u00bb","author":"Radio Music","date":"agosto 19, 2021","format":false,"excerpt":"CORONAVIRUS EN PROVINCIA DE BUENOS AIRES Regresan los eventos art\u00edsticos de hasta 1000 personas en todo el territorio\u00a0bonaerense\u00a0pero en un contexto de pandemia. Los famosos \"pogos\" no est\u00e1n permitidos y tampoco los recitales extra large. Las burbujas estar\u00e1n demarcadas y los espectadores solo podr\u00e1 salir de ellas para uso de\u2026","rel":"","context":"En \u00abSin categor\u00eda\u00bb","block_context":{"text":"Sin categor\u00eda","link":"https:\/\/1005.com.ar\/index.php\/category\/sin-categoria\/"},"img":{"alt_text":"","src":"https:\/\/i0.wp.com\/1005.com.ar\/wp-content\/uploads\/2021\/08\/recitales_2.jpg?resize=350%2C200&ssl=1","width":350,"height":200},"classes":[]},{"id":2916,"url":"https:\/\/1005.com.ar\/index.php\/2022\/06\/02\/todos-los-conciertos-recitales-y-shows-de-junio\/","url_meta":{"origin":6866,"position":1},"title":"Todos los conciertos, recitales y shows de junio","author":"Julieta Di Rocco","date":"junio 2, 2022","format":false,"excerpt":"Los m\u00fasicos que se presentar\u00e1n este mes en el Luna Park, Grand Rex, Movistar Arena y el Teatro \u00d3pera, entre otros tantos. Junio ser\u00e1 un mes\u00a0cargado de m\u00fasica, con presentaciones de artistas nacionales e internacionales de rock, reggaeton y varios g\u00e9neros m\u00e1s. Desde\u00a0Tini, Karina La Princesita y Wisin y Yandel\u2026","rel":"","context":"En \u00abSin categor\u00eda\u00bb","block_context":{"text":"Sin categor\u00eda","link":"https:\/\/1005.com.ar\/index.php\/category\/sin-categoria\/"},"img":{"alt_text":"","src":"https:\/\/i0.wp.com\/1005.com.ar\/wp-content\/uploads\/2022\/06\/540182-wy-20-20abel-20pintos.webp?resize=350%2C200&ssl=1","width":350,"height":200,"srcset":"https:\/\/i0.wp.com\/1005.com.ar\/wp-content\/uploads\/2022\/06\/540182-wy-20-20abel-20pintos.webp?resize=350%2C200&ssl=1 1x, https:\/\/i0.wp.com\/1005.com.ar\/wp-content\/uploads\/2022\/06\/540182-wy-20-20abel-20pintos.webp?resize=525%2C300&ssl=1 1.5x, https:\/\/i0.wp.com\/1005.com.ar\/wp-content\/uploads\/2022\/06\/540182-wy-20-20abel-20pintos.webp?resize=700%2C400&ssl=1 2x"},"classes":[]},{"id":2063,"url":"https:\/\/1005.com.ar\/index.php\/2021\/06\/07\/inauguran-una-muestra-virtual-con-fotos-amateurs-de-recitales-de-los-80-y-los-90\/","url_meta":{"origin":6866,"position":2},"title":"Inauguran una muestra virtual con fotos amateurs de recitales de los &#8217;80 y los &#8217;90","author":"Radio Music","date":"junio 7, 2021","format":false,"excerpt":"El sitio web\u00a0Divagario\u00a0acaba de habilitar su espacio virtual a la muestra \u201cProhibido ingresar con c\u00e1maras fotogr\u00e1ficas\u201d. Se trata de una exposici\u00f3n online de fotos in\u00e9ditas tomadas a m\u00fasicos argentinos -con epicentro en el rock- por\u00a0dos fot\u00f3grafos \u201camateurs\u201d\u00a0durante las d\u00e9cadas del '80 y del '90. El material -perteneciente a\u00a0Gabriel Patrono y\u2026","rel":"","context":"En \u00abSin categor\u00eda\u00bb","block_context":{"text":"Sin categor\u00eda","link":"https:\/\/1005.com.ar\/index.php\/category\/sin-categoria\/"},"img":{"alt_text":"","src":"","width":0,"height":0},"classes":[]},{"id":3378,"url":"https:\/\/1005.com.ar\/index.php\/2022\/08\/24\/comienza-el-foro-internacional-por-el-fomento-del-libro-y-la-lectura\/","url_meta":{"origin":6866,"position":3},"title":"Comienza el Foro Internacional por el Fomento del Libro y la Lectura","author":"Julieta Di Rocco","date":"agosto 24, 2022","format":false,"excerpt":"Hasta el viernes, la capital chaque\u00f1a recibir\u00e1 a escritores y especialistas del pa\u00eds y el mundo. La conferencia de apertura la dar\u00e1\u00a0Samantha Schweblin. https:\/\/www.pagina12.com.ar\/475774-comienza-el-foro-internacional-por-el-fomento-del-libro-y-la","rel":"","context":"En \u00abSin categor\u00eda\u00bb","block_context":{"text":"Sin categor\u00eda","link":"https:\/\/1005.com.ar\/index.php\/category\/sin-categoria\/"},"img":{"alt_text":"","src":"https:\/\/i0.wp.com\/1005.com.ar\/wp-content\/uploads\/2022\/08\/619917-39-a.jpg?resize=350%2C200&ssl=1","width":350,"height":200,"srcset":"https:\/\/i0.wp.com\/1005.com.ar\/wp-content\/uploads\/2022\/08\/619917-39-a.jpg?resize=350%2C200&ssl=1 1x, https:\/\/i0.wp.com\/1005.com.ar\/wp-content\/uploads\/2022\/08\/619917-39-a.jpg?resize=525%2C300&ssl=1 1.5x, https:\/\/i0.wp.com\/1005.com.ar\/wp-content\/uploads\/2022\/08\/619917-39-a.jpg?resize=700%2C400&ssl=1 2x"},"classes":[]},{"id":4095,"url":"https:\/\/1005.com.ar\/index.php\/2023\/05\/08\/de-la-gioconda-a-la-eta-un-abanico-de-propuestas-en-la-jornada-mas-multitudinaria-de-la-feria-del-libro\/","url_meta":{"origin":6866,"position":4},"title":"De La Gioconda a la ETA, un abanico de propuestas en la jornada m\u00e1s multitudinaria de la Feria del Libro","author":"Julieta Di Rocco","date":"mayo 8, 2023","format":false,"excerpt":"https:\/\/www.lanacion.com.ar\/cultura\/de-la-gioconda-a-la-eta-un-abanico-de-propuestas-en-la-jornada-mas-multitudinaria-de-la-feria-del-nid06052023\/","rel":"","context":"En \u00abSin categor\u00eda\u00bb","block_context":{"text":"Sin categor\u00eda","link":"https:\/\/1005.com.ar\/index.php\/category\/sin-categoria\/"},"img":{"alt_text":"","src":"","width":0,"height":0},"classes":[]},{"id":6641,"url":"https:\/\/1005.com.ar\/index.php\/2026\/01\/13\/arraso-con-todo-asi-se-vivio-el-meteotsunami-en-santa-clara\/","url_meta":{"origin":6866,"position":5},"title":"\u201cArras\u00f3 con todo\u201d: as\u00ed se vivi\u00f3 el meteotsunami en Santa Clara","author":"Julieta Di Rocco","date":"enero 13, 2026","format":false,"excerpt":"La ola gigante que sacudi\u00f3 a la Costa Atl\u00e1ntica","rel":"","context":"En \u00abSin categor\u00eda\u00bb","block_context":{"text":"Sin categor\u00eda","link":"https:\/\/1005.com.ar\/index.php\/category\/sin-categoria\/"},"img":{"alt_text":"","src":"https:\/\/1005.com.ar\/wp-content\/uploads\/2026\/01\/U4RZLC3P2NBXFK55R4QDLBBKUI.avif","width":350,"height":200,"srcset":"https:\/\/1005.com.ar\/wp-content\/uploads\/2026\/01\/U4RZLC3P2NBXFK55R4QDLBBKUI.avif 1x, https:\/\/1005.com.ar\/wp-content\/uploads\/2026\/01\/U4RZLC3P2NBXFK55R4QDLBBKUI.avif 1.5x, https:\/\/1005.com.ar\/wp-content\/uploads\/2026\/01\/U4RZLC3P2NBXFK55R4QDLBBKUI.avif 2x, https:\/\/1005.com.ar\/wp-content\/uploads\/2026\/01\/U4RZLC3P2NBXFK55R4QDLBBKUI.avif 3x, https:\/\/1005.com.ar\/wp-content\/uploads\/2026\/01\/U4RZLC3P2NBXFK55R4QDLBBKUI.avif 4x"},"classes":[]}],"jetpack_likes_enabled":true,"jetpack_sharing_enabled":true,"_links":{"self":[{"href":"https:\/\/1005.com.ar\/index.php\/wp-json\/wp\/v2\/posts\/6866","targetHints":{"allow":["GET"]}}],"collection":[{"href":"https:\/\/1005.com.ar\/index.php\/wp-json\/wp\/v2\/posts"}],"about":[{"href":"https:\/\/1005.com.ar\/index.php\/wp-json\/wp\/v2\/types\/post"}],"author":[{"embeddable":true,"href":"https:\/\/1005.com.ar\/index.php\/wp-json\/wp\/v2\/users\/7"}],"replies":[{"embeddable":true,"href":"https:\/\/1005.com.ar\/index.php\/wp-json\/wp\/v2\/comments?post=6866"}],"version-history":[{"count":1,"href":"https:\/\/1005.com.ar\/index.php\/wp-json\/wp\/v2\/posts\/6866\/revisions"}],"predecessor-version":[{"id":6868,"href":"https:\/\/1005.com.ar\/index.php\/wp-json\/wp\/v2\/posts\/6866\/revisions\/6868"}],"wp:featuredmedia":[{"embeddable":true,"href":"https:\/\/1005.com.ar\/index.php\/wp-json\/wp\/v2\/media\/6867"}],"wp:attachment":[{"href":"https:\/\/1005.com.ar\/index.php\/wp-json\/wp\/v2\/media?parent=6866"}],"wp:term":[{"taxonomy":"category","embeddable":true,"href":"https:\/\/1005.com.ar\/index.php\/wp-json\/wp\/v2\/categories?post=6866"},{"taxonomy":"post_tag","embeddable":true,"href":"https:\/\/1005.com.ar\/index.php\/wp-json\/wp\/v2\/tags?post=6866"}],"curies":[{"name":"wp","href":"https:\/\/api.w.org\/{rel}","templated":true}]}}