{"id":6863,"date":"2026-04-26T11:58:07","date_gmt":"2026-04-26T14:58:07","guid":{"rendered":"https:\/\/1005.com.ar\/?p=6863"},"modified":"2026-04-26T11:58:09","modified_gmt":"2026-04-26T14:58:09","slug":"y-vos-que-haces-la-pregunta-que-paraliza-a-millones-despues-de-jubilarse-y-que-nadie-ensena-a-responder","status":"publish","type":"post","link":"https:\/\/1005.com.ar\/index.php\/2026\/04\/26\/y-vos-que-haces-la-pregunta-que-paraliza-a-millones-despues-de-jubilarse-y-que-nadie-ensena-a-responder\/","title":{"rendered":"\u201c\u00bfY vos, qu\u00e9 hac\u00e9s?\u201d: la pregunta que paraliza a millones despu\u00e9s de jubilarse y que nadie ense\u00f1a a responder"},"content":{"rendered":"\n<p><a href=\"https:\/\/www.infobae.com\/sociedad\/2026\/04\/26\/y-vos-que-haces-la-pregunta-que-paraliza-a-millones-despues-de-jubilarse-y-que-nadie-ensena-a-responder\">https:\/\/www.infobae.com\/sociedad\/2026\/04\/26\/y-vos-que-haces-la-pregunta-que-paraliza-a-millones-despues-de-jubilarse-y-que-nadie-ensena-a-responder<\/a><\/p>\n","protected":false},"excerpt":{"rendered":"<p>https:\/\/www.infobae.com\/sociedad\/2026\/04\/26\/y-vos-que-haces-la-pregunta-que-paraliza-a-millones-despues-de-jubilarse-y-que-nadie-ensena-a-responder<\/p>\n","protected":false},"author":7,"featured_media":6864,"comment_status":"closed","ping_status":"closed","sticky":false,"template":"","format":"standard","meta":{"jetpack_post_was_ever_published":false,"_jetpack_newsletter_access":"","_jetpack_dont_email_post_to_subs":false,"_jetpack_newsletter_tier_id":0,"_jetpack_memberships_contains_paywalled_content":false,"_jetpack_memberships_contains_paid_content":false,"footnotes":"","jetpack_publicize_message":"","jetpack_publicize_feature_enabled":true,"jetpack_social_post_already_shared":true,"jetpack_social_options":{"image_generator_settings":{"template":"highway","default_image_id":0,"font":"","enabled":false},"version":2}},"categories":[1],"tags":[],"class_list":["post-6863","post","type-post","status-publish","format-standard","has-post-thumbnail","hentry","category-sin-categoria"],"jetpack_publicize_connections":[],"jetpack_featured_media_url":"https:\/\/1005.com.ar\/wp-content\/uploads\/2026\/04\/G6PQ54Y7MFF35CCG555E6KDJE4.avif","jetpack-related-posts":[{"id":5020,"url":"https:\/\/1005.com.ar\/index.php\/2024\/04\/27\/jubilarse-sera-mas-dificil-para-las-mujeres\/","url_meta":{"origin":6863,"position":0},"title":"Jubilarse ser\u00e1 m\u00e1s dif\u00edcil para las mujeres","author":"Julieta Di Rocco","date":"abril 27, 2024","format":false,"excerpt":"La aprobaci\u00f3n de la Ley Bases marcar\u00eda el fin de la moratoria previsional https:\/\/www.pagina12.com.ar\/732175-jubilarse-sera-mas-dificil-para-las-mujeres","rel":"","context":"En \u00abSin categor\u00eda\u00bb","block_context":{"text":"Sin categor\u00eda","link":"https:\/\/1005.com.ar\/index.php\/category\/sin-categoria\/"},"img":{"alt_text":"","src":"https:\/\/i0.wp.com\/1005.com.ar\/wp-content\/uploads\/2024\/04\/834747-whatsapp-20image-202024-04-26-20at-2017-41-21.jpeg?resize=350%2C200&ssl=1","width":350,"height":200,"srcset":"https:\/\/i0.wp.com\/1005.com.ar\/wp-content\/uploads\/2024\/04\/834747-whatsapp-20image-202024-04-26-20at-2017-41-21.jpeg?resize=350%2C200&ssl=1 1x, https:\/\/i0.wp.com\/1005.com.ar\/wp-content\/uploads\/2024\/04\/834747-whatsapp-20image-202024-04-26-20at-2017-41-21.jpeg?resize=525%2C300&ssl=1 1.5x, https:\/\/i0.wp.com\/1005.com.ar\/wp-content\/uploads\/2024\/04\/834747-whatsapp-20image-202024-04-26-20at-2017-41-21.jpeg?resize=700%2C400&ssl=1 2x"},"classes":[]},{"id":1450,"url":"https:\/\/1005.com.ar\/index.php\/2021\/02\/03\/un-ano-y-dos-millones-de-muertes-despues-del-inicio-de-la-pandemia-de-coronavirus-la-oms-logra-acceder-en-china-a-datos-que-nadie-habia-visto-antes\/","url_meta":{"origin":6863,"position":1},"title":"Un a\u00f1o y dos millones de muertes despu\u00e9s del inicio de la pandemia de coronavirus, la OMS logra acceder en China a datos \u201cque nadie hab\u00eda visto antes\u201d","author":"Radio Music","date":"febrero 3, 2021","format":false,"excerpt":"Los especialistas visitaron el Instituto de Virolog\u00eda de Wuhan y no descartaron que el virus se haya escapado de un laboratorio. Adem\u00e1s tuvieron \u201cun encuentro interesante\u201d con la vir\u00f3loga Shi Zhengli, experta en enfermedades procedentes de murci\u00e9lagos","rel":"","context":"En \u00abSin categor\u00eda\u00bb","block_context":{"text":"Sin categor\u00eda","link":"https:\/\/1005.com.ar\/index.php\/category\/sin-categoria\/"},"img":{"alt_text":"","src":"","width":0,"height":0},"classes":[]},{"id":1892,"url":"https:\/\/1005.com.ar\/index.php\/2021\/04\/01\/la-nueva-vida-de-susan-boyle-la-mujer-que-emociono-al-mundo-con-su-voz-termino-en-un-psiquiatrico-y-gano-35-millones-de-euros\/","url_meta":{"origin":6863,"position":2},"title":"La nueva vida de Susan Boyle, la mujer que emocion\u00f3 al mundo con su voz, termin\u00f3 en un psiqui\u00e1trico y gan\u00f3 35 millones de euros","author":"Radio Music","date":"abril 1, 2021","format":false,"excerpt":"Entr\u00f3 al escenario caminando r\u00e1pido sobre sus taquitos color beige, enfundada en un vestido al tono, sin dise\u00f1o ni estridencias. Nadie le prest\u00f3 mucha atenci\u00f3n. Susan Boyle\u00a0parec\u00eda m\u00e1s grande que sus 47 a\u00f1os. Llevaba el pelo desprolijo, ten\u00eda unas cejas espesas instaladas debajo de su frente y su robusta figura\u2026","rel":"","context":"En \u00abSin categor\u00eda\u00bb","block_context":{"text":"Sin categor\u00eda","link":"https:\/\/1005.com.ar\/index.php\/category\/sin-categoria\/"},"img":{"alt_text":"","src":"https:\/\/i0.wp.com\/1005.com.ar\/wp-content\/uploads\/2021\/04\/PCRNVCOFW5EYPA53QUJXK6Q2OQ.jpg?resize=350%2C200&ssl=1","width":350,"height":200,"srcset":"https:\/\/i0.wp.com\/1005.com.ar\/wp-content\/uploads\/2021\/04\/PCRNVCOFW5EYPA53QUJXK6Q2OQ.jpg?resize=350%2C200&ssl=1 1x, https:\/\/i0.wp.com\/1005.com.ar\/wp-content\/uploads\/2021\/04\/PCRNVCOFW5EYPA53QUJXK6Q2OQ.jpg?resize=525%2C300&ssl=1 1.5x, https:\/\/i0.wp.com\/1005.com.ar\/wp-content\/uploads\/2021\/04\/PCRNVCOFW5EYPA53QUJXK6Q2OQ.jpg?resize=700%2C400&ssl=1 2x"},"classes":[]},{"id":1853,"url":"https:\/\/1005.com.ar\/index.php\/2021\/03\/26\/aterrizo-el-avion-de-aerolineas-argentinas-con-370-mil-dosis-de-sputnik-v\/","url_meta":{"origin":6863,"position":3},"title":"Aterriz\u00f3 el avi\u00f3n de Aerol\u00edneas Argentinas con 370 mil dosis de Sputnik V","author":"Radio Music","date":"marzo 26, 2021","format":false,"excerpt":"El avi\u00f3n de Aerolineas Argentinas que lleg\u00f3 en la tarde de este viernes trajo 370 mil dosis 1 de la Sputnik V, con lo que Argentina totaliza 5.249.000 vacunas recibidas.\u00a0El pr\u00f3ximo embarque llega el domingo a las 7 de la ma\u00f1ana, proveniente de Pa\u00edses Bajos, con 218.400 dosis de la\u2026","rel":"","context":"En \u00abSin categor\u00eda\u00bb","block_context":{"text":"Sin categor\u00eda","link":"https:\/\/1005.com.ar\/index.php\/category\/sin-categoria\/"},"img":{"alt_text":"","src":"","width":0,"height":0},"classes":[]},{"id":2017,"url":"https:\/\/1005.com.ar\/index.php\/2021\/05\/18\/vladimir-putin-anuncio-la-regularizacion-de-los-envios-de-sputnik-v-a-la-argentina\/","url_meta":{"origin":6863,"position":4},"title":"Vladimir Putin anunci\u00f3 la regularizaci\u00f3n de los env\u00edos de Sputnik V a la Argentina","author":"Radio Music","date":"mayo 18, 2021","format":false,"excerpt":"Mientras en Mosc\u00fa dan por casi confirmado un nuevo vuelo de Aerol\u00edneas Argentinas a buscar vacunas, el presidente ruso,\u00a0Vladimir Putin, anunci\u00f3 este martes en Mosc\u00fa que\u00a0se han establecido suministros regulares de vacunas contra el coronavirus para ciudadanos argentinos y se est\u00e1 discutiendo el tema de la producci\u00f3n local. De esta\u2026","rel":"","context":"En \u00abSin categor\u00eda\u00bb","block_context":{"text":"Sin categor\u00eda","link":"https:\/\/1005.com.ar\/index.php\/category\/sin-categoria\/"},"img":{"alt_text":"","src":"","width":0,"height":0},"classes":[]},{"id":3904,"url":"https:\/\/1005.com.ar\/index.php\/2023\/02\/18\/polemica-en-los-8-escalones-le-hicieron-una-pregunta-cuestiono-la-respuesta-y-hubo-tension-en-vivo\/","url_meta":{"origin":6863,"position":5},"title":"Pol\u00e9mica en Los 8 escalones: le hicieron una pregunta, cuestion\u00f3 la respuesta y hubo tensi\u00f3n en vivo","author":"Julieta Di Rocco","date":"febrero 18, 2023","format":false,"excerpt":"El participante se mostr\u00f3 inconforme con c\u00f3mo lo calificaron y tuvo un imprevisto intercambio con Guido Kaczka; por primera vez en la historia del programa tuvieron que aplicar el \u201cVAR\u201d https:\/\/www.lanacion.com.ar\/espectaculos\/polemica-en-los-8-escalones-le-hicieron-una-pregunta-cuestiono-la-respuesta-y-hubo-tension-en-vivo-nid17022023\/","rel":"","context":"En \u00abSin categor\u00eda\u00bb","block_context":{"text":"Sin categor\u00eda","link":"https:\/\/1005.com.ar\/index.php\/category\/sin-categoria\/"},"img":{"alt_text":"","src":"","width":0,"height":0},"classes":[]}],"jetpack_likes_enabled":true,"jetpack_sharing_enabled":true,"_links":{"self":[{"href":"https:\/\/1005.com.ar\/index.php\/wp-json\/wp\/v2\/posts\/6863","targetHints":{"allow":["GET"]}}],"collection":[{"href":"https:\/\/1005.com.ar\/index.php\/wp-json\/wp\/v2\/posts"}],"about":[{"href":"https:\/\/1005.com.ar\/index.php\/wp-json\/wp\/v2\/types\/post"}],"author":[{"embeddable":true,"href":"https:\/\/1005.com.ar\/index.php\/wp-json\/wp\/v2\/users\/7"}],"replies":[{"embeddable":true,"href":"https:\/\/1005.com.ar\/index.php\/wp-json\/wp\/v2\/comments?post=6863"}],"version-history":[{"count":1,"href":"https:\/\/1005.com.ar\/index.php\/wp-json\/wp\/v2\/posts\/6863\/revisions"}],"predecessor-version":[{"id":6865,"href":"https:\/\/1005.com.ar\/index.php\/wp-json\/wp\/v2\/posts\/6863\/revisions\/6865"}],"wp:featuredmedia":[{"embeddable":true,"href":"https:\/\/1005.com.ar\/index.php\/wp-json\/wp\/v2\/media\/6864"}],"wp:attachment":[{"href":"https:\/\/1005.com.ar\/index.php\/wp-json\/wp\/v2\/media?parent=6863"}],"wp:term":[{"taxonomy":"category","embeddable":true,"href":"https:\/\/1005.com.ar\/index.php\/wp-json\/wp\/v2\/categories?post=6863"},{"taxonomy":"post_tag","embeddable":true,"href":"https:\/\/1005.com.ar\/index.php\/wp-json\/wp\/v2\/tags?post=6863"}],"curies":[{"name":"wp","href":"https:\/\/api.w.org\/{rel}","templated":true}]}}