{"id":6747,"date":"2026-03-01T11:43:48","date_gmt":"2026-03-01T14:43:48","guid":{"rendered":"https:\/\/1005.com.ar\/?p=6747"},"modified":"2026-03-01T11:43:50","modified_gmt":"2026-03-01T14:43:50","slug":"caida-de-pelo-que-es-la-famosa-epoca-de-la-berenjena-y-cuando-deberia-preocuparte","status":"publish","type":"post","link":"https:\/\/1005.com.ar\/index.php\/2026\/03\/01\/caida-de-pelo-que-es-la-famosa-epoca-de-la-berenjena-y-cuando-deberia-preocuparte\/","title":{"rendered":"Ca\u00edda de pelo: qu\u00e9 es la famosa \u201c\u00e9poca de la berenjena\u201d y cu\u00e1ndo deber\u00eda preocuparte"},"content":{"rendered":"\n<p><a href=\"https:\/\/www.somosohlala.com\/belleza\/caida-de-pelo-que-es-la-famosa-epoca-de-la-berenjena-y-cuando-deberia-preocuparte-nid06022026\">https:\/\/www.somosohlala.com\/belleza\/caida-de-pelo-que-es-la-famosa-epoca-de-la-berenjena-y-cuando-deberia-preocuparte-nid06022026<\/a><\/p>\n","protected":false},"excerpt":{"rendered":"<p>https:\/\/www.somosohlala.com\/belleza\/caida-de-pelo-que-es-la-famosa-epoca-de-la-berenjena-y-cuando-deberia-preocuparte-nid06022026<\/p>\n","protected":false},"author":7,"featured_media":6748,"comment_status":"closed","ping_status":"closed","sticky":false,"template":"","format":"standard","meta":{"jetpack_post_was_ever_published":false,"_jetpack_newsletter_access":"","_jetpack_dont_email_post_to_subs":false,"_jetpack_newsletter_tier_id":0,"_jetpack_memberships_contains_paywalled_content":false,"_jetpack_memberships_contains_paid_content":false,"footnotes":"","jetpack_publicize_message":"","jetpack_publicize_feature_enabled":true,"jetpack_social_post_already_shared":true,"jetpack_social_options":{"image_generator_settings":{"template":"highway","default_image_id":0,"font":"","enabled":false},"version":2}},"categories":[1],"tags":[],"class_list":["post-6747","post","type-post","status-publish","format-standard","has-post-thumbnail","hentry","category-sin-categoria"],"jetpack_publicize_connections":[],"jetpack_featured_media_url":"https:\/\/1005.com.ar\/wp-content\/uploads\/2026\/03\/gettyimages-1464349248.jpg.webp","jetpack-related-posts":[{"id":3966,"url":"https:\/\/1005.com.ar\/index.php\/2023\/03\/10\/se-enamoro-de-nueva-york-viajo-17-veces-y-es-famosa-en-redes-por-contar-secretos-de-la-ciudad\/","url_meta":{"origin":6747,"position":0},"title":"Se enamor\u00f3 de Nueva York, viaj\u00f3 17 veces y es famosa en redes por contar secretos de la ciudad","author":"Julieta Di Rocco","date":"marzo 10, 2023","format":false,"excerpt":"https:\/\/tn.com.ar\/sociedad\/2023\/03\/10\/cumplio-el-sueno-de-conocer-nueva-york-viajo-17-veces-y-es-famosa-en-redes-por-contar-secretos-de-la-ciudad\/","rel":"","context":"En \u00abSin categor\u00eda\u00bb","block_context":{"text":"Sin categor\u00eda","link":"https:\/\/1005.com.ar\/index.php\/category\/sin-categoria\/"},"img":{"alt_text":"","src":"","width":0,"height":0},"classes":[]},{"id":5066,"url":"https:\/\/1005.com.ar\/index.php\/2024\/05\/05\/esta-es-la-velocidad-a-la-que-deberia-caminar-para-prevenir-la-hipertension-segun-harvard\/","url_meta":{"origin":6747,"position":1},"title":"Esta es la velocidad a la que deber\u00eda caminar para prevenir la hipertensi\u00f3n, seg\u00fan Harvard","author":"Julieta Di Rocco","date":"mayo 5, 2024","format":false,"excerpt":"https:\/\/www.lanacion.com.ar\/salud\/fitness\/esta-es-la-velocidad-a-la-que-deberia-caminar-para-prevenir-la-hipertension-segun-harvard-nid01052024","rel":"","context":"En \u00abSin categor\u00eda\u00bb","block_context":{"text":"Sin categor\u00eda","link":"https:\/\/1005.com.ar\/index.php\/category\/sin-categoria\/"},"img":{"alt_text":"","src":"https:\/\/1005.com.ar\/wp-content\/uploads\/2024\/05\/se-recomienda-utilizar-la-escala-de-tasa-de-WWKYW4K2CBFBLCIVOZIL3N767A.avif","width":350,"height":200,"srcset":"https:\/\/1005.com.ar\/wp-content\/uploads\/2024\/05\/se-recomienda-utilizar-la-escala-de-tasa-de-WWKYW4K2CBFBLCIVOZIL3N767A.avif 1x, https:\/\/1005.com.ar\/wp-content\/uploads\/2024\/05\/se-recomienda-utilizar-la-escala-de-tasa-de-WWKYW4K2CBFBLCIVOZIL3N767A.avif 1.5x, https:\/\/1005.com.ar\/wp-content\/uploads\/2024\/05\/se-recomienda-utilizar-la-escala-de-tasa-de-WWKYW4K2CBFBLCIVOZIL3N767A.avif 2x"},"classes":[]},{"id":5004,"url":"https:\/\/1005.com.ar\/index.php\/2024\/04\/24\/la-actividad-economica-sigue-en-caida-libre\/","url_meta":{"origin":6747,"position":2},"title":"La actividad econ\u00f3mica sigue en ca\u00edda libre","author":"Julieta Di Rocco","date":"abril 24, 2024","format":false,"excerpt":"https:\/\/diariohoy.net\/politica\/la-actividad-economica-sigue-en-caida-libre-254494","rel":"","context":"En \u00abSin categor\u00eda\u00bb","block_context":{"text":"Sin categor\u00eda","link":"https:\/\/1005.com.ar\/index.php\/category\/sin-categoria\/"},"img":{"alt_text":"","src":"https:\/\/i0.wp.com\/1005.com.ar\/wp-content\/uploads\/2024\/04\/0000492780.jpg?resize=350%2C200&ssl=1","width":350,"height":200,"srcset":"https:\/\/i0.wp.com\/1005.com.ar\/wp-content\/uploads\/2024\/04\/0000492780.jpg?resize=350%2C200&ssl=1 1x, https:\/\/i0.wp.com\/1005.com.ar\/wp-content\/uploads\/2024\/04\/0000492780.jpg?resize=525%2C300&ssl=1 1.5x, https:\/\/i0.wp.com\/1005.com.ar\/wp-content\/uploads\/2024\/04\/0000492780.jpg?resize=700%2C400&ssl=1 2x, https:\/\/i0.wp.com\/1005.com.ar\/wp-content\/uploads\/2024\/04\/0000492780.jpg?resize=1050%2C600&ssl=1 3x, https:\/\/i0.wp.com\/1005.com.ar\/wp-content\/uploads\/2024\/04\/0000492780.jpg?resize=1400%2C800&ssl=1 4x"},"classes":[]},{"id":5321,"url":"https:\/\/1005.com.ar\/index.php\/2024\/07\/09\/rubro-por-rubro-los-numeros-de-la-drastica-caida-de-consumo\/","url_meta":{"origin":6747,"position":3},"title":"Rubro por rubro: los n\u00fameros de la dr\u00e1stica ca\u00edda de consumo","author":"Julieta Di Rocco","date":"julio 9, 2024","format":false,"excerpt":"https:\/\/www.eldia.com\/nota\/2024-7-9-17-16-0-rubro-por-rubro-los-numeros-de-la-drastica-caida-del-consumo-la-ciudad","rel":"","context":"En \u00abSin categor\u00eda\u00bb","block_context":{"text":"Sin categor\u00eda","link":"https:\/\/1005.com.ar\/index.php\/category\/sin-categoria\/"},"img":{"alt_text":"","src":"https:\/\/i0.wp.com\/1005.com.ar\/wp-content\/uploads\/2024\/07\/1720557248768.jpg?resize=350%2C200&ssl=1","width":350,"height":200,"srcset":"https:\/\/i0.wp.com\/1005.com.ar\/wp-content\/uploads\/2024\/07\/1720557248768.jpg?resize=350%2C200&ssl=1 1x, https:\/\/i0.wp.com\/1005.com.ar\/wp-content\/uploads\/2024\/07\/1720557248768.jpg?resize=525%2C300&ssl=1 1.5x, https:\/\/i0.wp.com\/1005.com.ar\/wp-content\/uploads\/2024\/07\/1720557248768.jpg?resize=700%2C400&ssl=1 2x, https:\/\/i0.wp.com\/1005.com.ar\/wp-content\/uploads\/2024\/07\/1720557248768.jpg?resize=1050%2C600&ssl=1 3x, https:\/\/i0.wp.com\/1005.com.ar\/wp-content\/uploads\/2024\/07\/1720557248768.jpg?resize=1400%2C800&ssl=1 4x"},"classes":[]},{"id":6029,"url":"https:\/\/1005.com.ar\/index.php\/2025\/05\/16\/alerta-roja-por-tormentas-en-buenos-aires-inundaciones-y-destrozos-por-caida-de-granizo-en-varios-municipios\/","url_meta":{"origin":6747,"position":4},"title":"Alerta roja por tormentas en Buenos Aires: inundaciones y destrozos por ca\u00edda de granizo en varios municipios","author":"Julieta Di Rocco","date":"mayo 16, 2025","format":false,"excerpt":"","rel":"","context":"En \u00abSin categor\u00eda\u00bb","block_context":{"text":"Sin categor\u00eda","link":"https:\/\/1005.com.ar\/index.php\/category\/sin-categoria\/"},"img":{"alt_text":"","src":"https:\/\/i0.wp.com\/1005.com.ar\/wp-content\/uploads\/2025\/05\/images-2.jpg?resize=350%2C200&ssl=1","width":350,"height":200},"classes":[]},{"id":1856,"url":"https:\/\/1005.com.ar\/index.php\/2021\/03\/26\/casi-6-por-ciento-de-alza-en-escrituras\/","url_meta":{"origin":6747,"position":5},"title":"Casi 6 por ciento de alza en escrituras","author":"Radio Music","date":"marzo 26, 2021","format":false,"excerpt":"El total de operaciones de compraventa de inmuebles registr\u00f3 en febrero pasado una suba de 5,8 por ciento en la ciudad de Buenos Aires respecto de igual mes del a\u00f1o pasado, de acuerdo con un informe del\u00a0Colegio de Escribanos porte\u00f1o. \u201cSi tenemos un dato levemente alentador es que en los\u2026","rel":"","context":"En \u00abSin categor\u00eda\u00bb","block_context":{"text":"Sin categor\u00eda","link":"https:\/\/1005.com.ar\/index.php\/category\/sin-categoria\/"},"img":{"alt_text":"","src":"","width":0,"height":0},"classes":[]}],"jetpack_likes_enabled":true,"jetpack_sharing_enabled":true,"_links":{"self":[{"href":"https:\/\/1005.com.ar\/index.php\/wp-json\/wp\/v2\/posts\/6747","targetHints":{"allow":["GET"]}}],"collection":[{"href":"https:\/\/1005.com.ar\/index.php\/wp-json\/wp\/v2\/posts"}],"about":[{"href":"https:\/\/1005.com.ar\/index.php\/wp-json\/wp\/v2\/types\/post"}],"author":[{"embeddable":true,"href":"https:\/\/1005.com.ar\/index.php\/wp-json\/wp\/v2\/users\/7"}],"replies":[{"embeddable":true,"href":"https:\/\/1005.com.ar\/index.php\/wp-json\/wp\/v2\/comments?post=6747"}],"version-history":[{"count":1,"href":"https:\/\/1005.com.ar\/index.php\/wp-json\/wp\/v2\/posts\/6747\/revisions"}],"predecessor-version":[{"id":6749,"href":"https:\/\/1005.com.ar\/index.php\/wp-json\/wp\/v2\/posts\/6747\/revisions\/6749"}],"wp:featuredmedia":[{"embeddable":true,"href":"https:\/\/1005.com.ar\/index.php\/wp-json\/wp\/v2\/media\/6748"}],"wp:attachment":[{"href":"https:\/\/1005.com.ar\/index.php\/wp-json\/wp\/v2\/media?parent=6747"}],"wp:term":[{"taxonomy":"category","embeddable":true,"href":"https:\/\/1005.com.ar\/index.php\/wp-json\/wp\/v2\/categories?post=6747"},{"taxonomy":"post_tag","embeddable":true,"href":"https:\/\/1005.com.ar\/index.php\/wp-json\/wp\/v2\/tags?post=6747"}],"curies":[{"name":"wp","href":"https:\/\/api.w.org\/{rel}","templated":true}]}}