{"id":6744,"date":"2026-03-01T11:38:26","date_gmt":"2026-03-01T14:38:26","guid":{"rendered":"https:\/\/1005.com.ar\/?p=6744"},"modified":"2026-03-01T11:38:28","modified_gmt":"2026-03-01T14:38:28","slug":"el-rumbo-de-boca-no-se-define-y-suma-cuatro-partidos-sin-ganar","status":"publish","type":"post","link":"https:\/\/1005.com.ar\/index.php\/2026\/03\/01\/el-rumbo-de-boca-no-se-define-y-suma-cuatro-partidos-sin-ganar\/","title":{"rendered":"El rumbo de Boca no se define y suma cuatro partidos sin ganar"},"content":{"rendered":"\n<p><a href=\"https:\/\/www.pagina12.com.ar\/2026\/02\/28\/el-rumbo-de-boca-no-se-define-y-suma-cuatro-partidos-sin-ganar\">https:\/\/www.pagina12.com.ar\/2026\/02\/28\/el-rumbo-de-boca-no-se-define-y-suma-cuatro-partidos-sin-ganar<\/a><\/p>\n","protected":false},"excerpt":{"rendered":"<p>https:\/\/www.pagina12.com.ar\/2026\/02\/28\/el-rumbo-de-boca-no-se-define-y-suma-cuatro-partidos-sin-ganar<\/p>\n","protected":false},"author":7,"featured_media":6745,"comment_status":"closed","ping_status":"closed","sticky":false,"template":"","format":"standard","meta":{"jetpack_post_was_ever_published":false,"_jetpack_newsletter_access":"","_jetpack_dont_email_post_to_subs":false,"_jetpack_newsletter_tier_id":0,"_jetpack_memberships_contains_paywalled_content":false,"_jetpack_memberships_contains_paid_content":false,"footnotes":"","jetpack_publicize_message":"","jetpack_publicize_feature_enabled":true,"jetpack_social_post_already_shared":true,"jetpack_social_options":{"image_generator_settings":{"template":"highway","default_image_id":0,"font":"","enabled":false},"version":2}},"categories":[1],"tags":[],"class_list":["post-6744","post","type-post","status-publish","format-standard","has-post-thumbnail","hentry","category-sin-categoria"],"jetpack_publicize_connections":[],"jetpack_featured_media_url":"https:\/\/1005.com.ar\/wp-content\/uploads\/2026\/03\/4B3IV2TWSJBO7AIYB6RASIYCKA.avif","jetpack-related-posts":[{"id":3547,"url":"https:\/\/1005.com.ar\/index.php\/2022\/10\/28\/la-hoja-de-ruta-de-messi-a-23-dias-del-mundial-de-qatar-tres-partidos-en-francia-y-una-visita-de-riesgo-a-turin\/","url_meta":{"origin":6744,"position":0},"title":"La hoja de ruta de Messi, a 23 d\u00edas del Mundial de Qatar: tres partidos en Francia y una visita de riesgo a Tur\u00edn","author":"Julieta Di Rocco","date":"octubre 28, 2022","format":false,"excerpt":"Al capit\u00e1n de la Selecci\u00f3n Argentina le quedan cuatro juegos antes de sumarse al equipo de Scaloni. https:\/\/www.clarin.com\/deportes\/hoja-ruta-messi-23-dias-mundial-qatar-partidos-francia-visita-riesgo-turin_0_AUziaLDRtc.html","rel":"","context":"En \u00abSin categor\u00eda\u00bb","block_context":{"text":"Sin categor\u00eda","link":"https:\/\/1005.com.ar\/index.php\/category\/sin-categoria\/"},"img":{"alt_text":"","src":"https:\/\/i0.wp.com\/1005.com.ar\/wp-content\/uploads\/2022\/10\/8Y09oCJt9_1256x620__1.webp?resize=350%2C200&ssl=1","width":350,"height":200,"srcset":"https:\/\/i0.wp.com\/1005.com.ar\/wp-content\/uploads\/2022\/10\/8Y09oCJt9_1256x620__1.webp?resize=350%2C200&ssl=1 1x, https:\/\/i0.wp.com\/1005.com.ar\/wp-content\/uploads\/2022\/10\/8Y09oCJt9_1256x620__1.webp?resize=525%2C300&ssl=1 1.5x, https:\/\/i0.wp.com\/1005.com.ar\/wp-content\/uploads\/2022\/10\/8Y09oCJt9_1256x620__1.webp?resize=700%2C400&ssl=1 2x, https:\/\/i0.wp.com\/1005.com.ar\/wp-content\/uploads\/2022\/10\/8Y09oCJt9_1256x620__1.webp?resize=1050%2C600&ssl=1 3x"},"classes":[]},{"id":4771,"url":"https:\/\/1005.com.ar\/index.php\/2024\/02\/26\/rumbo-al-8m-en-tiempos-del-anarco-capitalismo\/","url_meta":{"origin":6744,"position":1},"title":"Rumbo al 8M en tiempos del anarco-capitalismo","author":"Julieta Di Rocco","date":"febrero 26, 2024","format":false,"excerpt":"https:\/\/www.pagina12.com.ar\/715596-rumbo-al-8-m-en-tiempos-del-anarco-capitalismo","rel":"","context":"En \u00abSin categor\u00eda\u00bb","block_context":{"text":"Sin categor\u00eda","link":"https:\/\/1005.com.ar\/index.php\/category\/sin-categoria\/"},"img":{"alt_text":"","src":"https:\/\/i0.wp.com\/1005.com.ar\/wp-content\/uploads\/2024\/02\/818088-whatsapp-20image-202024-02-25-20at-2017-59-39.jpeg?resize=350%2C200&ssl=1","width":350,"height":200,"srcset":"https:\/\/i0.wp.com\/1005.com.ar\/wp-content\/uploads\/2024\/02\/818088-whatsapp-20image-202024-02-25-20at-2017-59-39.jpeg?resize=350%2C200&ssl=1 1x, https:\/\/i0.wp.com\/1005.com.ar\/wp-content\/uploads\/2024\/02\/818088-whatsapp-20image-202024-02-25-20at-2017-59-39.jpeg?resize=525%2C300&ssl=1 1.5x, https:\/\/i0.wp.com\/1005.com.ar\/wp-content\/uploads\/2024\/02\/818088-whatsapp-20image-202024-02-25-20at-2017-59-39.jpeg?resize=700%2C400&ssl=1 2x"},"classes":[]},{"id":6353,"url":"https:\/\/1005.com.ar\/index.php\/2025\/09\/08\/el-rumbo-no-se-modifica-se-va-a-redoblar\/","url_meta":{"origin":6744,"position":2},"title":"\u00abEl rumbo no se modifica, se va a redoblar\u00bb","author":"Julieta Di Rocco","date":"septiembre 8, 2025","format":false,"excerpt":"C\u00f3mo analiz\u00f3 La Libertad Avanza el duro golpe que recibi\u00f3 en las urnas https:\/\/www.pagina12.com.ar\/856068-el-rumbo-no-se-modifica-se-va-a-redoblar","rel":"","context":"En \u00abSin categor\u00eda\u00bb","block_context":{"text":"Sin categor\u00eda","link":"https:\/\/1005.com.ar\/index.php\/category\/sin-categoria\/"},"img":{"alt_text":"","src":"https:\/\/i0.wp.com\/1005.com.ar\/wp-content\/uploads\/2025\/09\/969970-7-a-enriquegarciamedina.jpg?resize=350%2C200&ssl=1","width":350,"height":200,"srcset":"https:\/\/i0.wp.com\/1005.com.ar\/wp-content\/uploads\/2025\/09\/969970-7-a-enriquegarciamedina.jpg?resize=350%2C200&ssl=1 1x, https:\/\/i0.wp.com\/1005.com.ar\/wp-content\/uploads\/2025\/09\/969970-7-a-enriquegarciamedina.jpg?resize=525%2C300&ssl=1 1.5x, https:\/\/i0.wp.com\/1005.com.ar\/wp-content\/uploads\/2025\/09\/969970-7-a-enriquegarciamedina.jpg?resize=700%2C400&ssl=1 2x"},"classes":[]},{"id":1941,"url":"https:\/\/1005.com.ar\/index.php\/2021\/04\/12\/boca-y-river-debutan-como-visitantes-en-la-copa-libertadores\/","url_meta":{"origin":6744,"position":3},"title":"Boca y River debutan como visitantes en la Copa Libertadores","author":"Radio Music","date":"abril 12, 2021","format":false,"excerpt":"Boca y River debutar\u00e1n como visitantes en la edici\u00f3n 2021 de la Copa Libertadores, mientras que Argentinos ser\u00e1 el primer conjunto nacional en salir a la cancha, de acuerdo a lo establecido por la Conmebol este lunes. Si bien ya se hab\u00edan definido los grupos la semana pasada, en la\u2026","rel":"","context":"En \u00abSin categor\u00eda\u00bb","block_context":{"text":"Sin categor\u00eda","link":"https:\/\/1005.com.ar\/index.php\/category\/sin-categoria\/"},"img":{"alt_text":"","src":"","width":0,"height":0},"classes":[]},{"id":3204,"url":"https:\/\/1005.com.ar\/index.php\/2022\/07\/23\/amenaza-de-bomba-en-un-vuelo-de-aerolineas-argentinas-que-iba-rumbo-a-ushuaia\/","url_meta":{"origin":6744,"position":4},"title":"Amenaza de bomba en un vuelo de Aerol\u00edneas Argentinas que iba rumbo a Ushuaia","author":"Julieta Di Rocco","date":"julio 23, 2022","format":false,"excerpt":"La aeronave, con\u00a0172 pasajeros y 6 miembros de la tripulaci\u00f3n a bordo,\u00a0tuvo que aterrizar de emergencia en Comodoro Rivadavia. Se cancelaron vuelos y hay demoras. https:\/\/www.pagina12.com.ar\/439355-amenaza-de-bomba-en-un-vuelo-de-aerolineas-argentinas-que-ib","rel":"","context":"En \u00abSin categor\u00eda\u00bb","block_context":{"text":"Sin categor\u00eda","link":"https:\/\/1005.com.ar\/index.php\/category\/sin-categoria\/"},"img":{"alt_text":"","src":"https:\/\/i0.wp.com\/1005.com.ar\/wp-content\/uploads\/2022\/07\/591242-42948-vuelo-2520bomba.jpg?resize=350%2C200&ssl=1","width":350,"height":200,"srcset":"https:\/\/i0.wp.com\/1005.com.ar\/wp-content\/uploads\/2022\/07\/591242-42948-vuelo-2520bomba.jpg?resize=350%2C200&ssl=1 1x, https:\/\/i0.wp.com\/1005.com.ar\/wp-content\/uploads\/2022\/07\/591242-42948-vuelo-2520bomba.jpg?resize=525%2C300&ssl=1 1.5x, https:\/\/i0.wp.com\/1005.com.ar\/wp-content\/uploads\/2022\/07\/591242-42948-vuelo-2520bomba.jpg?resize=700%2C400&ssl=1 2x"},"classes":[]},{"id":2446,"url":"https:\/\/1005.com.ar\/index.php\/2021\/12\/08\/deuda-con-el-fmi-alberto-fernandez-agradecio-el-apoyo-de-cristina-kirchner-y-ratifico-el-rumbo-de-las-negociaciones\/","url_meta":{"origin":6744,"position":5},"title":"Deuda con el FMI: Alberto Fern\u00e1ndez agradeci\u00f3 el apoyo de Cristina Kirchner y ratific\u00f3 el rumbo de las negociaciones","author":"Radio Music","date":"diciembre 8, 2021","format":false,"excerpt":"\"Ajustando dejamos afuera a millones de argentinos\", resalt\u00f3 El presidente\u00a0Alberto Fern\u00e1ndez se refiri\u00f3 este mi\u00e9rcoles a las negociaciones con el Fondo Monetario Internacional (FMI) al afirmar que est\u00e1 \"muy seguro\" respecto del rumbo que deben tomar, al tiempo que asegur\u00f3 tener la certeza de que\u00a0es \"el mismo que quiere\" la\u2026","rel":"","context":"En \u00abSin categor\u00eda\u00bb","block_context":{"text":"Sin categor\u00eda","link":"https:\/\/1005.com.ar\/index.php\/category\/sin-categoria\/"},"img":{"alt_text":"","src":"https:\/\/i0.wp.com\/1005.com.ar\/wp-content\/uploads\/2021\/12\/295939-alberto-20fern-c3-a1ndez-20-284-29.jpeg?resize=350%2C200&ssl=1","width":350,"height":200,"srcset":"https:\/\/i0.wp.com\/1005.com.ar\/wp-content\/uploads\/2021\/12\/295939-alberto-20fern-c3-a1ndez-20-284-29.jpeg?resize=350%2C200&ssl=1 1x, https:\/\/i0.wp.com\/1005.com.ar\/wp-content\/uploads\/2021\/12\/295939-alberto-20fern-c3-a1ndez-20-284-29.jpeg?resize=525%2C300&ssl=1 1.5x, https:\/\/i0.wp.com\/1005.com.ar\/wp-content\/uploads\/2021\/12\/295939-alberto-20fern-c3-a1ndez-20-284-29.jpeg?resize=700%2C400&ssl=1 2x"},"classes":[]}],"jetpack_likes_enabled":true,"jetpack_sharing_enabled":true,"_links":{"self":[{"href":"https:\/\/1005.com.ar\/index.php\/wp-json\/wp\/v2\/posts\/6744","targetHints":{"allow":["GET"]}}],"collection":[{"href":"https:\/\/1005.com.ar\/index.php\/wp-json\/wp\/v2\/posts"}],"about":[{"href":"https:\/\/1005.com.ar\/index.php\/wp-json\/wp\/v2\/types\/post"}],"author":[{"embeddable":true,"href":"https:\/\/1005.com.ar\/index.php\/wp-json\/wp\/v2\/users\/7"}],"replies":[{"embeddable":true,"href":"https:\/\/1005.com.ar\/index.php\/wp-json\/wp\/v2\/comments?post=6744"}],"version-history":[{"count":1,"href":"https:\/\/1005.com.ar\/index.php\/wp-json\/wp\/v2\/posts\/6744\/revisions"}],"predecessor-version":[{"id":6746,"href":"https:\/\/1005.com.ar\/index.php\/wp-json\/wp\/v2\/posts\/6744\/revisions\/6746"}],"wp:featuredmedia":[{"embeddable":true,"href":"https:\/\/1005.com.ar\/index.php\/wp-json\/wp\/v2\/media\/6745"}],"wp:attachment":[{"href":"https:\/\/1005.com.ar\/index.php\/wp-json\/wp\/v2\/media?parent=6744"}],"wp:term":[{"taxonomy":"category","embeddable":true,"href":"https:\/\/1005.com.ar\/index.php\/wp-json\/wp\/v2\/categories?post=6744"},{"taxonomy":"post_tag","embeddable":true,"href":"https:\/\/1005.com.ar\/index.php\/wp-json\/wp\/v2\/tags?post=6744"}],"curies":[{"name":"wp","href":"https:\/\/api.w.org\/{rel}","templated":true}]}}