{"id":6398,"date":"2025-09-20T11:31:20","date_gmt":"2025-09-20T14:31:20","guid":{"rendered":"https:\/\/1005.com.ar\/?p=6398"},"modified":"2025-09-20T11:31:21","modified_gmt":"2025-09-20T14:31:21","slug":"la-advertencia-de-sophia-loren-a-las-jovenes-por-las-cirugias-puedes-acabar-teniendo-peor-aspecto-del-que-pensabas-que-tenias","status":"publish","type":"post","link":"https:\/\/1005.com.ar\/index.php\/2025\/09\/20\/la-advertencia-de-sophia-loren-a-las-jovenes-por-las-cirugias-puedes-acabar-teniendo-peor-aspecto-del-que-pensabas-que-tenias\/","title":{"rendered":"La advertencia de Sophia Loren a las j\u00f3venes por las cirug\u00edas: \u201cPuedes acabar teniendo peor aspecto del que pensabas que ten\u00edas\u201d"},"content":{"rendered":"\n<p><a href=\"https:\/\/www.infobae.com\/entretenimiento\/2025\/09\/20\/la-advertencia-de-sophia-loren-a-las-jovenes-por-las-cirugias-puedes-acabar-teniendo-peor-aspecto-del-que-pensabas-que-tenias\">https:\/\/www.infobae.com\/entretenimiento\/2025\/09\/20\/la-advertencia-de-sophia-loren-a-las-jovenes-por-las-cirugias-puedes-acabar-teniendo-peor-aspecto-del-que-pensabas-que-tenias<\/a><\/p>\n","protected":false},"excerpt":{"rendered":"<p>https:\/\/www.infobae.com\/entretenimiento\/2025\/09\/20\/la-advertencia-de-sophia-loren-a-las-jovenes-por-las-cirugias-puedes-acabar-teniendo-peor-aspecto-del-que-pensabas-que-tenias<\/p>\n","protected":false},"author":7,"featured_media":6399,"comment_status":"open","ping_status":"closed","sticky":false,"template":"","format":"standard","meta":{"jetpack_post_was_ever_published":false,"_jetpack_newsletter_access":"","_jetpack_dont_email_post_to_subs":false,"_jetpack_newsletter_tier_id":0,"_jetpack_memberships_contains_paywalled_content":false,"_jetpack_memberships_contains_paid_content":false,"footnotes":"","jetpack_publicize_message":"","jetpack_publicize_feature_enabled":true,"jetpack_social_post_already_shared":true,"jetpack_social_options":{"image_generator_settings":{"template":"highway","default_image_id":0,"font":"","enabled":false},"version":2}},"categories":[1],"tags":[],"class_list":["post-6398","post","type-post","status-publish","format-standard","has-post-thumbnail","hentry","category-sin-categoria"],"jetpack_publicize_connections":[],"jetpack_featured_media_url":"https:\/\/1005.com.ar\/wp-content\/uploads\/2025\/09\/descarga-72.jpg","jetpack-related-posts":[{"id":1576,"url":"https:\/\/1005.com.ar\/index.php\/2021\/02\/14\/sophia-loren-nunca-me-senti-mas-normal-en-mi-vida\/","url_meta":{"origin":6398,"position":0},"title":"Sophia Loren: \u00abNunca me sent\u00ed m\u00e1s normal en mi vida\u00bb","author":"Radio Music","date":"febrero 14, 2021","format":false,"excerpt":"A los 86 a\u00f1os, la diva italiana le resta importancia a su fama","rel":"","context":"En \u00abSin categor\u00eda\u00bb","block_context":{"text":"Sin categor\u00eda","link":"https:\/\/1005.com.ar\/index.php\/category\/sin-categoria\/"},"img":{"alt_text":"","src":"","width":0,"height":0},"classes":[]},{"id":1234,"url":"https:\/\/1005.com.ar\/index.php\/2021\/01\/24\/nivel-violeta-la-advertencia-del-servicio-meteorologico-nacional-por-el-calor\/","url_meta":{"origin":6398,"position":1},"title":"Nivel violeta: la advertencia del Servicio Meteorol\u00f3gico Nacional por el calor","author":"Radio Music","date":"enero 24, 2021","format":false,"excerpt":"La ciudad de Buenos Aires y 11 provincias argentinas registran altas temperaturas; el SMN emiti\u00f3 una serie de recomendaciones para evitar golpes de calor","rel":"","context":"En \u00abSin categor\u00eda\u00bb","block_context":{"text":"Sin categor\u00eda","link":"https:\/\/1005.com.ar\/index.php\/category\/sin-categoria\/"},"img":{"alt_text":"","src":"https:\/\/i0.wp.com\/1005.com.ar\/wp-content\/uploads\/2021\/01\/3576235w1033.png?resize=350%2C200&ssl=1","width":350,"height":200,"srcset":"https:\/\/i0.wp.com\/1005.com.ar\/wp-content\/uploads\/2021\/01\/3576235w1033.png?resize=350%2C200&ssl=1 1x, https:\/\/i0.wp.com\/1005.com.ar\/wp-content\/uploads\/2021\/01\/3576235w1033.png?resize=525%2C300&ssl=1 1.5x, https:\/\/i0.wp.com\/1005.com.ar\/wp-content\/uploads\/2021\/01\/3576235w1033.png?resize=700%2C400&ssl=1 2x"},"classes":[]},{"id":4230,"url":"https:\/\/1005.com.ar\/index.php\/2023\/07\/23\/pillow-face-el-fenomeno-estetico-que-arrasa-en-hollywood-y-la-advertencia-de-los-profesionales\/","url_meta":{"origin":6398,"position":2},"title":"\u2018Pillow Face\u2019: el fen\u00f3meno est\u00e9tico que arrasa en Hollywood y la advertencia de los profesionales","author":"Julieta Di Rocco","date":"julio 23, 2023","format":false,"excerpt":"https:\/\/www.lanacion.com.ar\/salud\/vida_sana\/pillow-face-el-fenomeno-estetico-que-arrasa-en-hollywood-y-la-advertencia-de-los-profesionales-nid22072023\/","rel":"","context":"En \u00abSin categor\u00eda\u00bb","block_context":{"text":"Sin categor\u00eda","link":"https:\/\/1005.com.ar\/index.php\/category\/sin-categoria\/"},"img":{"alt_text":"","src":"","width":0,"height":0},"classes":[]},{"id":6454,"url":"https:\/\/1005.com.ar\/index.php\/2025\/10\/05\/incomoda-mas-que-hablar-de-salud-mental-la-afeccion-invisible-que-se-apodera-cada-vez-mas-de-las-mujeres-jovenes\/","url_meta":{"origin":6398,"position":3},"title":"Incomoda m\u00e1s que hablar de salud mental. La \u201cafecci\u00f3n invisible\u201d que se apodera cada vez m\u00e1s de las mujeres j\u00f3venes","author":"Julieta Di Rocco","date":"octubre 5, 2025","format":false,"excerpt":"https:\/\/www.lanacion.com.ar\/salud\/incomoda-mas-que-hablar-de-salud-mental-la-afeccion-invisible-que-se-apodera-cada-vez-mas-de-las-nid03092025","rel":"","context":"En \u00abSin categor\u00eda\u00bb","block_context":{"text":"Sin categor\u00eda","link":"https:\/\/1005.com.ar\/index.php\/category\/sin-categoria\/"},"img":{"alt_text":"","src":"https:\/\/1005.com.ar\/wp-content\/uploads\/2025\/10\/existen-distintos-tipos-de-incontinencia-por-A3AIAULYXFHR3DFU66H7JFQO2I.avif","width":350,"height":200,"srcset":"https:\/\/1005.com.ar\/wp-content\/uploads\/2025\/10\/existen-distintos-tipos-de-incontinencia-por-A3AIAULYXFHR3DFU66H7JFQO2I.avif 1x, https:\/\/1005.com.ar\/wp-content\/uploads\/2025\/10\/existen-distintos-tipos-de-incontinencia-por-A3AIAULYXFHR3DFU66H7JFQO2I.avif 1.5x, https:\/\/1005.com.ar\/wp-content\/uploads\/2025\/10\/existen-distintos-tipos-de-incontinencia-por-A3AIAULYXFHR3DFU66H7JFQO2I.avif 2x"},"classes":[]},{"id":2079,"url":"https:\/\/1005.com.ar\/index.php\/2021\/06\/16\/pocas-escuelas-imparten-esi\/","url_meta":{"origin":6398,"position":4},"title":"Pocas escuelas imparten ESI","author":"Radio Music","date":"junio 16, 2021","format":false,"excerpt":"Solo el 2 por ciento de las y los adolescentes en Argentina consultados en una encuesta dijeron que reciben Educaci\u00f3n Sexual Integral en las distintas materias de la escuela, a 15 a\u00f1os de sancionada la ley que establece esos contenidos como obligatorios en todos los niveles educativos, tanto en instituciones\u2026","rel":"","context":"En \u00abSin categor\u00eda\u00bb","block_context":{"text":"Sin categor\u00eda","link":"https:\/\/1005.com.ar\/index.php\/category\/sin-categoria\/"},"img":{"alt_text":"","src":"","width":0,"height":0},"classes":[]},{"id":1980,"url":"https:\/\/1005.com.ar\/index.php\/2021\/04\/29\/se-avecinan-tres-semanas-criticas-es-el-peor-momento-de-la-pandemia\/","url_meta":{"origin":6398,"position":5},"title":"Se avecinan tres semanas cr\u00edticas: \u201cEs el peor momento de la pandemia\u00bb","author":"Radio Music","date":"abril 29, 2021","format":false,"excerpt":"En v\u00edsperas del anuncio de nuevas restricciones para enfrentar la pandemia que azota al mundo, el m\u00e9dico y asesor presidencial Luis C\u00e1mera habl\u00f3 en exclusiva con\u00a0diario Hoy\u00a0y asegur\u00f3 que\u00a0\u201clos d\u00edas m\u00e1s dif\u00edciles de la pandemia vendr\u00e1n hacia el 10 o 12 de mayo, desde el punto de vista de internaciones\u2026","rel":"","context":"En \u00abSin categor\u00eda\u00bb","block_context":{"text":"Sin categor\u00eda","link":"https:\/\/1005.com.ar\/index.php\/category\/sin-categoria\/"},"img":{"alt_text":"","src":"https:\/\/i0.wp.com\/1005.com.ar\/wp-content\/uploads\/2021\/04\/0000397776.jpg?resize=350%2C200&ssl=1","width":350,"height":200,"srcset":"https:\/\/i0.wp.com\/1005.com.ar\/wp-content\/uploads\/2021\/04\/0000397776.jpg?resize=350%2C200&ssl=1 1x, https:\/\/i0.wp.com\/1005.com.ar\/wp-content\/uploads\/2021\/04\/0000397776.jpg?resize=525%2C300&ssl=1 1.5x, https:\/\/i0.wp.com\/1005.com.ar\/wp-content\/uploads\/2021\/04\/0000397776.jpg?resize=700%2C400&ssl=1 2x, https:\/\/i0.wp.com\/1005.com.ar\/wp-content\/uploads\/2021\/04\/0000397776.jpg?resize=1050%2C600&ssl=1 3x, https:\/\/i0.wp.com\/1005.com.ar\/wp-content\/uploads\/2021\/04\/0000397776.jpg?resize=1400%2C800&ssl=1 4x"},"classes":[]}],"jetpack_likes_enabled":true,"jetpack_sharing_enabled":true,"_links":{"self":[{"href":"https:\/\/1005.com.ar\/index.php\/wp-json\/wp\/v2\/posts\/6398","targetHints":{"allow":["GET"]}}],"collection":[{"href":"https:\/\/1005.com.ar\/index.php\/wp-json\/wp\/v2\/posts"}],"about":[{"href":"https:\/\/1005.com.ar\/index.php\/wp-json\/wp\/v2\/types\/post"}],"author":[{"embeddable":true,"href":"https:\/\/1005.com.ar\/index.php\/wp-json\/wp\/v2\/users\/7"}],"replies":[{"embeddable":true,"href":"https:\/\/1005.com.ar\/index.php\/wp-json\/wp\/v2\/comments?post=6398"}],"version-history":[{"count":1,"href":"https:\/\/1005.com.ar\/index.php\/wp-json\/wp\/v2\/posts\/6398\/revisions"}],"predecessor-version":[{"id":6400,"href":"https:\/\/1005.com.ar\/index.php\/wp-json\/wp\/v2\/posts\/6398\/revisions\/6400"}],"wp:featuredmedia":[{"embeddable":true,"href":"https:\/\/1005.com.ar\/index.php\/wp-json\/wp\/v2\/media\/6399"}],"wp:attachment":[{"href":"https:\/\/1005.com.ar\/index.php\/wp-json\/wp\/v2\/media?parent=6398"}],"wp:term":[{"taxonomy":"category","embeddable":true,"href":"https:\/\/1005.com.ar\/index.php\/wp-json\/wp\/v2\/categories?post=6398"},{"taxonomy":"post_tag","embeddable":true,"href":"https:\/\/1005.com.ar\/index.php\/wp-json\/wp\/v2\/tags?post=6398"}],"curies":[{"name":"wp","href":"https:\/\/api.w.org\/{rel}","templated":true}]}}