{"id":6278,"date":"2025-08-13T16:09:22","date_gmt":"2025-08-13T19:09:22","guid":{"rendered":"https:\/\/1005.com.ar\/?p=6278"},"modified":"2025-08-13T16:09:23","modified_gmt":"2025-08-13T19:09:23","slug":"cuando-sera-la-tormenta-de-santa-rosa-en-argentina-en-2025","status":"publish","type":"post","link":"https:\/\/1005.com.ar\/index.php\/2025\/08\/13\/cuando-sera-la-tormenta-de-santa-rosa-en-argentina-en-2025\/","title":{"rendered":"Cu\u00e1ndo ser\u00e1 la tormenta de Santa Rosa en Argentina en 2025"},"content":{"rendered":"\n<p><a href=\"https:\/\/www.infobae.com\/salud\/ciencia\/2025\/08\/13\/cuando-sera-la-tormenta-de-santa-rosa-en-argentina-en-2025\">https:\/\/www.infobae.com\/salud\/ciencia\/2025\/08\/13\/cuando-sera-la-tormenta-de-santa-rosa-en-argentina-en-2025<\/a><\/p>\n","protected":false},"excerpt":{"rendered":"<p>https:\/\/www.infobae.com\/salud\/ciencia\/2025\/08\/13\/cuando-sera-la-tormenta-de-santa-rosa-en-argentina-en-2025<\/p>\n","protected":false},"author":7,"featured_media":6279,"comment_status":"open","ping_status":"closed","sticky":false,"template":"","format":"standard","meta":{"jetpack_post_was_ever_published":false,"_jetpack_newsletter_access":"","_jetpack_dont_email_post_to_subs":false,"_jetpack_newsletter_tier_id":0,"_jetpack_memberships_contains_paywalled_content":false,"_jetpack_memberships_contains_paid_content":false,"footnotes":"","jetpack_publicize_message":"","jetpack_publicize_feature_enabled":true,"jetpack_social_post_already_shared":true,"jetpack_social_options":{"image_generator_settings":{"template":"highway","default_image_id":0,"font":"","enabled":false},"version":2}},"categories":[1],"tags":[],"class_list":["post-6278","post","type-post","status-publish","format-standard","has-post-thumbnail","hentry","category-sin-categoria"],"jetpack_publicize_connections":[],"jetpack_featured_media_url":"https:\/\/1005.com.ar\/wp-content\/uploads\/2025\/08\/descarga-60.jpg","jetpack-related-posts":[{"id":5737,"url":"https:\/\/1005.com.ar\/index.php\/2025\/02\/21\/la-tormenta-llego-a-la-plata-que-es-un-horno-alerta-amarilla-por-el-calor-y-se-viene-la-lluvia\/","url_meta":{"origin":6278,"position":0},"title":"La tormenta lleg\u00f3 a La Plata, que es un horno: alerta amarilla por el calor y se viene la lluvia.","author":"Julieta Di Rocco","date":"febrero 21, 2025","format":false,"excerpt":"https:\/\/www.eldia.com\/nota\/2025-2-21-9-34-0-la-plata-amenazada-por-lluvias-y-bajo-alerta-amarillo-por-el-calor-cuando-llega-la-tormenta-la-ciudad","rel":"","context":"En \u00abSin categor\u00eda\u00bb","block_context":{"text":"Sin categor\u00eda","link":"https:\/\/1005.com.ar\/index.php\/category\/sin-categoria\/"},"img":{"alt_text":"","src":"","width":0,"height":0},"classes":[]},{"id":5591,"url":"https:\/\/1005.com.ar\/index.php\/2025\/01\/12\/que-es-un-anticiclon-y-cuando-impactaria-en-la-argentina\/","url_meta":{"origin":6278,"position":1},"title":"Qu\u00e9 es un anticicl\u00f3n y cu\u00e1ndo impactar\u00eda en la Argentina","author":"Julieta Di Rocco","date":"enero 12, 2025","format":false,"excerpt":"El Servicio Meteorol\u00f3gico Nacional indic\u00f3 que es lo opuesto al cicl\u00f3n; el fen\u00f3meno se desplazar\u00eda al norte y provocar\u00eda temperaturas de calor extremo en el norte y centro del pa\u00eds https:\/\/www.lanacion.com.ar\/sociedad\/que-es-un-anticiclon-y-cuando-impactaria-en-la-argentina-nid12012025","rel":"","context":"En \u00abSin categor\u00eda\u00bb","block_context":{"text":"Sin categor\u00eda","link":"https:\/\/1005.com.ar\/index.php\/category\/sin-categoria\/"},"img":{"alt_text":"","src":"https:\/\/i0.wp.com\/1005.com.ar\/wp-content\/uploads\/2025\/01\/que-es-un-anticiclon-y-cuando-impactaria-en-la-UFOMF5R36NHJXIMBO5W6KKHPPI.png?resize=350%2C200&ssl=1","width":350,"height":200,"srcset":"https:\/\/i0.wp.com\/1005.com.ar\/wp-content\/uploads\/2025\/01\/que-es-un-anticiclon-y-cuando-impactaria-en-la-UFOMF5R36NHJXIMBO5W6KKHPPI.png?resize=350%2C200&ssl=1 1x, https:\/\/i0.wp.com\/1005.com.ar\/wp-content\/uploads\/2025\/01\/que-es-un-anticiclon-y-cuando-impactaria-en-la-UFOMF5R36NHJXIMBO5W6KKHPPI.png?resize=525%2C300&ssl=1 1.5x, https:\/\/i0.wp.com\/1005.com.ar\/wp-content\/uploads\/2025\/01\/que-es-un-anticiclon-y-cuando-impactaria-en-la-UFOMF5R36NHJXIMBO5W6KKHPPI.png?resize=700%2C400&ssl=1 2x"},"classes":[]},{"id":3825,"url":"https:\/\/1005.com.ar\/index.php\/2023\/01\/25\/murio-claudio-da-passano-hijo-de-maria-rosa-gallo-y-actor-de-argentina-1985\/","url_meta":{"origin":6278,"position":2},"title":"Muri\u00f3 Claudio Da Passano, hijo de Mar\u00eda Rosa Gallo y actor de Argentina, 1985","author":"Julieta Di Rocco","date":"enero 25, 2023","format":false,"excerpt":"Lo confirm\u00f3 este mi\u00e9rcoles la Asociaci\u00f3n Argentina de Actores. Ten\u00eda 65 a\u00f1os https:\/\/www.infobae.com\/teleshow\/2023\/01\/25\/murio-claudio-da-passano-hijo-de-maria-rosa-gallo-y-actor-de-argentina-1985\/","rel":"","context":"En \u00abSin categor\u00eda\u00bb","block_context":{"text":"Sin categor\u00eda","link":"https:\/\/1005.com.ar\/index.php\/category\/sin-categoria\/"},"img":{"alt_text":"","src":"","width":0,"height":0},"classes":[]},{"id":4432,"url":"https:\/\/1005.com.ar\/index.php\/2023\/10\/24\/el-papa-francisco-aprobo-un-milagro-de-mama-antula-y-se-convertira-en-la-primera-santa-argentina\/","url_meta":{"origin":6278,"position":3},"title":"El papa Francisco aprob\u00f3 un milagro de Mama Antula y se convertir\u00e1 en la primera santa argentina","author":"Julieta Di Rocco","date":"octubre 24, 2023","format":false,"excerpt":"https:\/\/www.infobae.com\/sociedad\/2023\/10\/24\/el-papa-francisco-aprobo-un-milagro-de-mama-antula-y-se-convertira-en-la-primera-santa-argentina\/","rel":"","context":"En \u00abSin categor\u00eda\u00bb","block_context":{"text":"Sin categor\u00eda","link":"https:\/\/1005.com.ar\/index.php\/category\/sin-categoria\/"},"img":{"alt_text":"","src":"https:\/\/i0.wp.com\/1005.com.ar\/wp-content\/uploads\/2023\/10\/ee15c3_mama-antula-x200.jpg?resize=350%2C200&ssl=1","width":350,"height":200},"classes":[]},{"id":3622,"url":"https:\/\/1005.com.ar\/index.php\/2022\/12\/11\/que-jugadores-de-la-seleccion-argentina-se-pierden-la-semifinal-por-acumulacion-de-amarillas-y-cuando-se-limpian\/","url_meta":{"origin":6278,"position":4},"title":"Qu\u00e9 jugadores de la selecci\u00f3n argentina se pierden la semifinal por acumulaci\u00f3n de amarillas y cu\u00e1ndo se limpian","author":"Julieta Di Rocco","date":"diciembre 11, 2022","format":false,"excerpt":"https:\/\/www.pagina12.com.ar\/506704-que-jugadores-de-la-seleccion-argentina-se-pierden-la-semifi","rel":"","context":"En \u00abSin categor\u00eda\u00bb","block_context":{"text":"Sin categor\u00eda","link":"https:\/\/1005.com.ar\/index.php\/category\/sin-categoria\/"},"img":{"alt_text":"","src":"https:\/\/i0.wp.com\/1005.com.ar\/wp-content\/uploads\/2022\/12\/678568-48062-amarillas_0.jpeg?resize=350%2C200&ssl=1","width":350,"height":200,"srcset":"https:\/\/i0.wp.com\/1005.com.ar\/wp-content\/uploads\/2022\/12\/678568-48062-amarillas_0.jpeg?resize=350%2C200&ssl=1 1x, https:\/\/i0.wp.com\/1005.com.ar\/wp-content\/uploads\/2022\/12\/678568-48062-amarillas_0.jpeg?resize=525%2C300&ssl=1 1.5x, https:\/\/i0.wp.com\/1005.com.ar\/wp-content\/uploads\/2022\/12\/678568-48062-amarillas_0.jpeg?resize=700%2C400&ssl=1 2x"},"classes":[]},{"id":1652,"url":"https:\/\/1005.com.ar\/index.php\/2021\/02\/26\/la-sputnik-v-sera-producida-en-la-argentina\/","url_meta":{"origin":6278,"position":5},"title":"La Sputnik V ser\u00e1 producida en la Argentina","author":"Radio Music","date":"febrero 26, 2021","format":false,"excerpt":"Acuerdo con el Fondo Ruso de Inversi\u00f3n Directa","rel":"","context":"En \u00abSin categor\u00eda\u00bb","block_context":{"text":"Sin categor\u00eda","link":"https:\/\/1005.com.ar\/index.php\/category\/sin-categoria\/"},"img":{"alt_text":"","src":"https:\/\/i0.wp.com\/1005.com.ar\/wp-content\/uploads\/2021\/02\/maxresdefault.jpg?resize=350%2C200&ssl=1","width":350,"height":200,"srcset":"https:\/\/i0.wp.com\/1005.com.ar\/wp-content\/uploads\/2021\/02\/maxresdefault.jpg?resize=350%2C200&ssl=1 1x, https:\/\/i0.wp.com\/1005.com.ar\/wp-content\/uploads\/2021\/02\/maxresdefault.jpg?resize=525%2C300&ssl=1 1.5x, https:\/\/i0.wp.com\/1005.com.ar\/wp-content\/uploads\/2021\/02\/maxresdefault.jpg?resize=700%2C400&ssl=1 2x, https:\/\/i0.wp.com\/1005.com.ar\/wp-content\/uploads\/2021\/02\/maxresdefault.jpg?resize=1050%2C600&ssl=1 3x"},"classes":[]}],"jetpack_likes_enabled":true,"jetpack_sharing_enabled":true,"_links":{"self":[{"href":"https:\/\/1005.com.ar\/index.php\/wp-json\/wp\/v2\/posts\/6278","targetHints":{"allow":["GET"]}}],"collection":[{"href":"https:\/\/1005.com.ar\/index.php\/wp-json\/wp\/v2\/posts"}],"about":[{"href":"https:\/\/1005.com.ar\/index.php\/wp-json\/wp\/v2\/types\/post"}],"author":[{"embeddable":true,"href":"https:\/\/1005.com.ar\/index.php\/wp-json\/wp\/v2\/users\/7"}],"replies":[{"embeddable":true,"href":"https:\/\/1005.com.ar\/index.php\/wp-json\/wp\/v2\/comments?post=6278"}],"version-history":[{"count":1,"href":"https:\/\/1005.com.ar\/index.php\/wp-json\/wp\/v2\/posts\/6278\/revisions"}],"predecessor-version":[{"id":6280,"href":"https:\/\/1005.com.ar\/index.php\/wp-json\/wp\/v2\/posts\/6278\/revisions\/6280"}],"wp:featuredmedia":[{"embeddable":true,"href":"https:\/\/1005.com.ar\/index.php\/wp-json\/wp\/v2\/media\/6279"}],"wp:attachment":[{"href":"https:\/\/1005.com.ar\/index.php\/wp-json\/wp\/v2\/media?parent=6278"}],"wp:term":[{"taxonomy":"category","embeddable":true,"href":"https:\/\/1005.com.ar\/index.php\/wp-json\/wp\/v2\/categories?post=6278"},{"taxonomy":"post_tag","embeddable":true,"href":"https:\/\/1005.com.ar\/index.php\/wp-json\/wp\/v2\/tags?post=6278"}],"curies":[{"name":"wp","href":"https:\/\/api.w.org\/{rel}","templated":true}]}}