{"id":6012,"date":"2025-05-08T18:29:22","date_gmt":"2025-05-08T21:29:22","guid":{"rendered":"https:\/\/1005.com.ar\/?p=6012"},"modified":"2025-05-08T18:29:24","modified_gmt":"2025-05-08T21:29:24","slug":"106-aniversario-del-nacimiento-de-evita","status":"publish","type":"post","link":"https:\/\/1005.com.ar\/index.php\/2025\/05\/08\/106-aniversario-del-nacimiento-de-evita\/","title":{"rendered":"106 aniversario del nacimiento de Evita"},"content":{"rendered":"\n<p>El recuerdo imborrable de Evita Per\u00f3n<\/p>\n\n\n\n<p><a href=\"https:\/\/www.pagina12.com.ar\/823942-106-aniversario-del-nacimiento-de-evita\">https:\/\/www.pagina12.com.ar\/823942-106-aniversario-del-nacimiento-de-evita<\/a><\/p>\n","protected":false},"excerpt":{"rendered":"<p>El recuerdo imborrable de Evita Per\u00f3n https:\/\/www.pagina12.com.ar\/823942-106-aniversario-del-nacimiento-de-evita<\/p>\n","protected":false},"author":7,"featured_media":6013,"comment_status":"open","ping_status":"closed","sticky":false,"template":"","format":"standard","meta":{"jetpack_post_was_ever_published":false,"_jetpack_newsletter_access":"","_jetpack_dont_email_post_to_subs":false,"_jetpack_newsletter_tier_id":0,"_jetpack_memberships_contains_paywalled_content":false,"_jetpack_memberships_contains_paid_content":false,"footnotes":"","jetpack_publicize_message":"","jetpack_publicize_feature_enabled":true,"jetpack_social_post_already_shared":true,"jetpack_social_options":{"image_generator_settings":{"template":"highway","default_image_id":0,"font":"","enabled":false},"version":2}},"categories":[1],"tags":[],"class_list":["post-6012","post","type-post","status-publish","format-standard","has-post-thumbnail","hentry","category-sin-categoria"],"jetpack_publicize_connections":[],"jetpack_featured_media_url":"https:\/\/1005.com.ar\/wp-content\/uploads\/2025\/05\/935230-evita-20telam.jpg","jetpack-related-posts":[{"id":3210,"url":"https:\/\/1005.com.ar\/index.php\/2022\/07\/23\/el-museo-evita-homenajeara-a-la-dirigente-politica-en-el-cck\/","url_meta":{"origin":6012,"position":0},"title":"El Museo Evita homenajear\u00e1 a la dirigente pol\u00edtica en el CCK","author":"Julieta Di Rocco","date":"julio 23, 2022","format":false,"excerpt":"El Museo Evita recordar\u00e1 a la dirigente pol\u00edtica el 26 de julio, al cumplirse 70 a\u00f1os de su fallecimiento, con una jornada de actividades y una transmisi\u00f3n en vivo desde el Centro Cultural Kirchner (CCK). https:\/\/www.telam.com.ar\/notas\/202207\/599361-museo-evita-aniversario.html","rel":"","context":"En \u00abSin categor\u00eda\u00bb","block_context":{"text":"Sin categor\u00eda","link":"https:\/\/1005.com.ar\/index.php\/category\/sin-categoria\/"},"img":{"alt_text":"","src":"https:\/\/i0.wp.com\/1005.com.ar\/wp-content\/uploads\/2022\/07\/60f9a0902623d_900.jpg?resize=350%2C200&ssl=1","width":350,"height":200,"srcset":"https:\/\/i0.wp.com\/1005.com.ar\/wp-content\/uploads\/2022\/07\/60f9a0902623d_900.jpg?resize=350%2C200&ssl=1 1x, https:\/\/i0.wp.com\/1005.com.ar\/wp-content\/uploads\/2022\/07\/60f9a0902623d_900.jpg?resize=525%2C300&ssl=1 1.5x, https:\/\/i0.wp.com\/1005.com.ar\/wp-content\/uploads\/2022\/07\/60f9a0902623d_900.jpg?resize=700%2C400&ssl=1 2x"},"classes":[]},{"id":5176,"url":"https:\/\/1005.com.ar\/index.php\/2024\/06\/02\/la-historia-de-maradona-con-los-juegos-evita\/","url_meta":{"origin":6012,"position":1},"title":"La historia de Maradona con los Juegos Evita","author":"Julieta Di Rocco","date":"junio 2, 2024","format":false,"excerpt":"El \u00eddolo nacional se consagr\u00f3 campe\u00f3n con Los Cebollitas en 1974 https:\/\/www.pagina12.com.ar\/741629-la-historia-de-maradona-con-los-juegos-evita","rel":"","context":"En \u00abSin categor\u00eda\u00bb","block_context":{"text":"Sin categor\u00eda","link":"https:\/\/1005.com.ar\/index.php\/category\/sin-categoria\/"},"img":{"alt_text":"","src":"https:\/\/i0.wp.com\/1005.com.ar\/wp-content\/uploads\/2024\/06\/844010-58f951719ace9_0.jpg?resize=350%2C200&ssl=1","width":350,"height":200,"srcset":"https:\/\/i0.wp.com\/1005.com.ar\/wp-content\/uploads\/2024\/06\/844010-58f951719ace9_0.jpg?resize=350%2C200&ssl=1 1x, https:\/\/i0.wp.com\/1005.com.ar\/wp-content\/uploads\/2024\/06\/844010-58f951719ace9_0.jpg?resize=525%2C300&ssl=1 1.5x, https:\/\/i0.wp.com\/1005.com.ar\/wp-content\/uploads\/2024\/06\/844010-58f951719ace9_0.jpg?resize=700%2C400&ssl=1 2x"},"classes":[]},{"id":2833,"url":"https:\/\/1005.com.ar\/index.php\/2022\/04\/11\/alberto-fernandez-dio-detalles-del-nacimiento-de-su-hijo\/","url_meta":{"origin":6012,"position":2},"title":"Alberto Fern\u00e1ndez dio detalles del nacimiento de su hijo","author":"Julieta Di Rocco","date":"abril 11, 2022","format":false,"excerpt":"Tambi\u00e9n habl\u00f3 del mensaje de Cristina Kirchner y la relaci\u00f3n entre ambos https:\/\/www.pagina12.com.ar\/414574-alberto-fernandez-dio-detalles-del-nacimiento-de-su-hijo","rel":"","context":"En \u00abSin categor\u00eda\u00bb","block_context":{"text":"Sin categor\u00eda","link":"https:\/\/1005.com.ar\/index.php\/category\/sin-categoria\/"},"img":{"alt_text":"","src":"https:\/\/i0.wp.com\/1005.com.ar\/wp-content\/uploads\/2022\/04\/461674-g0068539.jpg?resize=350%2C200&ssl=1","width":350,"height":200,"srcset":"https:\/\/i0.wp.com\/1005.com.ar\/wp-content\/uploads\/2022\/04\/461674-g0068539.jpg?resize=350%2C200&ssl=1 1x, https:\/\/i0.wp.com\/1005.com.ar\/wp-content\/uploads\/2022\/04\/461674-g0068539.jpg?resize=525%2C300&ssl=1 1.5x, https:\/\/i0.wp.com\/1005.com.ar\/wp-content\/uploads\/2022\/04\/461674-g0068539.jpg?resize=700%2C400&ssl=1 2x"},"classes":[]},{"id":5364,"url":"https:\/\/1005.com.ar\/index.php\/2024\/07\/28\/mas-de-mil-personas-disfrutaron-de-la-exitosa-cena-show-aniversario-a-beneficio-del-ceus\/","url_meta":{"origin":6012,"position":3},"title":"M\u00e1s de mil personas disfrutaron de la exitosa cena show aniversario a beneficio del CEUS","author":"Julieta Di Rocco","date":"julio 28, 2024","format":false,"excerpt":"https:\/\/www.lamanana.com.ar\/mas-de-mil-personas-disfrutaron-de-la-exitosa-cena-show-aniversario-a-beneficio-del-ceus\/","rel":"","context":"En \u00abSin categor\u00eda\u00bb","block_context":{"text":"Sin categor\u00eda","link":"https:\/\/1005.com.ar\/index.php\/category\/sin-categoria\/"},"img":{"alt_text":"","src":"https:\/\/i0.wp.com\/1005.com.ar\/wp-content\/uploads\/2024\/07\/ceus3-1392x588-1.jpg?resize=350%2C200&ssl=1","width":350,"height":200,"srcset":"https:\/\/i0.wp.com\/1005.com.ar\/wp-content\/uploads\/2024\/07\/ceus3-1392x588-1.jpg?resize=350%2C200&ssl=1 1x, https:\/\/i0.wp.com\/1005.com.ar\/wp-content\/uploads\/2024\/07\/ceus3-1392x588-1.jpg?resize=525%2C300&ssl=1 1.5x, https:\/\/i0.wp.com\/1005.com.ar\/wp-content\/uploads\/2024\/07\/ceus3-1392x588-1.jpg?resize=700%2C400&ssl=1 2x, https:\/\/i0.wp.com\/1005.com.ar\/wp-content\/uploads\/2024\/07\/ceus3-1392x588-1.jpg?resize=1050%2C600&ssl=1 3x"},"classes":[]},{"id":2382,"url":"https:\/\/1005.com.ar\/index.php\/2021\/11\/26\/el-emotivo-video-que-difundio-la-afa-por-el-aniversario-de-la-muerte-de-maradona\/","url_meta":{"origin":6012,"position":4},"title":"El emotivo video que difundi\u00f3 la AFA por el aniversario de la muerte de Maradona","author":"Radio Music","date":"noviembre 26, 2021","format":false,"excerpt":"La Asociaci\u00f3n del F\u00fatbol Argentino difundi\u00f3 este jueves un video por el aniversario de la muerte de Diego Maradona, en el que repasaron varios pasajes de su vida, al tiempo que su presidente, Claudio Tapia, record\u00f3 que el \"10\" est\u00e1 en \"cada rinc\u00f3n de la AFA\". https:\/\/www.ambito.com\/deportes\/maradona\/el-emotivo-video-que-difundio-la-afa-el-aniversario-la-muerte-n5323983","rel":"","context":"En \u00abSin categor\u00eda\u00bb","block_context":{"text":"Sin categor\u00eda","link":"https:\/\/1005.com.ar\/index.php\/category\/sin-categoria\/"},"img":{"alt_text":"","src":"https:\/\/i0.wp.com\/1005.com.ar\/wp-content\/uploads\/2021\/11\/afa-posteo-maradonajpg.jpg?resize=350%2C200&ssl=1","width":350,"height":200,"srcset":"https:\/\/i0.wp.com\/1005.com.ar\/wp-content\/uploads\/2021\/11\/afa-posteo-maradonajpg.jpg?resize=350%2C200&ssl=1 1x, https:\/\/i0.wp.com\/1005.com.ar\/wp-content\/uploads\/2021\/11\/afa-posteo-maradonajpg.jpg?resize=525%2C300&ssl=1 1.5x, https:\/\/i0.wp.com\/1005.com.ar\/wp-content\/uploads\/2021\/11\/afa-posteo-maradonajpg.jpg?resize=700%2C400&ssl=1 2x"},"classes":[]},{"id":3219,"url":"https:\/\/1005.com.ar\/index.php\/2022\/07\/26\/a-70-anos-de-su-fallecimiento-recuerdan-a-eva-peron-en-todo-el-pais\/","url_meta":{"origin":6012,"position":5},"title":"A 70 a\u00f1os de su fallecimiento, recuerdan a Eva Per\u00f3n en todo el pa\u00eds","author":"Julieta Di Rocco","date":"julio 26, 2022","format":false,"excerpt":"Con marchas de antorchas y actos habr\u00e1 homenajes a \"la abanderada de los humildes\" en todo el territorio nacional.\u00a0En CABA, la CGT y la CTA se movilizar\u00e1n al Ministerio de Desarrollo Social donde est\u00e1n las figuras gigantes de Evita. https:\/\/www.telam.com.ar\/notas\/202207\/599614-eva-peron-actos-aniversario.html","rel":"","context":"En \u00abSin categor\u00eda\u00bb","block_context":{"text":"Sin categor\u00eda","link":"https:\/\/1005.com.ar\/index.php\/category\/sin-categoria\/"},"img":{"alt_text":"","src":"https:\/\/i0.wp.com\/1005.com.ar\/wp-content\/uploads\/2022\/07\/62dc51928a1b8_900.jpg?resize=350%2C200&ssl=1","width":350,"height":200,"srcset":"https:\/\/i0.wp.com\/1005.com.ar\/wp-content\/uploads\/2022\/07\/62dc51928a1b8_900.jpg?resize=350%2C200&ssl=1 1x, https:\/\/i0.wp.com\/1005.com.ar\/wp-content\/uploads\/2022\/07\/62dc51928a1b8_900.jpg?resize=525%2C300&ssl=1 1.5x, https:\/\/i0.wp.com\/1005.com.ar\/wp-content\/uploads\/2022\/07\/62dc51928a1b8_900.jpg?resize=700%2C400&ssl=1 2x"},"classes":[]}],"jetpack_likes_enabled":true,"jetpack_sharing_enabled":true,"_links":{"self":[{"href":"https:\/\/1005.com.ar\/index.php\/wp-json\/wp\/v2\/posts\/6012","targetHints":{"allow":["GET"]}}],"collection":[{"href":"https:\/\/1005.com.ar\/index.php\/wp-json\/wp\/v2\/posts"}],"about":[{"href":"https:\/\/1005.com.ar\/index.php\/wp-json\/wp\/v2\/types\/post"}],"author":[{"embeddable":true,"href":"https:\/\/1005.com.ar\/index.php\/wp-json\/wp\/v2\/users\/7"}],"replies":[{"embeddable":true,"href":"https:\/\/1005.com.ar\/index.php\/wp-json\/wp\/v2\/comments?post=6012"}],"version-history":[{"count":1,"href":"https:\/\/1005.com.ar\/index.php\/wp-json\/wp\/v2\/posts\/6012\/revisions"}],"predecessor-version":[{"id":6014,"href":"https:\/\/1005.com.ar\/index.php\/wp-json\/wp\/v2\/posts\/6012\/revisions\/6014"}],"wp:featuredmedia":[{"embeddable":true,"href":"https:\/\/1005.com.ar\/index.php\/wp-json\/wp\/v2\/media\/6013"}],"wp:attachment":[{"href":"https:\/\/1005.com.ar\/index.php\/wp-json\/wp\/v2\/media?parent=6012"}],"wp:term":[{"taxonomy":"category","embeddable":true,"href":"https:\/\/1005.com.ar\/index.php\/wp-json\/wp\/v2\/categories?post=6012"},{"taxonomy":"post_tag","embeddable":true,"href":"https:\/\/1005.com.ar\/index.php\/wp-json\/wp\/v2\/tags?post=6012"}],"curies":[{"name":"wp","href":"https:\/\/api.w.org\/{rel}","templated":true}]}}