{"id":5989,"date":"2025-05-05T20:56:08","date_gmt":"2025-05-05T23:56:08","guid":{"rendered":"https:\/\/1005.com.ar\/?p=5989"},"modified":"2025-05-05T20:56:09","modified_gmt":"2025-05-05T23:56:09","slug":"los-gobernadores-analizan-los-cambios-del-super-iva-que-impulsa-nacion-y-crece-el-malestar-con-milei","status":"publish","type":"post","link":"https:\/\/1005.com.ar\/index.php\/2025\/05\/05\/los-gobernadores-analizan-los-cambios-del-super-iva-que-impulsa-nacion-y-crece-el-malestar-con-milei\/","title":{"rendered":"Los gobernadores analizan los cambios del S\u00faper IVA que impulsa Naci\u00f3n y crece el malestar con Milei"},"content":{"rendered":"\n<p><a href=\"https:\/\/www.infobae.com\/politica\/2025\/05\/05\/los-gobernadores-analizan-los-cambios-del-super-iva-que-impulsa-nacion-y-crece-el-malestar-con-milei-por-la-motosierra\">https:\/\/www.infobae.com\/politica\/2025\/05\/05\/los-gobernadores-analizan-los-cambios-del-super-iva-que-impulsa-nacion-y-crece-el-malestar-con-milei-por-la-motosierra<\/a><\/p>\n","protected":false},"excerpt":{"rendered":"<p>https:\/\/www.infobae.com\/politica\/2025\/05\/05\/los-gobernadores-analizan-los-cambios-del-super-iva-que-impulsa-nacion-y-crece-el-malestar-con-milei-por-la-motosierra<\/p>\n","protected":false},"author":7,"featured_media":5990,"comment_status":"open","ping_status":"closed","sticky":false,"template":"","format":"standard","meta":{"jetpack_post_was_ever_published":false,"_jetpack_newsletter_access":"","_jetpack_dont_email_post_to_subs":false,"_jetpack_newsletter_tier_id":0,"_jetpack_memberships_contains_paywalled_content":false,"_jetpack_memberships_contains_paid_content":false,"footnotes":"","jetpack_publicize_message":"","jetpack_publicize_feature_enabled":true,"jetpack_social_post_already_shared":true,"jetpack_social_options":{"image_generator_settings":{"template":"highway","default_image_id":0,"font":"","enabled":false},"version":2}},"categories":[1],"tags":[],"class_list":["post-5989","post","type-post","status-publish","format-standard","has-post-thumbnail","hentry","category-sin-categoria"],"jetpack_publicize_connections":[],"jetpack_featured_media_url":"https:\/\/1005.com.ar\/wp-content\/uploads\/2025\/05\/descarga-23.jpg","jetpack-related-posts":[{"id":4777,"url":"https:\/\/1005.com.ar\/index.php\/2024\/02\/26\/milei-y-el-juicio-politico-hasta-donde-llegara-la-pelea-con-chubut-y-todos-los-gobernadores\/","url_meta":{"origin":5989,"position":0},"title":"Milei y el juicio pol\u00edtico: \u00bfHasta d\u00f3nde llegar\u00e1 la pelea con Chubut y todos los gobernadores?","author":"Julieta Di Rocco","date":"febrero 26, 2024","format":false,"excerpt":"https:\/\/www.pagina12.com.ar\/715300-milei-y-el-juicio-politico-los-3-articulos-de-la-constitucio","rel":"","context":"En \u00abSin categor\u00eda\u00bb","block_context":{"text":"Sin categor\u00eda","link":"https:\/\/1005.com.ar\/index.php\/category\/sin-categoria\/"},"img":{"alt_text":"","src":"https:\/\/i0.wp.com\/1005.com.ar\/wp-content\/uploads\/2024\/02\/818299-javier-20milei-20exaltado.jpg?resize=350%2C200&ssl=1","width":350,"height":200,"srcset":"https:\/\/i0.wp.com\/1005.com.ar\/wp-content\/uploads\/2024\/02\/818299-javier-20milei-20exaltado.jpg?resize=350%2C200&ssl=1 1x, https:\/\/i0.wp.com\/1005.com.ar\/wp-content\/uploads\/2024\/02\/818299-javier-20milei-20exaltado.jpg?resize=525%2C300&ssl=1 1.5x, https:\/\/i0.wp.com\/1005.com.ar\/wp-content\/uploads\/2024\/02\/818299-javier-20milei-20exaltado.jpg?resize=700%2C400&ssl=1 2x"},"classes":[]},{"id":4792,"url":"https:\/\/1005.com.ar\/index.php\/2024\/03\/04\/el-ajuste-de-milei-derrumbo-las-compras-de-la-canasta-basica\/","url_meta":{"origin":5989,"position":1},"title":"El ajuste de Milei derrumb\u00f3 las compras de la canasta b\u00e1sica","author":"Julieta Di Rocco","date":"marzo 4, 2024","format":false,"excerpt":"El changuito del super, imposible de llenar https:\/\/www.pagina12.com.ar\/717699-el-changuito-del-super-imposible-de-llenar","rel":"","context":"En \u00abSin categor\u00eda\u00bb","block_context":{"text":"Sin categor\u00eda","link":"https:\/\/1005.com.ar\/index.php\/category\/sin-categoria\/"},"img":{"alt_text":"","src":"https:\/\/i0.wp.com\/1005.com.ar\/wp-content\/uploads\/2024\/03\/820015-whatsapp-20image-202024-03-03-20at-2017-31-02.jpeg?resize=350%2C200&ssl=1","width":350,"height":200,"srcset":"https:\/\/i0.wp.com\/1005.com.ar\/wp-content\/uploads\/2024\/03\/820015-whatsapp-20image-202024-03-03-20at-2017-31-02.jpeg?resize=350%2C200&ssl=1 1x, https:\/\/i0.wp.com\/1005.com.ar\/wp-content\/uploads\/2024\/03\/820015-whatsapp-20image-202024-03-03-20at-2017-31-02.jpeg?resize=525%2C300&ssl=1 1.5x, https:\/\/i0.wp.com\/1005.com.ar\/wp-content\/uploads\/2024\/03\/820015-whatsapp-20image-202024-03-03-20at-2017-31-02.jpeg?resize=700%2C400&ssl=1 2x"},"classes":[]},{"id":3095,"url":"https:\/\/1005.com.ar\/index.php\/2022\/07\/11\/dolar-inflacion-y-mercados-cuatro-economistas-analizan-los-primeros-anuncios-de-silvina-batakis\/","url_meta":{"origin":5989,"position":2},"title":"D\u00f3lar, inflaci\u00f3n y mercados: cuatro economistas analizan los primeros anuncios de Silvina Batakis\u00a0","author":"Julieta Di Rocco","date":"julio 11, 2022","format":false,"excerpt":"Entre otros temas, la nueva ministra de Econom\u00eda se refiri\u00f3 al tipo de cambio, los subsidios de tarifas, la inflaci\u00f3n, el FMI y el gasto p\u00fablico. C\u00f3mo se pueden leer estas definiciones.\u00a0 https:\/\/www.pagina12.com.ar\/436197-dolar-inflacion-y-mercados-cuatro-economistas-analizan-los-p","rel":"","context":"En \u00abSin categor\u00eda\u00bb","block_context":{"text":"Sin categor\u00eda","link":"https:\/\/1005.com.ar\/index.php\/category\/sin-categoria\/"},"img":{"alt_text":"","src":"https:\/\/i0.wp.com\/1005.com.ar\/wp-content\/uploads\/2022\/07\/580158-570006-batakis6-0.jpg?resize=350%2C200&ssl=1","width":350,"height":200,"srcset":"https:\/\/i0.wp.com\/1005.com.ar\/wp-content\/uploads\/2022\/07\/580158-570006-batakis6-0.jpg?resize=350%2C200&ssl=1 1x, https:\/\/i0.wp.com\/1005.com.ar\/wp-content\/uploads\/2022\/07\/580158-570006-batakis6-0.jpg?resize=525%2C300&ssl=1 1.5x, https:\/\/i0.wp.com\/1005.com.ar\/wp-content\/uploads\/2022\/07\/580158-570006-batakis6-0.jpg?resize=700%2C400&ssl=1 2x"},"classes":[]},{"id":2570,"url":"https:\/\/1005.com.ar\/index.php\/2021\/12\/29\/los-ministros-de-salud-del-pais-analizan-nuevas-medidas-para-contener-la-fuerte-suba-de-contagios\/","url_meta":{"origin":5989,"position":3},"title":"Los ministros de salud del pa\u00eds analizan nuevas medidas para contener la fuerte suba de contagios","author":"Radio Music","date":"diciembre 29, 2021","format":false,"excerpt":"Ser\u00e1 en la reuni\u00f3n que se lleva a cabo esta ma\u00f1ana; las novedades ser\u00e1n anunciadas en una conferencia En los \u00faltimos d\u00edas, la demanda de testeos para Covid-19 aument\u00f3 exponencialmente, y en Mar del Plata tambi\u00e9n hubo largas filas https:\/\/www.lanacion.com.ar\/sociedad\/analizan-nuevas-medidas-para-contener-la-suba-de-contagios-de-coronavirus-nid28122021\/","rel":"","context":"En \u00abSin categor\u00eda\u00bb","block_context":{"text":"Sin categor\u00eda","link":"https:\/\/1005.com.ar\/index.php\/category\/sin-categoria\/"},"img":{"alt_text":"","src":"https:\/\/i0.wp.com\/1005.com.ar\/wp-content\/uploads\/2021\/12\/LAOTZ6CEZFG23I2NSYV3UZ6UB4.jpg?resize=350%2C200&ssl=1","width":350,"height":200,"srcset":"https:\/\/i0.wp.com\/1005.com.ar\/wp-content\/uploads\/2021\/12\/LAOTZ6CEZFG23I2NSYV3UZ6UB4.jpg?resize=350%2C200&ssl=1 1x, https:\/\/i0.wp.com\/1005.com.ar\/wp-content\/uploads\/2021\/12\/LAOTZ6CEZFG23I2NSYV3UZ6UB4.jpg?resize=525%2C300&ssl=1 1.5x, https:\/\/i0.wp.com\/1005.com.ar\/wp-content\/uploads\/2021\/12\/LAOTZ6CEZFG23I2NSYV3UZ6UB4.jpg?resize=700%2C400&ssl=1 2x"},"classes":[]},{"id":4740,"url":"https:\/\/1005.com.ar\/index.php\/2024\/02\/09\/gobernadores-en-defensa-propia\/","url_meta":{"origin":5989,"position":4},"title":"Gobernadores en defensa propia","author":"Julieta Di Rocco","date":"febrero 9, 2024","format":false,"excerpt":"Rechazo de mandatarios provinciales e intendentes a la quita de subsidios https:\/\/www.pagina12.com.ar\/711444-gobernadores-en-defensa-propia","rel":"","context":"En \u00abSin categor\u00eda\u00bb","block_context":{"text":"Sin categor\u00eda","link":"https:\/\/1005.com.ar\/index.php\/category\/sin-categoria\/"},"img":{"alt_text":"","src":"https:\/\/i0.wp.com\/1005.com.ar\/wp-content\/uploads\/2024\/02\/814614-whatsapp-20image-202024-02-08-20at-2010-12-32-20pm.jpeg?resize=350%2C200&ssl=1","width":350,"height":200,"srcset":"https:\/\/i0.wp.com\/1005.com.ar\/wp-content\/uploads\/2024\/02\/814614-whatsapp-20image-202024-02-08-20at-2010-12-32-20pm.jpeg?resize=350%2C200&ssl=1 1x, https:\/\/i0.wp.com\/1005.com.ar\/wp-content\/uploads\/2024\/02\/814614-whatsapp-20image-202024-02-08-20at-2010-12-32-20pm.jpeg?resize=525%2C300&ssl=1 1.5x, https:\/\/i0.wp.com\/1005.com.ar\/wp-content\/uploads\/2024\/02\/814614-whatsapp-20image-202024-02-08-20at-2010-12-32-20pm.jpeg?resize=700%2C400&ssl=1 2x"},"classes":[]},{"id":6582,"url":"https:\/\/1005.com.ar\/index.php\/2025\/12\/16\/gobernadores-del-pj-denunciaron-el-desfinanciamiento-de-las-provincias\/","url_meta":{"origin":5989,"position":5},"title":"Gobernadores del PJ denunciaron el desfinanciamiento de las provincias","author":"Julieta Di Rocco","date":"diciembre 16, 2025","format":false,"excerpt":"https:\/\/www.pagina12.com.ar\/2025\/12\/16\/gobernadores-del-pj-denunciaron-el-desfinanciamiento-de-las-provincias","rel":"","context":"En \u00abSin categor\u00eda\u00bb","block_context":{"text":"Sin categor\u00eda","link":"https:\/\/1005.com.ar\/index.php\/category\/sin-categoria\/"},"img":{"alt_text":"","src":"https:\/\/1005.com.ar\/wp-content\/uploads\/2025\/12\/UTIS7D5NCRGOHNIV7DSAB3RHKI.avif","width":350,"height":200,"srcset":"https:\/\/1005.com.ar\/wp-content\/uploads\/2025\/12\/UTIS7D5NCRGOHNIV7DSAB3RHKI.avif 1x, https:\/\/1005.com.ar\/wp-content\/uploads\/2025\/12\/UTIS7D5NCRGOHNIV7DSAB3RHKI.avif 1.5x, https:\/\/1005.com.ar\/wp-content\/uploads\/2025\/12\/UTIS7D5NCRGOHNIV7DSAB3RHKI.avif 2x, https:\/\/1005.com.ar\/wp-content\/uploads\/2025\/12\/UTIS7D5NCRGOHNIV7DSAB3RHKI.avif 3x, https:\/\/1005.com.ar\/wp-content\/uploads\/2025\/12\/UTIS7D5NCRGOHNIV7DSAB3RHKI.avif 4x"},"classes":[]}],"jetpack_likes_enabled":true,"jetpack_sharing_enabled":true,"_links":{"self":[{"href":"https:\/\/1005.com.ar\/index.php\/wp-json\/wp\/v2\/posts\/5989","targetHints":{"allow":["GET"]}}],"collection":[{"href":"https:\/\/1005.com.ar\/index.php\/wp-json\/wp\/v2\/posts"}],"about":[{"href":"https:\/\/1005.com.ar\/index.php\/wp-json\/wp\/v2\/types\/post"}],"author":[{"embeddable":true,"href":"https:\/\/1005.com.ar\/index.php\/wp-json\/wp\/v2\/users\/7"}],"replies":[{"embeddable":true,"href":"https:\/\/1005.com.ar\/index.php\/wp-json\/wp\/v2\/comments?post=5989"}],"version-history":[{"count":1,"href":"https:\/\/1005.com.ar\/index.php\/wp-json\/wp\/v2\/posts\/5989\/revisions"}],"predecessor-version":[{"id":5991,"href":"https:\/\/1005.com.ar\/index.php\/wp-json\/wp\/v2\/posts\/5989\/revisions\/5991"}],"wp:featuredmedia":[{"embeddable":true,"href":"https:\/\/1005.com.ar\/index.php\/wp-json\/wp\/v2\/media\/5990"}],"wp:attachment":[{"href":"https:\/\/1005.com.ar\/index.php\/wp-json\/wp\/v2\/media?parent=5989"}],"wp:term":[{"taxonomy":"category","embeddable":true,"href":"https:\/\/1005.com.ar\/index.php\/wp-json\/wp\/v2\/categories?post=5989"},{"taxonomy":"post_tag","embeddable":true,"href":"https:\/\/1005.com.ar\/index.php\/wp-json\/wp\/v2\/tags?post=5989"}],"curies":[{"name":"wp","href":"https:\/\/api.w.org\/{rel}","templated":true}]}}