{"id":5983,"date":"2025-04-29T17:54:23","date_gmt":"2025-04-29T20:54:23","guid":{"rendered":"https:\/\/1005.com.ar\/?p=5983"},"modified":"2025-04-29T17:54:24","modified_gmt":"2025-04-29T20:54:24","slug":"mas-de-30-mil-empleos-industriales-perdidos","status":"publish","type":"post","link":"https:\/\/1005.com.ar\/index.php\/2025\/04\/29\/mas-de-30-mil-empleos-industriales-perdidos\/","title":{"rendered":"M\u00e1s de 30 mil empleos industriales perdidos"},"content":{"rendered":"\n<p>Los sectores m\u00e1s afectados son automotor, textil y electr\u00f3nico, por la ca\u00edda del consumo interno y las facilidades de ingreso de productos importados<\/p>\n\n\n\n<p><a href=\"https:\/\/www.pagina12.com.ar\/821748-mas-de-30-mil-empleos-industriales-perdidos\">https:\/\/www.pagina12.com.ar\/821748-mas-de-30-mil-empleos-industriales-perdidos<\/a><\/p>\n","protected":false},"excerpt":{"rendered":"<p>Los sectores m\u00e1s afectados son automotor, textil y electr\u00f3nico, por la ca\u00edda del consumo interno y las facilidades de ingreso<\/p>\n","protected":false},"author":7,"featured_media":5984,"comment_status":"open","ping_status":"closed","sticky":false,"template":"","format":"standard","meta":{"jetpack_post_was_ever_published":false,"_jetpack_newsletter_access":"","_jetpack_dont_email_post_to_subs":false,"_jetpack_newsletter_tier_id":0,"_jetpack_memberships_contains_paywalled_content":false,"_jetpack_memberships_contains_paid_content":false,"footnotes":"","jetpack_publicize_message":"","jetpack_publicize_feature_enabled":true,"jetpack_social_post_already_shared":true,"jetpack_social_options":{"image_generator_settings":{"template":"highway","default_image_id":0,"font":"","enabled":false},"version":2}},"categories":[1],"tags":[],"class_list":["post-5983","post","type-post","status-publish","format-standard","has-post-thumbnail","hentry","category-sin-categoria"],"jetpack_publicize_connections":[],"jetpack_featured_media_url":"https:\/\/1005.com.ar\/wp-content\/uploads\/2025\/04\/932932-13a-g0143582-carolina-20camps.jpg","jetpack-related-posts":[{"id":5082,"url":"https:\/\/1005.com.ar\/index.php\/2024\/05\/07\/peligran-los-300-mil-puestos-de-trabajo-del-sector\/","url_meta":{"origin":5983,"position":0},"title":"\u00abPeligran los 300 mil puestos de trabajo del sector\u00bb","author":"Julieta Di Rocco","date":"mayo 7, 2024","format":false,"excerpt":"Industriales y trabajadores metal\u00fargicos se unen para resistir a la Ley Bases https:\/\/www.pagina12.com.ar\/734847-peligran-los-300-mil-puestos-de-trabajo-del-sector","rel":"","context":"En \u00abSin categor\u00eda\u00bb","block_context":{"text":"Sin categor\u00eda","link":"https:\/\/1005.com.ar\/index.php\/category\/sin-categoria\/"},"img":{"alt_text":"","src":"https:\/\/i0.wp.com\/1005.com.ar\/wp-content\/uploads\/2024\/05\/837355-3-a-na-0.jpg?resize=350%2C200&ssl=1","width":350,"height":200,"srcset":"https:\/\/i0.wp.com\/1005.com.ar\/wp-content\/uploads\/2024\/05\/837355-3-a-na-0.jpg?resize=350%2C200&ssl=1 1x, https:\/\/i0.wp.com\/1005.com.ar\/wp-content\/uploads\/2024\/05\/837355-3-a-na-0.jpg?resize=525%2C300&ssl=1 1.5x, https:\/\/i0.wp.com\/1005.com.ar\/wp-content\/uploads\/2024\/05\/837355-3-a-na-0.jpg?resize=700%2C400&ssl=1 2x"},"classes":[]},{"id":5503,"url":"https:\/\/1005.com.ar\/index.php\/2024\/12\/08\/los-artistas-perdidos\/","url_meta":{"origin":5983,"position":1},"title":"Los artistas perdidos","author":"Julieta Di Rocco","date":"diciembre 8, 2024","format":false,"excerpt":"https:\/\/www.pagina12.com.ar\/788622-los-artistas-perdidos","rel":"","context":"En \u00abSin categor\u00eda\u00bb","block_context":{"text":"Sin categor\u00eda","link":"https:\/\/1005.com.ar\/index.php\/category\/sin-categoria\/"},"img":{"alt_text":"","src":"https:\/\/i0.wp.com\/1005.com.ar\/wp-content\/uploads\/2024\/12\/896474-40a-0.jpg?resize=350%2C200&ssl=1","width":350,"height":200,"srcset":"https:\/\/i0.wp.com\/1005.com.ar\/wp-content\/uploads\/2024\/12\/896474-40a-0.jpg?resize=350%2C200&ssl=1 1x, https:\/\/i0.wp.com\/1005.com.ar\/wp-content\/uploads\/2024\/12\/896474-40a-0.jpg?resize=525%2C300&ssl=1 1.5x, https:\/\/i0.wp.com\/1005.com.ar\/wp-content\/uploads\/2024\/12\/896474-40a-0.jpg?resize=700%2C400&ssl=1 2x"},"classes":[]},{"id":1763,"url":"https:\/\/1005.com.ar\/index.php\/2021\/03\/05\/constructores-e-industriales-esperan-una-modesta-reactivacion-entre-febrero-y-abril-respecto-de-la-depresion-del-ano-anterior\/","url_meta":{"origin":5983,"position":2},"title":"Constructores e industriales esperan una modesta reactivaci\u00f3n entre febrero y abril respecto de la depresi\u00f3n del a\u00f1o anterior","author":"Radio Music","date":"marzo 5, 2021","format":false,"excerpt":"Despu\u00e9s de seis meses con muy pobre actividad productiva y comercial, derivada de las medidas preventivas de la crisis sanitaria, a partir de noviembre 2020 tanto constructores como industriales comenzaron a transitar lo que se proyecta sea un sendero de reactivaci\u00f3n, sustentado en el\u00a0comienzo de la vacunaci\u00f3n contra el covid-19\u2026","rel":"","context":"En \u00abSin categor\u00eda\u00bb","block_context":{"text":"Sin categor\u00eda","link":"https:\/\/1005.com.ar\/index.php\/category\/sin-categoria\/"},"img":{"alt_text":"","src":"https:\/\/i0.wp.com\/1005.com.ar\/wp-content\/uploads\/2021\/03\/H577TO4NLBG4TO2EYTPG7NVHPI.jpg?resize=350%2C200&ssl=1","width":350,"height":200,"srcset":"https:\/\/i0.wp.com\/1005.com.ar\/wp-content\/uploads\/2021\/03\/H577TO4NLBG4TO2EYTPG7NVHPI.jpg?resize=350%2C200&ssl=1 1x, https:\/\/i0.wp.com\/1005.com.ar\/wp-content\/uploads\/2021\/03\/H577TO4NLBG4TO2EYTPG7NVHPI.jpg?resize=525%2C300&ssl=1 1.5x, https:\/\/i0.wp.com\/1005.com.ar\/wp-content\/uploads\/2021\/03\/H577TO4NLBG4TO2EYTPG7NVHPI.jpg?resize=700%2C400&ssl=1 2x"},"classes":[]},{"id":1362,"url":"https:\/\/1005.com.ar\/index.php\/2021\/01\/29\/el-gobierno-reglamento-el-impuesto-a-la-riqueza-y-la-ley-entro-en-vigencia\/","url_meta":{"origin":5983,"position":3},"title":"El Gobierno reglament\u00f3 el impuesto a la riqueza y la ley entr\u00f3 en vigencia","author":"Radio Music","date":"enero 29, 2021","format":false,"excerpt":"Esperan recaudar $300.000 millones. Prev\u00e9 el cobro por \u00fanica vez de una tasa de entre el 2 y el 3,5% a los patrimonios de las personas f\u00edsicas que hayan declarado m\u00e1s de $200 millones","rel":"","context":"En \u00abSin categor\u00eda\u00bb","block_context":{"text":"Sin categor\u00eda","link":"https:\/\/1005.com.ar\/index.php\/category\/sin-categoria\/"},"img":{"alt_text":"","src":"https:\/\/i0.wp.com\/1005.com.ar\/wp-content\/uploads\/2021\/01\/FR7O6FV6VFDNBE6A6BUSGBUN6E.jpg?resize=350%2C200&ssl=1","width":350,"height":200,"srcset":"https:\/\/i0.wp.com\/1005.com.ar\/wp-content\/uploads\/2021\/01\/FR7O6FV6VFDNBE6A6BUSGBUN6E.jpg?resize=350%2C200&ssl=1 1x, https:\/\/i0.wp.com\/1005.com.ar\/wp-content\/uploads\/2021\/01\/FR7O6FV6VFDNBE6A6BUSGBUN6E.jpg?resize=525%2C300&ssl=1 1.5x, https:\/\/i0.wp.com\/1005.com.ar\/wp-content\/uploads\/2021\/01\/FR7O6FV6VFDNBE6A6BUSGBUN6E.jpg?resize=700%2C400&ssl=1 2x"},"classes":[]},{"id":5160,"url":"https:\/\/1005.com.ar\/index.php\/2024\/05\/28\/la-motosierra-contra-los-mas-pobres-mil-obras-paralizadas-en-barrios-populares-y-25-mil-despidos\/","url_meta":{"origin":5983,"position":4},"title":"La motosierra contra los m\u00e1s pobres: mil obras paralizadas en barrios populares y 25 mil despidos","author":"Julieta Di Rocco","date":"mayo 28, 2024","format":false,"excerpt":"https:\/\/www.pagina12.com.ar\/740064-la-motosierra-contra-los-mas-pobres-mil-obras-paralizadas-en","rel":"","context":"En \u00abSin categor\u00eda\u00bb","block_context":{"text":"Sin categor\u00eda","link":"https:\/\/1005.com.ar\/index.php\/category\/sin-categoria\/"},"img":{"alt_text":"","src":"https:\/\/i0.wp.com\/1005.com.ar\/wp-content\/uploads\/2024\/05\/842521-fisu-20t-c3-a9lam.jpeg?resize=350%2C200&ssl=1","width":350,"height":200,"srcset":"https:\/\/i0.wp.com\/1005.com.ar\/wp-content\/uploads\/2024\/05\/842521-fisu-20t-c3-a9lam.jpeg?resize=350%2C200&ssl=1 1x, https:\/\/i0.wp.com\/1005.com.ar\/wp-content\/uploads\/2024\/05\/842521-fisu-20t-c3-a9lam.jpeg?resize=525%2C300&ssl=1 1.5x, https:\/\/i0.wp.com\/1005.com.ar\/wp-content\/uploads\/2024\/05\/842521-fisu-20t-c3-a9lam.jpeg?resize=700%2C400&ssl=1 2x"},"classes":[]},{"id":1510,"url":"https:\/\/1005.com.ar\/index.php\/2021\/02\/09\/massa-le-puso-fecha-a-la-sancion-de-los-cambios-en-el-impuesto-a-las-ganancias\/","url_meta":{"origin":5983,"position":5},"title":"Massa le puso fecha a la sanci\u00f3n de los cambios en el impuesto a las Ganancias","author":"Radio Music","date":"febrero 9, 2021","format":false,"excerpt":"Explic\u00f3 c\u00f3mo ser\u00e1 el tr\u00e1mite legislativo","rel":"","context":"En \u00abSin categor\u00eda\u00bb","block_context":{"text":"Sin categor\u00eda","link":"https:\/\/1005.com.ar\/index.php\/category\/sin-categoria\/"},"img":{"alt_text":"","src":"https:\/\/i0.wp.com\/1005.com.ar\/wp-content\/uploads\/2021\/02\/139444-massa.jpeg?resize=350%2C200&ssl=1","width":350,"height":200,"srcset":"https:\/\/i0.wp.com\/1005.com.ar\/wp-content\/uploads\/2021\/02\/139444-massa.jpeg?resize=350%2C200&ssl=1 1x, https:\/\/i0.wp.com\/1005.com.ar\/wp-content\/uploads\/2021\/02\/139444-massa.jpeg?resize=525%2C300&ssl=1 1.5x, https:\/\/i0.wp.com\/1005.com.ar\/wp-content\/uploads\/2021\/02\/139444-massa.jpeg?resize=700%2C400&ssl=1 2x"},"classes":[]}],"jetpack_likes_enabled":true,"jetpack_sharing_enabled":true,"_links":{"self":[{"href":"https:\/\/1005.com.ar\/index.php\/wp-json\/wp\/v2\/posts\/5983","targetHints":{"allow":["GET"]}}],"collection":[{"href":"https:\/\/1005.com.ar\/index.php\/wp-json\/wp\/v2\/posts"}],"about":[{"href":"https:\/\/1005.com.ar\/index.php\/wp-json\/wp\/v2\/types\/post"}],"author":[{"embeddable":true,"href":"https:\/\/1005.com.ar\/index.php\/wp-json\/wp\/v2\/users\/7"}],"replies":[{"embeddable":true,"href":"https:\/\/1005.com.ar\/index.php\/wp-json\/wp\/v2\/comments?post=5983"}],"version-history":[{"count":1,"href":"https:\/\/1005.com.ar\/index.php\/wp-json\/wp\/v2\/posts\/5983\/revisions"}],"predecessor-version":[{"id":5985,"href":"https:\/\/1005.com.ar\/index.php\/wp-json\/wp\/v2\/posts\/5983\/revisions\/5985"}],"wp:featuredmedia":[{"embeddable":true,"href":"https:\/\/1005.com.ar\/index.php\/wp-json\/wp\/v2\/media\/5984"}],"wp:attachment":[{"href":"https:\/\/1005.com.ar\/index.php\/wp-json\/wp\/v2\/media?parent=5983"}],"wp:term":[{"taxonomy":"category","embeddable":true,"href":"https:\/\/1005.com.ar\/index.php\/wp-json\/wp\/v2\/categories?post=5983"},{"taxonomy":"post_tag","embeddable":true,"href":"https:\/\/1005.com.ar\/index.php\/wp-json\/wp\/v2\/tags?post=5983"}],"curies":[{"name":"wp","href":"https:\/\/api.w.org\/{rel}","templated":true}]}}