{"id":5925,"date":"2025-04-09T11:49:18","date_gmt":"2025-04-09T14:49:18","guid":{"rendered":"https:\/\/1005.com.ar\/?p=5925"},"modified":"2025-04-09T11:49:19","modified_gmt":"2025-04-09T14:49:19","slug":"el-experimento-cientifico-de-jurassic-park-para-revivir-dinosaurios-y-su-relacion-con-el-caso-de-los-lobos-huargos","status":"publish","type":"post","link":"https:\/\/1005.com.ar\/index.php\/2025\/04\/09\/el-experimento-cientifico-de-jurassic-park-para-revivir-dinosaurios-y-su-relacion-con-el-caso-de-los-lobos-huargos\/","title":{"rendered":"El experimento cient\u00edfico de Jurassic Park para revivir dinosaurios y su relaci\u00f3n con el caso de los lobos huargos"},"content":{"rendered":"\n<p><a href=\"https:\/\/www.infobae.com\/america\/ciencia-america\/2025\/04\/09\/el-experimento-cientifico-de-jurassic-park-para-revivir-dinosaurios-y-su-relacion-con-el-caso-de-los-lobos-terribles\">https:\/\/www.infobae.com\/america\/ciencia-america\/2025\/04\/09\/el-experimento-cientifico-de-jurassic-park-para-revivir-dinosaurios-y-su-relacion-con-el-caso-de-los-lobos-terribles<\/a><\/p>\n","protected":false},"excerpt":{"rendered":"<p>https:\/\/www.infobae.com\/america\/ciencia-america\/2025\/04\/09\/el-experimento-cientifico-de-jurassic-park-para-revivir-dinosaurios-y-su-relacion-con-el-caso-de-los-lobos-terribles<\/p>\n","protected":false},"author":7,"featured_media":5926,"comment_status":"open","ping_status":"closed","sticky":false,"template":"","format":"standard","meta":{"jetpack_post_was_ever_published":false,"_jetpack_newsletter_access":"","_jetpack_dont_email_post_to_subs":false,"_jetpack_newsletter_tier_id":0,"_jetpack_memberships_contains_paywalled_content":false,"_jetpack_memberships_contains_paid_content":false,"footnotes":"","jetpack_publicize_message":"","jetpack_publicize_feature_enabled":true,"jetpack_social_post_already_shared":true,"jetpack_social_options":{"image_generator_settings":{"template":"highway","default_image_id":0,"font":"","enabled":false},"version":2}},"categories":[1],"tags":[],"class_list":["post-5925","post","type-post","status-publish","format-standard","has-post-thumbnail","hentry","category-sin-categoria"],"jetpack_publicize_connections":[],"jetpack_featured_media_url":"https:\/\/1005.com.ar\/wp-content\/uploads\/2025\/04\/descarga-16.jpg","jetpack-related-posts":[{"id":1298,"url":"https:\/\/1005.com.ar\/index.php\/2021\/01\/27\/juan-fueyo-conseguiremos-que-este-virus-sea-historia-a-mitad-de-ano\/","url_meta":{"origin":5925,"position":0},"title":"Juan Fueyo: \u00abConseguiremos que este virus sea historia a mitad de a\u00f1o\u00bb","author":"Radio Music","date":"enero 27, 2021","format":false,"excerpt":"El cient\u00edfico y escritor espa\u00f1ol Juan Fueyo, autor del libro Viral","rel":"","context":"En \u00abSin categor\u00eda\u00bb","block_context":{"text":"Sin categor\u00eda","link":"https:\/\/1005.com.ar\/index.php\/category\/sin-categoria\/"},"img":{"alt_text":"","src":"https:\/\/i0.wp.com\/1005.com.ar\/wp-content\/uploads\/2021\/01\/3593834w1033.jpg?resize=350%2C200&ssl=1","width":350,"height":200,"srcset":"https:\/\/i0.wp.com\/1005.com.ar\/wp-content\/uploads\/2021\/01\/3593834w1033.jpg?resize=350%2C200&ssl=1 1x, https:\/\/i0.wp.com\/1005.com.ar\/wp-content\/uploads\/2021\/01\/3593834w1033.jpg?resize=525%2C300&ssl=1 1.5x, https:\/\/i0.wp.com\/1005.com.ar\/wp-content\/uploads\/2021\/01\/3593834w1033.jpg?resize=700%2C400&ssl=1 2x"},"classes":[]},{"id":5965,"url":"https:\/\/1005.com.ar\/index.php\/2025\/04\/25\/inteligencia-artificial-y-planificacion-militar-el-experimento-que-redefine-la-estrategia-global\/","url_meta":{"origin":5925,"position":1},"title":"Inteligencia artificial y planificaci\u00f3n militar: el experimento que redefine la estrategia global","author":"Julieta Di Rocco","date":"abril 25, 2025","format":false,"excerpt":"https:\/\/www.infobae.com\/estados-unidos\/2025\/04\/25\/inteligencia-artificial-y-planificacion-militar-el-experimento-que-redefine-la-estrategia-global","rel":"","context":"En \u00abSin categor\u00eda\u00bb","block_context":{"text":"Sin categor\u00eda","link":"https:\/\/1005.com.ar\/index.php\/category\/sin-categoria\/"},"img":{"alt_text":"","src":"","width":0,"height":0},"classes":[]},{"id":1664,"url":"https:\/\/1005.com.ar\/index.php\/2021\/02\/26\/piden-por-la-vuelta-del-tren-que-une-saladillo-con-lobos-y-que-se-implemente-un-servicio-estudiantil\/","url_meta":{"origin":5925,"position":2},"title":"Piden por la vuelta del tren que une Saladillo con Lobos y que se implemente un servicio estudiantil","author":"Radio Music","date":"febrero 26, 2021","format":false,"excerpt":"Un grupo de vecinos de Roque Per\u00e9z inici\u00f3 en 2017 un pedido por la vuelta del servicio de 50 km que une Lobos y Saladillo, tramo que atraviesa a ocho localidades, entre ellas\u00a0 Lobos, Laguna de Lobos, Roque Per\u00e9z, Del Carril, Caz\u00f3n y Saladillo. En di\u00e1logo con LaNoticia1.com, Dami\u00e1n Grasetti,\u2026","rel":"","context":"En \u00abSin categor\u00eda\u00bb","block_context":{"text":"Sin categor\u00eda","link":"https:\/\/1005.com.ar\/index.php\/category\/sin-categoria\/"},"img":{"alt_text":"","src":"https:\/\/i0.wp.com\/1005.com.ar\/wp-content\/uploads\/2021\/02\/1796680_376710262471704_2005858353_n.jpg?resize=350%2C200&ssl=1","width":350,"height":200},"classes":[]},{"id":2057,"url":"https:\/\/1005.com.ar\/index.php\/2021\/06\/07\/se-recupera-la-produccion-metalurgica\/","url_meta":{"origin":5925,"position":3},"title":"Se recupera la producci\u00f3n metal\u00fargica","author":"Radio Music","date":"junio 7, 2021","format":false,"excerpt":"La actividad metal\u00fargica creci\u00f3 51,8 por ciento interanual en abril, mientras que el nivel de producci\u00f3n cay\u00f3 4,4 por ciento respecto al mes previo, de acuerdo a la Asociaci\u00f3n de Industriales Metal\u00fargicos de la Rep\u00fablica Argentina (Adimra). Seg\u00fan un informe elaborado por el Departamento de Estudios Econ\u00f3micos de la entidad,\u2026","rel":"","context":"En \u00abSin categor\u00eda\u00bb","block_context":{"text":"Sin categor\u00eda","link":"https:\/\/1005.com.ar\/index.php\/category\/sin-categoria\/"},"img":{"alt_text":"","src":"","width":0,"height":0},"classes":[]},{"id":5860,"url":"https:\/\/1005.com.ar\/index.php\/2025\/03\/30\/a-100-anos-de-la-estadia-de-albert-einstein-en-argentina\/","url_meta":{"origin":5925,"position":4},"title":"A 100 a\u00f1os de la estad\u00eda de Albert Einstein en Argentina","author":"Julieta Di Rocco","date":"marzo 30, 2025","format":false,"excerpt":"Homenaje al cient\u00edfico que lo revolucion\u00f3 todo https:\/\/www.pagina12.com.ar\/814438-el-pais-rinde-homenaje-al-cientifico-que-lo-revoluciono-todo","rel":"","context":"En \u00abSin categor\u00eda\u00bb","block_context":{"text":"Sin categor\u00eda","link":"https:\/\/1005.com.ar\/index.php\/category\/sin-categoria\/"},"img":{"alt_text":"","src":"https:\/\/i0.wp.com\/1005.com.ar\/wp-content\/uploads\/2025\/03\/925019-19a-agn.jpg?resize=350%2C200&ssl=1","width":350,"height":200,"srcset":"https:\/\/i0.wp.com\/1005.com.ar\/wp-content\/uploads\/2025\/03\/925019-19a-agn.jpg?resize=350%2C200&ssl=1 1x, https:\/\/i0.wp.com\/1005.com.ar\/wp-content\/uploads\/2025\/03\/925019-19a-agn.jpg?resize=525%2C300&ssl=1 1.5x, https:\/\/i0.wp.com\/1005.com.ar\/wp-content\/uploads\/2025\/03\/925019-19a-agn.jpg?resize=700%2C400&ssl=1 2x"},"classes":[]},{"id":4850,"url":"https:\/\/1005.com.ar\/index.php\/2024\/03\/19\/javier-milei-100-dias-como-presidente-entre-ajuste-licuadora-y-motosierra\/","url_meta":{"origin":5925,"position":5},"title":"Javier Milei: 100 d\u00edas como presidente, entre ajuste, licuadora y motosierra","author":"Julieta Di Rocco","date":"marzo 19, 2024","format":false,"excerpt":"El experimento ultraliberal llev\u00f3 la pobreza a casi el 60 por ciento https:\/\/www.pagina12.com.ar\/721653-javier-milei-la-derrota-del-dnu-la-interna-con-villarruel-y-","rel":"","context":"En \u00abSin categor\u00eda\u00bb","block_context":{"text":"Sin categor\u00eda","link":"https:\/\/1005.com.ar\/index.php\/category\/sin-categoria\/"},"img":{"alt_text":"","src":"https:\/\/i0.wp.com\/1005.com.ar\/wp-content\/uploads\/2024\/03\/824199-000-347n4xa.jpg?resize=350%2C200&ssl=1","width":350,"height":200,"srcset":"https:\/\/i0.wp.com\/1005.com.ar\/wp-content\/uploads\/2024\/03\/824199-000-347n4xa.jpg?resize=350%2C200&ssl=1 1x, https:\/\/i0.wp.com\/1005.com.ar\/wp-content\/uploads\/2024\/03\/824199-000-347n4xa.jpg?resize=525%2C300&ssl=1 1.5x, https:\/\/i0.wp.com\/1005.com.ar\/wp-content\/uploads\/2024\/03\/824199-000-347n4xa.jpg?resize=700%2C400&ssl=1 2x"},"classes":[]}],"jetpack_likes_enabled":true,"jetpack_sharing_enabled":true,"_links":{"self":[{"href":"https:\/\/1005.com.ar\/index.php\/wp-json\/wp\/v2\/posts\/5925","targetHints":{"allow":["GET"]}}],"collection":[{"href":"https:\/\/1005.com.ar\/index.php\/wp-json\/wp\/v2\/posts"}],"about":[{"href":"https:\/\/1005.com.ar\/index.php\/wp-json\/wp\/v2\/types\/post"}],"author":[{"embeddable":true,"href":"https:\/\/1005.com.ar\/index.php\/wp-json\/wp\/v2\/users\/7"}],"replies":[{"embeddable":true,"href":"https:\/\/1005.com.ar\/index.php\/wp-json\/wp\/v2\/comments?post=5925"}],"version-history":[{"count":1,"href":"https:\/\/1005.com.ar\/index.php\/wp-json\/wp\/v2\/posts\/5925\/revisions"}],"predecessor-version":[{"id":5927,"href":"https:\/\/1005.com.ar\/index.php\/wp-json\/wp\/v2\/posts\/5925\/revisions\/5927"}],"wp:featuredmedia":[{"embeddable":true,"href":"https:\/\/1005.com.ar\/index.php\/wp-json\/wp\/v2\/media\/5926"}],"wp:attachment":[{"href":"https:\/\/1005.com.ar\/index.php\/wp-json\/wp\/v2\/media?parent=5925"}],"wp:term":[{"taxonomy":"category","embeddable":true,"href":"https:\/\/1005.com.ar\/index.php\/wp-json\/wp\/v2\/categories?post=5925"},{"taxonomy":"post_tag","embeddable":true,"href":"https:\/\/1005.com.ar\/index.php\/wp-json\/wp\/v2\/tags?post=5925"}],"curies":[{"name":"wp","href":"https:\/\/api.w.org\/{rel}","templated":true}]}}