{"id":5907,"date":"2025-04-04T20:27:14","date_gmt":"2025-04-04T23:27:14","guid":{"rendered":"https:\/\/1005.com.ar\/?p=5907"},"modified":"2025-04-04T20:27:16","modified_gmt":"2025-04-04T23:27:16","slug":"radiografia-digital-que-hacen-los-argentinos-en-internet-y-en-que-redes-sociales-pasan-mas-tiempo","status":"publish","type":"post","link":"https:\/\/1005.com.ar\/index.php\/2025\/04\/04\/radiografia-digital-que-hacen-los-argentinos-en-internet-y-en-que-redes-sociales-pasan-mas-tiempo\/","title":{"rendered":"Radiograf\u00eda digital: qu\u00e9 hacen los argentinos en internet y en qu\u00e9 redes sociales pasan m\u00e1s tiempo"},"content":{"rendered":"\n<p><a href=\"https:\/\/www.infobae.com\/tecno\/2025\/04\/04\/radiografia-digital-que-hacen-los-argentinos-en-internet-y-en-que-redes-sociales-pasan-mas-tiempo\">https:\/\/www.infobae.com\/tecno\/2025\/04\/04\/radiografia-digital-que-hacen-los-argentinos-en-internet-y-en-que-redes-sociales-pasan-mas-tiempo<\/a><\/p>\n","protected":false},"excerpt":{"rendered":"<p>https:\/\/www.infobae.com\/tecno\/2025\/04\/04\/radiografia-digital-que-hacen-los-argentinos-en-internet-y-en-que-redes-sociales-pasan-mas-tiempo<\/p>\n","protected":false},"author":7,"featured_media":5908,"comment_status":"open","ping_status":"closed","sticky":false,"template":"","format":"standard","meta":{"jetpack_post_was_ever_published":false,"_jetpack_newsletter_access":"","_jetpack_dont_email_post_to_subs":false,"_jetpack_newsletter_tier_id":0,"_jetpack_memberships_contains_paywalled_content":false,"_jetpack_memberships_contains_paid_content":false,"footnotes":"","jetpack_publicize_message":"","jetpack_publicize_feature_enabled":true,"jetpack_social_post_already_shared":true,"jetpack_social_options":{"image_generator_settings":{"template":"highway","default_image_id":0,"font":"","enabled":false},"version":2}},"categories":[1],"tags":[],"class_list":["post-5907","post","type-post","status-publish","format-standard","has-post-thumbnail","hentry","category-sin-categoria"],"jetpack_publicize_connections":[],"jetpack_featured_media_url":"https:\/\/1005.com.ar\/wp-content\/uploads\/2025\/04\/descarga-13.jpg","jetpack-related-posts":[{"id":1548,"url":"https:\/\/1005.com.ar\/index.php\/2021\/02\/12\/radiografia-completa-del-mercado-de-pases-argentino-las-salidas-resonantes-los-refuerzos-destacados-y-los-10-nuevos-entrenadores\/","url_meta":{"origin":5907,"position":0},"title":"Radiograf\u00eda completa del mercado de pases argentino: las salidas resonantes, los refuerzos destacados y los 10 nuevos entrenadores","author":"Radio Music","date":"febrero 12, 2021","format":false,"excerpt":"El f\u00fatbol est\u00e1 por comenzar y los clubes se siguen moviendo en busca del mejor plantel posible para la pr\u00f3xima Copa de la Liga Profesional","rel":"","context":"En \u00abSin categor\u00eda\u00bb","block_context":{"text":"Sin categor\u00eda","link":"https:\/\/1005.com.ar\/index.php\/category\/sin-categoria\/"},"img":{"alt_text":"","src":"https:\/\/i0.wp.com\/1005.com.ar\/wp-content\/uploads\/2021\/02\/UPLSY2DLJBEZZLOJA24PCKYUNA.jpg?resize=350%2C200&ssl=1","width":350,"height":200,"srcset":"https:\/\/i0.wp.com\/1005.com.ar\/wp-content\/uploads\/2021\/02\/UPLSY2DLJBEZZLOJA24PCKYUNA.jpg?resize=350%2C200&ssl=1 1x, https:\/\/i0.wp.com\/1005.com.ar\/wp-content\/uploads\/2021\/02\/UPLSY2DLJBEZZLOJA24PCKYUNA.jpg?resize=525%2C300&ssl=1 1.5x, https:\/\/i0.wp.com\/1005.com.ar\/wp-content\/uploads\/2021\/02\/UPLSY2DLJBEZZLOJA24PCKYUNA.jpg?resize=700%2C400&ssl=1 2x"},"classes":[]},{"id":5827,"url":"https:\/\/1005.com.ar\/index.php\/2025\/03\/15\/radiografia-de-la-era-milei\/","url_meta":{"origin":5907,"position":1},"title":"Radiograf\u00eda de la era Milei","author":"Julieta Di Rocco","date":"marzo 15, 2025","format":false,"excerpt":"Represi\u00f3n en el Congreso: violencia, manipulaci\u00f3n y un clima de tensi\u00f3n creciente https:\/\/diariohoy.net\/politica\/represion-en-el-congreso-violencia-manipulacion-y-un-clima-de-tension-creciente-267505","rel":"","context":"En \u00abSin categor\u00eda\u00bb","block_context":{"text":"Sin categor\u00eda","link":"https:\/\/1005.com.ar\/index.php\/category\/sin-categoria\/"},"img":{"alt_text":"","src":"https:\/\/i0.wp.com\/1005.com.ar\/wp-content\/uploads\/2025\/03\/0000640560.jpg?resize=350%2C200&ssl=1","width":350,"height":200,"srcset":"https:\/\/i0.wp.com\/1005.com.ar\/wp-content\/uploads\/2025\/03\/0000640560.jpg?resize=350%2C200&ssl=1 1x, https:\/\/i0.wp.com\/1005.com.ar\/wp-content\/uploads\/2025\/03\/0000640560.jpg?resize=525%2C300&ssl=1 1.5x, https:\/\/i0.wp.com\/1005.com.ar\/wp-content\/uploads\/2025\/03\/0000640560.jpg?resize=700%2C400&ssl=1 2x"},"classes":[]},{"id":2449,"url":"https:\/\/1005.com.ar\/index.php\/2021\/12\/08\/la-previa-del-acto-del-10-de-diciembre\/","url_meta":{"origin":5907,"position":2},"title":"La previa del acto del 10 de diciembre","author":"Radio Music","date":"diciembre 8, 2021","format":false,"excerpt":"La emotiva convocatoria de Cristina Kirchner para la marcha por el D\u00eda de la Democracia La vicepresidenta\u00a0Cristina Kirchner\u00a0public\u00f3 un emotivo video en sus redes sociales para convocar a todos los argentinos y argentinos a\u00a0acercarse a la\u00a0Plaza de Mayo\u00a0el pr\u00f3ximo viernes. \"\u00bfTe acord\u00e1s cuando nos encontr\u00e1bamos todos los\u00a010 de diciembre\u00a0para celebrar\u2026","rel":"","context":"En \u00abSin categor\u00eda\u00bb","block_context":{"text":"Sin categor\u00eda","link":"https:\/\/1005.com.ar\/index.php\/category\/sin-categoria\/"},"img":{"alt_text":"","src":"https:\/\/i0.wp.com\/1005.com.ar\/wp-content\/uploads\/2021\/11\/292990-cristina_0.jpg?resize=350%2C200&ssl=1","width":350,"height":200,"srcset":"https:\/\/i0.wp.com\/1005.com.ar\/wp-content\/uploads\/2021\/11\/292990-cristina_0.jpg?resize=350%2C200&ssl=1 1x, https:\/\/i0.wp.com\/1005.com.ar\/wp-content\/uploads\/2021\/11\/292990-cristina_0.jpg?resize=525%2C300&ssl=1 1.5x, https:\/\/i0.wp.com\/1005.com.ar\/wp-content\/uploads\/2021\/11\/292990-cristina_0.jpg?resize=700%2C400&ssl=1 2x"},"classes":[]},{"id":1661,"url":"https:\/\/1005.com.ar\/index.php\/2021\/02\/26\/alberto-fernandez-apunto-contra-la-predica-malintencionada-sobre-la-llegada-de-las-vacunas\/","url_meta":{"origin":5907,"position":3},"title":"Alberto F\u00e9rnandez apunt\u00f3 contra la \u00abpr\u00e9dica malintencionada\u00bb sobre la llegada de las vacunas","author":"Radio Music","date":"febrero 26, 2021","format":false,"excerpt":"Destac\u00f3 el esfuerzo del Gobierno","rel":"","context":"En \u00abSin categor\u00eda\u00bb","block_context":{"text":"Sin categor\u00eda","link":"https:\/\/1005.com.ar\/index.php\/category\/sin-categoria\/"},"img":{"alt_text":"","src":"https:\/\/i0.wp.com\/1005.com.ar\/wp-content\/uploads\/2021\/02\/alberto-fernandez-1133146.jpg?resize=350%2C200&ssl=1","width":350,"height":200,"srcset":"https:\/\/i0.wp.com\/1005.com.ar\/wp-content\/uploads\/2021\/02\/alberto-fernandez-1133146.jpg?resize=350%2C200&ssl=1 1x, https:\/\/i0.wp.com\/1005.com.ar\/wp-content\/uploads\/2021\/02\/alberto-fernandez-1133146.jpg?resize=525%2C300&ssl=1 1.5x, https:\/\/i0.wp.com\/1005.com.ar\/wp-content\/uploads\/2021\/02\/alberto-fernandez-1133146.jpg?resize=700%2C400&ssl=1 2x"},"classes":[]},{"id":6728,"url":"https:\/\/1005.com.ar\/index.php\/2026\/02\/25\/redes-sociales-a-juicio-zuckerberg-niega-que-instagram-este-disenado-para-crear-adiccion-y-atraer-a-menores\/","url_meta":{"origin":5907,"position":4},"title":"Redes sociales a juicio: Zuckerberg niega que Instagram est\u00e9 dise\u00f1ado para crear adicci\u00f3n y atraer a menores","author":"Julieta Di Rocco","date":"febrero 25, 2026","format":false,"excerpt":"https:\/\/www.lanacion.com.ar\/tecnologia\/redes-sociales-a-juicio-zuckerberg-niega-que-instagram-este-disenado-para-crear-adiccion-y-atraer-a-nid19022026","rel":"","context":"En \u00abSin categor\u00eda\u00bb","block_context":{"text":"Sin categor\u00eda","link":"https:\/\/1005.com.ar\/index.php\/category\/sin-categoria\/"},"img":{"alt_text":"","src":"https:\/\/1005.com.ar\/wp-content\/uploads\/2026\/02\/mark-zuckerberg-llega-a-declarar-en-los-angeles-VOCZQV2C45CTVBIS5HP6M7K7UQ.avif","width":350,"height":200,"srcset":"https:\/\/1005.com.ar\/wp-content\/uploads\/2026\/02\/mark-zuckerberg-llega-a-declarar-en-los-angeles-VOCZQV2C45CTVBIS5HP6M7K7UQ.avif 1x, https:\/\/1005.com.ar\/wp-content\/uploads\/2026\/02\/mark-zuckerberg-llega-a-declarar-en-los-angeles-VOCZQV2C45CTVBIS5HP6M7K7UQ.avif 1.5x, https:\/\/1005.com.ar\/wp-content\/uploads\/2026\/02\/mark-zuckerberg-llega-a-declarar-en-los-angeles-VOCZQV2C45CTVBIS5HP6M7K7UQ.avif 2x"},"classes":[]},{"id":1775,"url":"https:\/\/1005.com.ar\/index.php\/2021\/03\/05\/river-plate-gallardo-presencio-esta-manana-el-partido-de-la-reserva-ante-argentinos\/","url_meta":{"origin":5907,"position":5},"title":"River Plate: Gallardo presenci\u00f3 esta ma\u00f1ana el partido de la reserva ante Argentinos","author":"Radio Music","date":"marzo 5, 2021","format":false,"excerpt":"El\u00a0director t\u00e9cnico de River Plate, Marcelo Gallardo, sorprendi\u00f3 esta ma\u00f1ana al presenciar el partido de la divisi\u00f3n Reserva en el River Camp, horas despu\u00e9s de coronar la Supercopa Argentina que signific\u00f3 el duod\u00e9cimo t\u00edtulo de su gesti\u00f3n en N\u00fa\u00f1ez. Vestido\u00a0con ropa de entrenamiento y provisto de un mate y un\u2026","rel":"","context":"En \u00abSin categor\u00eda\u00bb","block_context":{"text":"Sin categor\u00eda","link":"https:\/\/1005.com.ar\/index.php\/category\/sin-categoria\/"},"img":{"alt_text":"","src":"","width":0,"height":0},"classes":[]}],"jetpack_likes_enabled":true,"jetpack_sharing_enabled":true,"_links":{"self":[{"href":"https:\/\/1005.com.ar\/index.php\/wp-json\/wp\/v2\/posts\/5907","targetHints":{"allow":["GET"]}}],"collection":[{"href":"https:\/\/1005.com.ar\/index.php\/wp-json\/wp\/v2\/posts"}],"about":[{"href":"https:\/\/1005.com.ar\/index.php\/wp-json\/wp\/v2\/types\/post"}],"author":[{"embeddable":true,"href":"https:\/\/1005.com.ar\/index.php\/wp-json\/wp\/v2\/users\/7"}],"replies":[{"embeddable":true,"href":"https:\/\/1005.com.ar\/index.php\/wp-json\/wp\/v2\/comments?post=5907"}],"version-history":[{"count":1,"href":"https:\/\/1005.com.ar\/index.php\/wp-json\/wp\/v2\/posts\/5907\/revisions"}],"predecessor-version":[{"id":5909,"href":"https:\/\/1005.com.ar\/index.php\/wp-json\/wp\/v2\/posts\/5907\/revisions\/5909"}],"wp:featuredmedia":[{"embeddable":true,"href":"https:\/\/1005.com.ar\/index.php\/wp-json\/wp\/v2\/media\/5908"}],"wp:attachment":[{"href":"https:\/\/1005.com.ar\/index.php\/wp-json\/wp\/v2\/media?parent=5907"}],"wp:term":[{"taxonomy":"category","embeddable":true,"href":"https:\/\/1005.com.ar\/index.php\/wp-json\/wp\/v2\/categories?post=5907"},{"taxonomy":"post_tag","embeddable":true,"href":"https:\/\/1005.com.ar\/index.php\/wp-json\/wp\/v2\/tags?post=5907"}],"curies":[{"name":"wp","href":"https:\/\/api.w.org\/{rel}","templated":true}]}}