{"id":5585,"date":"2025-01-12T20:06:00","date_gmt":"2025-01-12T23:06:00","guid":{"rendered":"https:\/\/1005.com.ar\/?p=5585"},"modified":"2025-01-12T20:06:03","modified_gmt":"2025-01-12T23:06:03","slug":"dia-del-pizzero-y-pastelero-por-que-se-celebra-el-12-de-enero-en-la-argentina","status":"publish","type":"post","link":"https:\/\/1005.com.ar\/index.php\/2025\/01\/12\/dia-del-pizzero-y-pastelero-por-que-se-celebra-el-12-de-enero-en-la-argentina\/","title":{"rendered":"D\u00eda del pizzero y pastelero: \u00bfpor qu\u00e9 se celebra el 12 de enero en la Argentina?"},"content":{"rendered":"\n<p><a href=\"https:\/\/www.eldiarioar.com\/sociedad\/dia-pizzero-pastelero-celebra-12-enero-argentina_1_11951193.html\">https:\/\/www.eldiarioar.com\/sociedad\/dia-pizzero-pastelero-celebra-12-enero-argentina_1_11951193.html<\/a><\/p>\n","protected":false},"excerpt":{"rendered":"<p>https:\/\/www.eldiarioar.com\/sociedad\/dia-pizzero-pastelero-celebra-12-enero-argentina_1_11951193.html<\/p>\n","protected":false},"author":7,"featured_media":5586,"comment_status":"open","ping_status":"closed","sticky":false,"template":"","format":"standard","meta":{"jetpack_post_was_ever_published":false,"_jetpack_newsletter_access":"","_jetpack_dont_email_post_to_subs":false,"_jetpack_newsletter_tier_id":0,"_jetpack_memberships_contains_paywalled_content":false,"_jetpack_memberships_contains_paid_content":false,"footnotes":"","jetpack_publicize_message":"","jetpack_publicize_feature_enabled":true,"jetpack_social_post_already_shared":true,"jetpack_social_options":{"image_generator_settings":{"template":"highway","default_image_id":0,"font":"","enabled":false},"version":2}},"categories":[1],"tags":[],"class_list":["post-5585","post","type-post","status-publish","format-standard","has-post-thumbnail","hentry","category-sin-categoria"],"jetpack_publicize_connections":[],"jetpack_featured_media_url":"https:\/\/1005.com.ar\/wp-content\/uploads\/2025\/01\/63264811-bc12-4d71-b8b5-1dd33864f90d_16-9-discover-aspect-ratio_default_0.webp","jetpack-related-posts":[{"id":5604,"url":"https:\/\/1005.com.ar\/index.php\/2025\/01\/19\/dia-del-cervecero-por-que-se-celebra-cada-19-de-enero\/","url_meta":{"origin":5585,"position":0},"title":"D\u00eda del cervecero: \u00bfpor qu\u00e9 se celebra cada 19 de enero?","author":"Julieta Di Rocco","date":"enero 19, 2025","format":false,"excerpt":"https:\/\/www.eldiarioar.com\/sociedad\/dia-cervecero-celebra-19-enero_1_11975174.html","rel":"","context":"En \u00abSin categor\u00eda\u00bb","block_context":{"text":"Sin categor\u00eda","link":"https:\/\/1005.com.ar\/index.php\/category\/sin-categoria\/"},"img":{"alt_text":"","src":"https:\/\/i0.wp.com\/1005.com.ar\/wp-content\/uploads\/2025\/01\/9e5cf92e-f68e-4002-9c0a-a005aa9f262c_16-9-discover-aspect-ratio_default_0.webp?resize=350%2C200&ssl=1","width":350,"height":200,"srcset":"https:\/\/i0.wp.com\/1005.com.ar\/wp-content\/uploads\/2025\/01\/9e5cf92e-f68e-4002-9c0a-a005aa9f262c_16-9-discover-aspect-ratio_default_0.webp?resize=350%2C200&ssl=1 1x, https:\/\/i0.wp.com\/1005.com.ar\/wp-content\/uploads\/2025\/01\/9e5cf92e-f68e-4002-9c0a-a005aa9f262c_16-9-discover-aspect-ratio_default_0.webp?resize=525%2C300&ssl=1 1.5x, https:\/\/i0.wp.com\/1005.com.ar\/wp-content\/uploads\/2025\/01\/9e5cf92e-f68e-4002-9c0a-a005aa9f262c_16-9-discover-aspect-ratio_default_0.webp?resize=700%2C400&ssl=1 2x, https:\/\/i0.wp.com\/1005.com.ar\/wp-content\/uploads\/2025\/01\/9e5cf92e-f68e-4002-9c0a-a005aa9f262c_16-9-discover-aspect-ratio_default_0.webp?resize=1050%2C600&ssl=1 3x"},"classes":[]},{"id":1096,"url":"https:\/\/1005.com.ar\/index.php\/2021\/01\/18\/mundo-insolito\/","url_meta":{"origin":5585,"position":1},"title":"Mundo ins\u00f3lito","author":"Radio Music","date":"enero 18, 2021","format":false,"excerpt":"El tercer lunes de enero es el d\u00eda m\u00e1s triste del a\u00f1o seg\u00fan una teor\u00eda matem\u00e1tica que incluye variantes que van desde el clima hasta el sueldo mensual.","rel":"","context":"En \u00abSin categor\u00eda\u00bb","block_context":{"text":"Sin categor\u00eda","link":"https:\/\/1005.com.ar\/index.php\/category\/sin-categoria\/"},"img":{"alt_text":"","src":"https:\/\/i0.wp.com\/1005.com.ar\/wp-content\/uploads\/2021\/01\/tristeza-el-personaje-de-inside___8gagYrQdV_1256x620__1.jpg?resize=350%2C200&ssl=1","width":350,"height":200,"srcset":"https:\/\/i0.wp.com\/1005.com.ar\/wp-content\/uploads\/2021\/01\/tristeza-el-personaje-de-inside___8gagYrQdV_1256x620__1.jpg?resize=350%2C200&ssl=1 1x, https:\/\/i0.wp.com\/1005.com.ar\/wp-content\/uploads\/2021\/01\/tristeza-el-personaje-de-inside___8gagYrQdV_1256x620__1.jpg?resize=525%2C300&ssl=1 1.5x, https:\/\/i0.wp.com\/1005.com.ar\/wp-content\/uploads\/2021\/01\/tristeza-el-personaje-de-inside___8gagYrQdV_1256x620__1.jpg?resize=700%2C400&ssl=1 2x, https:\/\/i0.wp.com\/1005.com.ar\/wp-content\/uploads\/2021\/01\/tristeza-el-personaje-de-inside___8gagYrQdV_1256x620__1.jpg?resize=1050%2C600&ssl=1 3x"},"classes":[]},{"id":5384,"url":"https:\/\/1005.com.ar\/index.php\/2024\/08\/08\/dia-internacional-del-gato-por-que-se-celebra-el-8-de-agosto\/","url_meta":{"origin":5585,"position":2},"title":"D\u00eda Internacional del Gato: \u00bfpor qu\u00e9 se celebra el 8 de agosto?","author":"Julieta Di Rocco","date":"agosto 8, 2024","format":false,"excerpt":"https:\/\/www.eldiarioar.com\/sociedad\/dia-internacional-gato-celebra-8-agosto_1_11576996.html","rel":"","context":"En \u00abSin categor\u00eda\u00bb","block_context":{"text":"Sin categor\u00eda","link":"https:\/\/1005.com.ar\/index.php\/category\/sin-categoria\/"},"img":{"alt_text":"","src":"https:\/\/i0.wp.com\/1005.com.ar\/wp-content\/uploads\/2024\/08\/e412ed66-1a05-47a2-b56d-9497171c8f80_16-9-discover-aspect-ratio_default_0.webp?resize=350%2C200&ssl=1","width":350,"height":200,"srcset":"https:\/\/i0.wp.com\/1005.com.ar\/wp-content\/uploads\/2024\/08\/e412ed66-1a05-47a2-b56d-9497171c8f80_16-9-discover-aspect-ratio_default_0.webp?resize=350%2C200&ssl=1 1x, https:\/\/i0.wp.com\/1005.com.ar\/wp-content\/uploads\/2024\/08\/e412ed66-1a05-47a2-b56d-9497171c8f80_16-9-discover-aspect-ratio_default_0.webp?resize=525%2C300&ssl=1 1.5x, https:\/\/i0.wp.com\/1005.com.ar\/wp-content\/uploads\/2024\/08\/e412ed66-1a05-47a2-b56d-9497171c8f80_16-9-discover-aspect-ratio_default_0.webp?resize=700%2C400&ssl=1 2x, https:\/\/i0.wp.com\/1005.com.ar\/wp-content\/uploads\/2024\/08\/e412ed66-1a05-47a2-b56d-9497171c8f80_16-9-discover-aspect-ratio_default_0.webp?resize=1050%2C600&ssl=1 3x"},"classes":[]},{"id":4269,"url":"https:\/\/1005.com.ar\/index.php\/2023\/08\/27\/dia-de-la-radio-por-que-se-celebra-hoy-27-de-agosto-y-como-fue-su-origen-en-argentina\/","url_meta":{"origin":5585,"position":3},"title":"D\u00eda de la Radio: por qu\u00e9 se celebra hoy, 27 de agosto, y c\u00f3mo fue su origen en Argentina","author":"Julieta Di Rocco","date":"agosto 27, 2023","format":false,"excerpt":"https:\/\/www.rionegro.com.ar\/redes\/dia-de-la-radio-por-que-se-celebra-hoy-27-de-agosto-y-como-fue-su-origen-en-argentina-3105664\/","rel":"","context":"En \u00abSin categor\u00eda\u00bb","block_context":{"text":"Sin categor\u00eda","link":"https:\/\/1005.com.ar\/index.php\/category\/sin-categoria\/"},"img":{"alt_text":"","src":"https:\/\/i0.wp.com\/1005.com.ar\/wp-content\/uploads\/2023\/08\/radiox.jpg?resize=350%2C200&ssl=1","width":350,"height":200,"srcset":"https:\/\/i0.wp.com\/1005.com.ar\/wp-content\/uploads\/2023\/08\/radiox.jpg?resize=350%2C200&ssl=1 1x, https:\/\/i0.wp.com\/1005.com.ar\/wp-content\/uploads\/2023\/08\/radiox.jpg?resize=525%2C300&ssl=1 1.5x, https:\/\/i0.wp.com\/1005.com.ar\/wp-content\/uploads\/2023\/08\/radiox.jpg?resize=700%2C400&ssl=1 2x"},"classes":[]},{"id":2919,"url":"https:\/\/1005.com.ar\/index.php\/2022\/06\/02\/toque-de-sirena-por-el-dia-del-bombero-voluntarioa\/","url_meta":{"origin":5585,"position":4},"title":"Toque de sirena por el D\u00eda del Bombero Voluntario|a","author":"Julieta Di Rocco","date":"junio 2, 2022","format":false,"excerpt":"Celebraci\u00f3n y homenajes Este 2 de junio se celebra en todo el pa\u00eds el D\u00eda Nacional del Bombero Voluntario en honor a la fundaci\u00f3n del primer cuerpo de bomberos voluntarios de La Boca en 1884. Por ello el toque de sirena a las 08:00. FELIZ D\u00cdA PARA NUESTROS QUERIDOS BOMBEROS\u2026","rel":"","context":"En \u00abSin categor\u00eda\u00bb","block_context":{"text":"Sin categor\u00eda","link":"https:\/\/1005.com.ar\/index.php\/category\/sin-categoria\/"},"img":{"alt_text":"","src":"https:\/\/i0.wp.com\/1005.com.ar\/wp-content\/uploads\/2022\/06\/1654167877.jpeg?resize=350%2C200&ssl=1","width":350,"height":200,"srcset":"https:\/\/i0.wp.com\/1005.com.ar\/wp-content\/uploads\/2022\/06\/1654167877.jpeg?resize=350%2C200&ssl=1 1x, https:\/\/i0.wp.com\/1005.com.ar\/wp-content\/uploads\/2022\/06\/1654167877.jpeg?resize=525%2C300&ssl=1 1.5x, https:\/\/i0.wp.com\/1005.com.ar\/wp-content\/uploads\/2022\/06\/1654167877.jpeg?resize=700%2C400&ssl=1 2x"},"classes":[]},{"id":3750,"url":"https:\/\/1005.com.ar\/index.php\/2023\/01\/17\/villa-gesell-celebra-su-propia-temporada-record\/","url_meta":{"origin":5585,"position":5},"title":"Villa Gesell celebra su propia temporada record","author":"Julieta Di Rocco","date":"enero 17, 2023","format":false,"excerpt":"La localidad balnearia alcanz\u00f3 m\u00e1s de un 95% de ocupaci\u00f3n, lo que signific\u00f3 un gasto de m\u00e1s de 30 mil millones de pesos que fomenta la econom\u00eda local. \"Esto es producto de un trabajo de fidelizaci\u00f3n del turista\u201d, se\u00f1alaron.\u00a0 https:\/\/www.pagina12.com.ar\/516343-villa-gesell-celebra-su-propia-temporada-record","rel":"","context":"En \u00abSin categor\u00eda\u00bb","block_context":{"text":"Sin categor\u00eda","link":"https:\/\/1005.com.ar\/index.php\/category\/sin-categoria\/"},"img":{"alt_text":"","src":"https:\/\/i0.wp.com\/1005.com.ar\/wp-content\/uploads\/2023\/01\/689177-playa-20gesell.jpeg?resize=350%2C200&ssl=1","width":350,"height":200,"srcset":"https:\/\/i0.wp.com\/1005.com.ar\/wp-content\/uploads\/2023\/01\/689177-playa-20gesell.jpeg?resize=350%2C200&ssl=1 1x, https:\/\/i0.wp.com\/1005.com.ar\/wp-content\/uploads\/2023\/01\/689177-playa-20gesell.jpeg?resize=525%2C300&ssl=1 1.5x, https:\/\/i0.wp.com\/1005.com.ar\/wp-content\/uploads\/2023\/01\/689177-playa-20gesell.jpeg?resize=700%2C400&ssl=1 2x"},"classes":[]}],"jetpack_likes_enabled":true,"jetpack_sharing_enabled":true,"_links":{"self":[{"href":"https:\/\/1005.com.ar\/index.php\/wp-json\/wp\/v2\/posts\/5585","targetHints":{"allow":["GET"]}}],"collection":[{"href":"https:\/\/1005.com.ar\/index.php\/wp-json\/wp\/v2\/posts"}],"about":[{"href":"https:\/\/1005.com.ar\/index.php\/wp-json\/wp\/v2\/types\/post"}],"author":[{"embeddable":true,"href":"https:\/\/1005.com.ar\/index.php\/wp-json\/wp\/v2\/users\/7"}],"replies":[{"embeddable":true,"href":"https:\/\/1005.com.ar\/index.php\/wp-json\/wp\/v2\/comments?post=5585"}],"version-history":[{"count":1,"href":"https:\/\/1005.com.ar\/index.php\/wp-json\/wp\/v2\/posts\/5585\/revisions"}],"predecessor-version":[{"id":5587,"href":"https:\/\/1005.com.ar\/index.php\/wp-json\/wp\/v2\/posts\/5585\/revisions\/5587"}],"wp:featuredmedia":[{"embeddable":true,"href":"https:\/\/1005.com.ar\/index.php\/wp-json\/wp\/v2\/media\/5586"}],"wp:attachment":[{"href":"https:\/\/1005.com.ar\/index.php\/wp-json\/wp\/v2\/media?parent=5585"}],"wp:term":[{"taxonomy":"category","embeddable":true,"href":"https:\/\/1005.com.ar\/index.php\/wp-json\/wp\/v2\/categories?post=5585"},{"taxonomy":"post_tag","embeddable":true,"href":"https:\/\/1005.com.ar\/index.php\/wp-json\/wp\/v2\/tags?post=5585"}],"curies":[{"name":"wp","href":"https:\/\/api.w.org\/{rel}","templated":true}]}}