{"id":5572,"date":"2025-01-06T19:07:38","date_gmt":"2025-01-06T22:07:38","guid":{"rendered":"https:\/\/1005.com.ar\/?p=5572"},"modified":"2025-01-06T19:07:39","modified_gmt":"2025-01-06T22:07:39","slug":"la-provincia-cubrira-los-reactivos-para-estudios-de-vih","status":"publish","type":"post","link":"https:\/\/1005.com.ar\/index.php\/2025\/01\/06\/la-provincia-cubrira-los-reactivos-para-estudios-de-vih\/","title":{"rendered":"La Provincia cubrir\u00e1 los reactivos para estudios de VIH"},"content":{"rendered":"\n<p><a href=\"https:\/\/www.pagina12.com.ar\/794881-la-provincia-cubrira-los-tratamientos-de-vih\">https:\/\/www.pagina12.com.ar\/794881-la-provincia-cubrira-los-tratamientos-de-vih<\/a><\/p>\n","protected":false},"excerpt":{"rendered":"<p>https:\/\/www.pagina12.com.ar\/794881-la-provincia-cubrira-los-tratamientos-de-vih<\/p>\n","protected":false},"author":7,"featured_media":5573,"comment_status":"open","ping_status":"closed","sticky":false,"template":"","format":"standard","meta":{"jetpack_post_was_ever_published":false,"_jetpack_newsletter_access":"","_jetpack_dont_email_post_to_subs":false,"_jetpack_newsletter_tier_id":0,"_jetpack_memberships_contains_paywalled_content":false,"_jetpack_memberships_contains_paid_content":false,"footnotes":"","jetpack_publicize_message":"","jetpack_publicize_feature_enabled":true,"jetpack_social_post_already_shared":true,"jetpack_social_options":{"image_generator_settings":{"template":"highway","default_image_id":0,"font":"","enabled":false},"version":2}},"categories":[1],"tags":[],"class_list":["post-5572","post","type-post","status-publish","format-standard","has-post-thumbnail","hentry","category-sin-categoria"],"jetpack_publicize_connections":[],"jetpack_featured_media_url":"https:\/\/1005.com.ar\/wp-content\/uploads\/2025\/01\/903312-3a-5.jpg","jetpack-related-posts":[{"id":5494,"url":"https:\/\/1005.com.ar\/index.php\/2024\/12\/01\/dia-mundial-del-vih\/","url_meta":{"origin":5572,"position":0},"title":"D\u00eda Mundial del VIH","author":"Julieta Di Rocco","date":"diciembre 1, 2024","format":false,"excerpt":"https:\/\/www.infobae.com\/salud\/2024\/12\/01\/las-3-claves-para-controlar-la-epidemia-del-vih-en-argentina","rel":"","context":"En \u00abSin categor\u00eda\u00bb","block_context":{"text":"Sin categor\u00eda","link":"https:\/\/1005.com.ar\/index.php\/category\/sin-categoria\/"},"img":{"alt_text":"","src":"","width":0,"height":0},"classes":[]},{"id":1754,"url":"https:\/\/1005.com.ar\/index.php\/2021\/03\/05\/una-paciente-argentina-con-hiv-logro-controlar-el-virus-y-genera-expectativa-en-la-ciencia-internacional\/","url_meta":{"origin":5572,"position":1},"title":"Una paciente argentina con HIV logr\u00f3 controlar el virus y genera expectativa en la ciencia internacional","author":"Radio Music","date":"marzo 5, 2021","format":false,"excerpt":"Se trata de una mujer de 56 a\u00f1os que hace doce a\u00f1os no toma el c\u00f3ctel de medicamentos y su carga viral es indetectable. Es un caso \u00fanico que fue documentado por una revista especializada.","rel":"","context":"En \u00abSin categor\u00eda\u00bb","block_context":{"text":"Sin categor\u00eda","link":"https:\/\/1005.com.ar\/index.php\/category\/sin-categoria\/"},"img":{"alt_text":"","src":"https:\/\/i0.wp.com\/1005.com.ar\/wp-content\/uploads\/2021\/03\/NN3MO4YJAVFZNBIYVXVVBYFV4A.jpg?resize=350%2C200&ssl=1","width":350,"height":200,"srcset":"https:\/\/i0.wp.com\/1005.com.ar\/wp-content\/uploads\/2021\/03\/NN3MO4YJAVFZNBIYVXVVBYFV4A.jpg?resize=350%2C200&ssl=1 1x, https:\/\/i0.wp.com\/1005.com.ar\/wp-content\/uploads\/2021\/03\/NN3MO4YJAVFZNBIYVXVVBYFV4A.jpg?resize=525%2C300&ssl=1 1.5x, https:\/\/i0.wp.com\/1005.com.ar\/wp-content\/uploads\/2021\/03\/NN3MO4YJAVFZNBIYVXVVBYFV4A.jpg?resize=700%2C400&ssl=1 2x"},"classes":[]},{"id":3818,"url":"https:\/\/1005.com.ar\/index.php\/2023\/01\/25\/radicales-proponen-un-acuerdo-con-milei-en-la-provincia\/","url_meta":{"origin":5572,"position":2},"title":"Radicales proponen un acuerdo con Milei en la provincia","author":"Julieta Di Rocco","date":"enero 25, 2023","format":false,"excerpt":"https:\/\/www.pagina12.com.ar\/518163-radicales-proponen-un-acuerdo-con-milei-en-la-provincia","rel":"","context":"En \u00abSin categor\u00eda\u00bb","block_context":{"text":"Sin categor\u00eda","link":"https:\/\/1005.com.ar\/index.php\/category\/sin-categoria\/"},"img":{"alt_text":"","src":"https:\/\/i0.wp.com\/1005.com.ar\/wp-content\/uploads\/2023\/01\/691228-milei-20y-20espert.jpg?resize=350%2C200&ssl=1","width":350,"height":200,"srcset":"https:\/\/i0.wp.com\/1005.com.ar\/wp-content\/uploads\/2023\/01\/691228-milei-20y-20espert.jpg?resize=350%2C200&ssl=1 1x, https:\/\/i0.wp.com\/1005.com.ar\/wp-content\/uploads\/2023\/01\/691228-milei-20y-20espert.jpg?resize=525%2C300&ssl=1 1.5x, https:\/\/i0.wp.com\/1005.com.ar\/wp-content\/uploads\/2023\/01\/691228-milei-20y-20espert.jpg?resize=700%2C400&ssl=1 2x"},"classes":[]},{"id":4875,"url":"https:\/\/1005.com.ar\/index.php\/2024\/03\/24\/ya-se-encuentra-habilitada-la-vacuna-antigripal-en-la-provincia\/","url_meta":{"origin":5572,"position":3},"title":"Ya se encuentra habilitada la vacuna antigripal en la Provincia","author":"Julieta Di Rocco","date":"marzo 24, 2024","format":false,"excerpt":"https:\/\/diariohoy.net\/interes-general\/ya-se-encuentra-habilitada-la-vacuna-antigripal-en-la-provincia-252820","rel":"","context":"En \u00abSin categor\u00eda\u00bb","block_context":{"text":"Sin categor\u00eda","link":"https:\/\/1005.com.ar\/index.php\/category\/sin-categoria\/"},"img":{"alt_text":"","src":"https:\/\/i0.wp.com\/1005.com.ar\/wp-content\/uploads\/2024\/03\/0000606958.jpg?resize=350%2C200&ssl=1","width":350,"height":200,"srcset":"https:\/\/i0.wp.com\/1005.com.ar\/wp-content\/uploads\/2024\/03\/0000606958.jpg?resize=350%2C200&ssl=1 1x, https:\/\/i0.wp.com\/1005.com.ar\/wp-content\/uploads\/2024\/03\/0000606958.jpg?resize=525%2C300&ssl=1 1.5x"},"classes":[]},{"id":3718,"url":"https:\/\/1005.com.ar\/index.php\/2023\/01\/10\/vacunacion-covid-2023-la-provincia-comienza-a-aplicar-nuevos-refuerzos\/","url_meta":{"origin":5572,"position":4},"title":"Vacunaci\u00f3n COVID 2023: La Provincia comienza a aplicar nuevos refuerzos","author":"Julieta Di Rocco","date":"enero 10, 2023","format":false,"excerpt":"Desde este 9 de enero, se aplica el primer refuerzo para ni\u00f1os de 6 meses a 2 a\u00f1os, el segundo refuerzo para personas de 3 a 17 a\u00f1os y el tercer refuerzo para mayores de 18 a\u00f1os. D\u00f3nde est\u00e1n las vacunatorios 2023 en Provincia de Buenos Aires. https:\/\/www.lanoticia1.com\/noticia\/vacunacion-covid-2023-la-provincia-comienza-aplicar-nuevos-refuerzos-144109.html","rel":"","context":"En \u00abSin categor\u00eda\u00bb","block_context":{"text":"Sin categor\u00eda","link":"https:\/\/1005.com.ar\/index.php\/category\/sin-categoria\/"},"img":{"alt_text":"","src":"https:\/\/i0.wp.com\/1005.com.ar\/wp-content\/uploads\/2023\/01\/Fl_f2PTWIAA3PVJ.jpg?resize=350%2C200&ssl=1","width":350,"height":200,"srcset":"https:\/\/i0.wp.com\/1005.com.ar\/wp-content\/uploads\/2023\/01\/Fl_f2PTWIAA3PVJ.jpg?resize=350%2C200&ssl=1 1x, https:\/\/i0.wp.com\/1005.com.ar\/wp-content\/uploads\/2023\/01\/Fl_f2PTWIAA3PVJ.jpg?resize=525%2C300&ssl=1 1.5x, https:\/\/i0.wp.com\/1005.com.ar\/wp-content\/uploads\/2023\/01\/Fl_f2PTWIAA3PVJ.jpg?resize=700%2C400&ssl=1 2x, https:\/\/i0.wp.com\/1005.com.ar\/wp-content\/uploads\/2023\/01\/Fl_f2PTWIAA3PVJ.jpg?resize=1050%2C600&ssl=1 3x"},"classes":[]},{"id":5791,"url":"https:\/\/1005.com.ar\/index.php\/2025\/03\/07\/nacion-y-provincia-despliegan-operativos-por-las-fuertes-inundaciones-en-bahia-blanca\/","url_meta":{"origin":5572,"position":5},"title":"Naci\u00f3n y Provincia despliegan operativos por las fuertes inundaciones en Bah\u00eda Blanca","author":"Julieta Di Rocco","date":"marzo 7, 2025","format":false,"excerpt":"https:\/\/www.ambito.com\/politica\/nacion-y-provincia-despliegan-operativos-las-fuertes-inundaciones-bahia-blanca-n6120891","rel":"","context":"En \u00abSin categor\u00eda\u00bb","block_context":{"text":"Sin categor\u00eda","link":"https:\/\/1005.com.ar\/index.php\/category\/sin-categoria\/"},"img":{"alt_text":"","src":"https:\/\/i0.wp.com\/1005.com.ar\/wp-content\/uploads\/2025\/03\/bahia-blanca-inundacion-1jpeg.webp?resize=350%2C200&ssl=1","width":350,"height":200,"srcset":"https:\/\/i0.wp.com\/1005.com.ar\/wp-content\/uploads\/2025\/03\/bahia-blanca-inundacion-1jpeg.webp?resize=350%2C200&ssl=1 1x, https:\/\/i0.wp.com\/1005.com.ar\/wp-content\/uploads\/2025\/03\/bahia-blanca-inundacion-1jpeg.webp?resize=525%2C300&ssl=1 1.5x"},"classes":[]}],"jetpack_likes_enabled":true,"jetpack_sharing_enabled":true,"_links":{"self":[{"href":"https:\/\/1005.com.ar\/index.php\/wp-json\/wp\/v2\/posts\/5572","targetHints":{"allow":["GET"]}}],"collection":[{"href":"https:\/\/1005.com.ar\/index.php\/wp-json\/wp\/v2\/posts"}],"about":[{"href":"https:\/\/1005.com.ar\/index.php\/wp-json\/wp\/v2\/types\/post"}],"author":[{"embeddable":true,"href":"https:\/\/1005.com.ar\/index.php\/wp-json\/wp\/v2\/users\/7"}],"replies":[{"embeddable":true,"href":"https:\/\/1005.com.ar\/index.php\/wp-json\/wp\/v2\/comments?post=5572"}],"version-history":[{"count":1,"href":"https:\/\/1005.com.ar\/index.php\/wp-json\/wp\/v2\/posts\/5572\/revisions"}],"predecessor-version":[{"id":5574,"href":"https:\/\/1005.com.ar\/index.php\/wp-json\/wp\/v2\/posts\/5572\/revisions\/5574"}],"wp:featuredmedia":[{"embeddable":true,"href":"https:\/\/1005.com.ar\/index.php\/wp-json\/wp\/v2\/media\/5573"}],"wp:attachment":[{"href":"https:\/\/1005.com.ar\/index.php\/wp-json\/wp\/v2\/media?parent=5572"}],"wp:term":[{"taxonomy":"category","embeddable":true,"href":"https:\/\/1005.com.ar\/index.php\/wp-json\/wp\/v2\/categories?post=5572"},{"taxonomy":"post_tag","embeddable":true,"href":"https:\/\/1005.com.ar\/index.php\/wp-json\/wp\/v2\/tags?post=5572"}],"curies":[{"name":"wp","href":"https:\/\/api.w.org\/{rel}","templated":true}]}}