{"id":5569,"date":"2025-01-06T18:58:06","date_gmt":"2025-01-06T21:58:06","guid":{"rendered":"https:\/\/1005.com.ar\/?p=5569"},"modified":"2025-01-06T18:58:07","modified_gmt":"2025-01-06T21:58:07","slug":"la-temporada-de-verano-empezo-con-baja-ocupacion","status":"publish","type":"post","link":"https:\/\/1005.com.ar\/index.php\/2025\/01\/06\/la-temporada-de-verano-empezo-con-baja-ocupacion\/","title":{"rendered":"La temporada de verano empez\u00f3 con baja ocupaci\u00f3n"},"content":{"rendered":"\n<p><a href=\"https:\/\/www.pagina12.com.ar\/794848-la-temporada-de-verano-empezo-con-baja-ocupacion\">https:\/\/www.pagina12.com.ar\/794848-la-temporada-de-verano-empezo-con-baja-ocupacion<\/a><\/p>\n","protected":false},"excerpt":{"rendered":"<p>https:\/\/www.pagina12.com.ar\/794848-la-temporada-de-verano-empezo-con-baja-ocupacion<\/p>\n","protected":false},"author":7,"featured_media":5570,"comment_status":"open","ping_status":"closed","sticky":false,"template":"","format":"standard","meta":{"jetpack_post_was_ever_published":false,"_jetpack_newsletter_access":"","_jetpack_dont_email_post_to_subs":false,"_jetpack_newsletter_tier_id":0,"_jetpack_memberships_contains_paywalled_content":false,"_jetpack_memberships_contains_paid_content":false,"footnotes":"","jetpack_publicize_message":"","jetpack_publicize_feature_enabled":true,"jetpack_social_post_already_shared":true,"jetpack_social_options":{"image_generator_settings":{"template":"highway","default_image_id":0,"font":"","enabled":false},"version":2}},"categories":[1],"tags":[],"class_list":["post-5569","post","type-post","status-publish","format-standard","has-post-thumbnail","hentry","category-sin-categoria"],"jetpack_publicize_connections":[],"jetpack_featured_media_url":"https:\/\/1005.com.ar\/wp-content\/uploads\/2025\/01\/902946-9a-20na.jpg","jetpack-related-posts":[{"id":3750,"url":"https:\/\/1005.com.ar\/index.php\/2023\/01\/17\/villa-gesell-celebra-su-propia-temporada-record\/","url_meta":{"origin":5569,"position":0},"title":"Villa Gesell celebra su propia temporada record","author":"Julieta Di Rocco","date":"enero 17, 2023","format":false,"excerpt":"La localidad balnearia alcanz\u00f3 m\u00e1s de un 95% de ocupaci\u00f3n, lo que signific\u00f3 un gasto de m\u00e1s de 30 mil millones de pesos que fomenta la econom\u00eda local. \"Esto es producto de un trabajo de fidelizaci\u00f3n del turista\u201d, se\u00f1alaron.\u00a0 https:\/\/www.pagina12.com.ar\/516343-villa-gesell-celebra-su-propia-temporada-record","rel":"","context":"En \u00abSin categor\u00eda\u00bb","block_context":{"text":"Sin categor\u00eda","link":"https:\/\/1005.com.ar\/index.php\/category\/sin-categoria\/"},"img":{"alt_text":"","src":"https:\/\/i0.wp.com\/1005.com.ar\/wp-content\/uploads\/2023\/01\/689177-playa-20gesell.jpeg?resize=350%2C200&ssl=1","width":350,"height":200,"srcset":"https:\/\/i0.wp.com\/1005.com.ar\/wp-content\/uploads\/2023\/01\/689177-playa-20gesell.jpeg?resize=350%2C200&ssl=1 1x, https:\/\/i0.wp.com\/1005.com.ar\/wp-content\/uploads\/2023\/01\/689177-playa-20gesell.jpeg?resize=525%2C300&ssl=1 1.5x, https:\/\/i0.wp.com\/1005.com.ar\/wp-content\/uploads\/2023\/01\/689177-playa-20gesell.jpeg?resize=700%2C400&ssl=1 2x"},"classes":[]},{"id":2561,"url":"https:\/\/1005.com.ar\/index.php\/2021\/12\/29\/lo-anuncio-el-presidente-junto-al-sector-turistico\/","url_meta":{"origin":5569,"position":1},"title":"Lo anunci\u00f3 el Presidente junto al sector tur\u00edstico","author":"Radio Music","date":"diciembre 29, 2021","format":false,"excerpt":"Precios congelados para el verano El presidente Alberto Fern\u00e1ndez encabez\u00f3 ayer la firma del acta compromiso con los representantes de las c\u00e1maras y entidades tur\u00edsticas nacionales para sostener los precios en ese sector durante toda la temporada de verano 2022. https:\/\/www.pagina12.com.ar\/392184-precios-congelados-para-el-verano","rel":"","context":"En \u00abSin categor\u00eda\u00bb","block_context":{"text":"Sin categor\u00eda","link":"https:\/\/1005.com.ar\/index.php\/category\/sin-categoria\/"},"img":{"alt_text":"","src":"https:\/\/i0.wp.com\/1005.com.ar\/wp-content\/uploads\/2021\/12\/300780-alberto-20turi.jpg?resize=350%2C200&ssl=1","width":350,"height":200,"srcset":"https:\/\/i0.wp.com\/1005.com.ar\/wp-content\/uploads\/2021\/12\/300780-alberto-20turi.jpg?resize=350%2C200&ssl=1 1x, https:\/\/i0.wp.com\/1005.com.ar\/wp-content\/uploads\/2021\/12\/300780-alberto-20turi.jpg?resize=525%2C300&ssl=1 1.5x, https:\/\/i0.wp.com\/1005.com.ar\/wp-content\/uploads\/2021\/12\/300780-alberto-20turi.jpg?resize=700%2C400&ssl=1 2x"},"classes":[]},{"id":2515,"url":"https:\/\/1005.com.ar\/index.php\/2021\/12\/23\/segun-los-especialistas-la-escalada-de-casos-es-impresionante\/","url_meta":{"origin":5569,"position":2},"title":"Seg\u00fan los especialistas, la escalada de casos es \u201cimpresionante\u201d","author":"Radio Music","date":"diciembre 23, 2021","format":false,"excerpt":"Coronavirus: Delta, \u00d3micron y la nueva ola que ya se siente\u00a0 Aunque la ocupaci\u00f3n de camas de terapia intensiva a\u00fan es baja, los casos ascienden de una manera vertiginosa. Los expertos consultados insisten en retomar los cuidados y en completar los esquemas de vacunaci\u00f3n. https:\/\/www.pagina12.com.ar\/391128-coronavirus-delta-omicron-y-la-nueva-ola-que-ya-se-siente","rel":"","context":"En \u00abSin categor\u00eda\u00bb","block_context":{"text":"Sin categor\u00eda","link":"https:\/\/1005.com.ar\/index.php\/category\/sin-categoria\/"},"img":{"alt_text":"","src":"https:\/\/i0.wp.com\/1005.com.ar\/wp-content\/uploads\/2021\/12\/299594-whatsapp-20image-202021-12-22-20at-2019-13-18-20dafne.jpeg?resize=350%2C200&ssl=1","width":350,"height":200,"srcset":"https:\/\/i0.wp.com\/1005.com.ar\/wp-content\/uploads\/2021\/12\/299594-whatsapp-20image-202021-12-22-20at-2019-13-18-20dafne.jpeg?resize=350%2C200&ssl=1 1x, https:\/\/i0.wp.com\/1005.com.ar\/wp-content\/uploads\/2021\/12\/299594-whatsapp-20image-202021-12-22-20at-2019-13-18-20dafne.jpeg?resize=525%2C300&ssl=1 1.5x, https:\/\/i0.wp.com\/1005.com.ar\/wp-content\/uploads\/2021\/12\/299594-whatsapp-20image-202021-12-22-20at-2019-13-18-20dafne.jpeg?resize=700%2C400&ssl=1 2x"},"classes":[]},{"id":2316,"url":"https:\/\/1005.com.ar\/index.php\/2021\/10\/11\/record-del-turismo-en-el-fin-de-semana-largo-nunca-en-octubre-se-habia-visto-tanta-gente-viajando\/","url_meta":{"origin":5569,"position":3},"title":"R\u00e9cord del turismo en el fin de semana largo: \u201cNunca en octubre se hab\u00eda visto tanta gente viajando\u00bb","author":"Radio Music","date":"octubre 11, 2021","format":false,"excerpt":"\u201cTuvimos un fin de semana largo espectacular\", destacaron desde la C\u00e1mara Argentina de Turismo. Se gast\u00f3 un 55,7 por ciento m\u00e1s que en el \u00faltimo feriado puente de la prepandemia. Hubo varias provincias con ocupaci\u00f3n plena y adelantan\u00a0\u201cbuenas perspectivas para el verano\u201d. https:\/\/www.pagina12.com.ar\/374035-record-del-turismo-en-el-fin-de-semana-largo-nunca-en-octubr","rel":"","context":"En \u00abSin categor\u00eda\u00bb","block_context":{"text":"Sin categor\u00eda","link":"https:\/\/1005.com.ar\/index.php\/category\/sin-categoria\/"},"img":{"alt_text":"","src":"https:\/\/i0.wp.com\/1005.com.ar\/wp-content\/uploads\/2021\/10\/214418-whatsapp-20image-202021-10-11-20at-2009-56-51.jpeg?resize=350%2C200&ssl=1","width":350,"height":200,"srcset":"https:\/\/i0.wp.com\/1005.com.ar\/wp-content\/uploads\/2021\/10\/214418-whatsapp-20image-202021-10-11-20at-2009-56-51.jpeg?resize=350%2C200&ssl=1 1x, https:\/\/i0.wp.com\/1005.com.ar\/wp-content\/uploads\/2021\/10\/214418-whatsapp-20image-202021-10-11-20at-2009-56-51.jpeg?resize=525%2C300&ssl=1 1.5x, https:\/\/i0.wp.com\/1005.com.ar\/wp-content\/uploads\/2021\/10\/214418-whatsapp-20image-202021-10-11-20at-2009-56-51.jpeg?resize=700%2C400&ssl=1 2x"},"classes":[]},{"id":2282,"url":"https:\/\/1005.com.ar\/index.php\/2021\/09\/20\/coronavirus-en-argentina-confirmaron-90-muertes-y-2-162-contagios-en-las-ultimas-24-horas\/","url_meta":{"origin":5569,"position":4},"title":"Coronavirus en Argentina: confirmaron 90 muertes y 2.162 contagios en las \u00faltimas 24 horas","author":"Radio Music","date":"septiembre 20, 2021","format":false,"excerpt":"Con estos datos, el pa\u00eds acumula un total de 5.241.394 casos positivos desde el comienzo de la pandemia, mientras que los fallecimientos son 114.518. Por segundo d\u00eda consecutivo, se registr\u00f3 la cifra m\u00e1s baja de ocupaci\u00f3n de camas de Terapia Intensiva desde de agosto de 2020 https:\/\/www.infobae.com\/sociedad\/2021\/09\/20\/coronavirus-en-argentina-confirmaron-90-muertes-y-2162-contagios-en-las-ultimas-24-horas\/","rel":"","context":"En \u00abSin categor\u00eda\u00bb","block_context":{"text":"Sin categor\u00eda","link":"https:\/\/1005.com.ar\/index.php\/category\/sin-categoria\/"},"img":{"alt_text":"","src":"","width":0,"height":0},"classes":[]},{"id":4834,"url":"https:\/\/1005.com.ar\/index.php\/2024\/03\/16\/la-ocupacion\/","url_meta":{"origin":5569,"position":5},"title":"La ocupaci\u00f3n","author":"Julieta Di Rocco","date":"marzo 16, 2024","format":false,"excerpt":"Una nota editorial muy interesante... no dejes de leerla. https:\/\/www.pagina12.com.ar\/721302-la-ocupacion","rel":"","context":"En \u00abSin categor\u00eda\u00bb","block_context":{"text":"Sin categor\u00eda","link":"https:\/\/1005.com.ar\/index.php\/category\/sin-categoria\/"},"img":{"alt_text":"","src":"https:\/\/i0.wp.com\/1005.com.ar\/wp-content\/uploads\/2024\/03\/823813-40a-leandro-20teysseire-g0034226.jpg?resize=350%2C200&ssl=1","width":350,"height":200,"srcset":"https:\/\/i0.wp.com\/1005.com.ar\/wp-content\/uploads\/2024\/03\/823813-40a-leandro-20teysseire-g0034226.jpg?resize=350%2C200&ssl=1 1x, https:\/\/i0.wp.com\/1005.com.ar\/wp-content\/uploads\/2024\/03\/823813-40a-leandro-20teysseire-g0034226.jpg?resize=525%2C300&ssl=1 1.5x, https:\/\/i0.wp.com\/1005.com.ar\/wp-content\/uploads\/2024\/03\/823813-40a-leandro-20teysseire-g0034226.jpg?resize=700%2C400&ssl=1 2x"},"classes":[]}],"jetpack_likes_enabled":true,"jetpack_sharing_enabled":true,"_links":{"self":[{"href":"https:\/\/1005.com.ar\/index.php\/wp-json\/wp\/v2\/posts\/5569","targetHints":{"allow":["GET"]}}],"collection":[{"href":"https:\/\/1005.com.ar\/index.php\/wp-json\/wp\/v2\/posts"}],"about":[{"href":"https:\/\/1005.com.ar\/index.php\/wp-json\/wp\/v2\/types\/post"}],"author":[{"embeddable":true,"href":"https:\/\/1005.com.ar\/index.php\/wp-json\/wp\/v2\/users\/7"}],"replies":[{"embeddable":true,"href":"https:\/\/1005.com.ar\/index.php\/wp-json\/wp\/v2\/comments?post=5569"}],"version-history":[{"count":1,"href":"https:\/\/1005.com.ar\/index.php\/wp-json\/wp\/v2\/posts\/5569\/revisions"}],"predecessor-version":[{"id":5571,"href":"https:\/\/1005.com.ar\/index.php\/wp-json\/wp\/v2\/posts\/5569\/revisions\/5571"}],"wp:featuredmedia":[{"embeddable":true,"href":"https:\/\/1005.com.ar\/index.php\/wp-json\/wp\/v2\/media\/5570"}],"wp:attachment":[{"href":"https:\/\/1005.com.ar\/index.php\/wp-json\/wp\/v2\/media?parent=5569"}],"wp:term":[{"taxonomy":"category","embeddable":true,"href":"https:\/\/1005.com.ar\/index.php\/wp-json\/wp\/v2\/categories?post=5569"},{"taxonomy":"post_tag","embeddable":true,"href":"https:\/\/1005.com.ar\/index.php\/wp-json\/wp\/v2\/tags?post=5569"}],"curies":[{"name":"wp","href":"https:\/\/api.w.org\/{rel}","templated":true}]}}