{"id":5497,"date":"2024-12-01T11:47:03","date_gmt":"2024-12-01T14:47:03","guid":{"rendered":"https:\/\/1005.com.ar\/?p=5497"},"modified":"2024-12-01T11:47:04","modified_gmt":"2024-12-01T14:47:04","slug":"diciembre-arranco-con-aumentos-vtv-naftas-luz-colegios-privados-alquileres-entre-los-principales","status":"publish","type":"post","link":"https:\/\/1005.com.ar\/index.php\/2024\/12\/01\/diciembre-arranco-con-aumentos-vtv-naftas-luz-colegios-privados-alquileres-entre-los-principales\/","title":{"rendered":"Diciembre arranc\u00f3 con aumentos: VTV, naftas, luz, colegios privados, alquileres, entre los principales."},"content":{"rendered":"\n<p><a href=\"https:\/\/www.eldia.com\/nota\/2024-12-1-7-54-0-diciembre-arranco-con-aumentos-vtv-nafta-luz-colegios-privados-alquileres-entre-los-principales-politica-y-economia\">https:\/\/www.eldia.com\/nota\/2024-12-1-7-54-0-diciembre-arranco-con-aumentos-vtv-nafta-luz-colegios-privados-alquileres-entre-los-principales-politica-y-economia<\/a><\/p>\n","protected":false},"excerpt":{"rendered":"<p>https:\/\/www.eldia.com\/nota\/2024-12-1-7-54-0-diciembre-arranco-con-aumentos-vtv-nafta-luz-colegios-privados-alquileres-entre-los-principales-politica-y-economia<\/p>\n","protected":false},"author":7,"featured_media":5498,"comment_status":"open","ping_status":"closed","sticky":false,"template":"","format":"standard","meta":{"jetpack_post_was_ever_published":false,"_jetpack_newsletter_access":"","_jetpack_dont_email_post_to_subs":false,"_jetpack_newsletter_tier_id":0,"_jetpack_memberships_contains_paywalled_content":false,"_jetpack_memberships_contains_paid_content":false,"footnotes":"","jetpack_publicize_message":"","jetpack_publicize_feature_enabled":true,"jetpack_social_post_already_shared":true,"jetpack_social_options":{"image_generator_settings":{"template":"highway","default_image_id":0,"font":"","enabled":false},"version":2}},"categories":[1],"tags":[],"class_list":["post-5497","post","type-post","status-publish","format-standard","has-post-thumbnail","hentry","category-sin-categoria"],"jetpack_publicize_connections":[],"jetpack_featured_media_url":"https:\/\/1005.com.ar\/wp-content\/uploads\/2024\/12\/1733050981595.jpg","jetpack-related-posts":[{"id":5039,"url":"https:\/\/1005.com.ar\/index.php\/2024\/05\/01\/ida-y-vuelta-de-los-aumentos-en-mayo\/","url_meta":{"origin":5497,"position":0},"title":"Ida y vuelta de los aumentos en mayo","author":"Julieta Di Rocco","date":"mayo 1, 2024","format":false,"excerpt":"Combustibles, comunicaciones, colegios y alquileres, confirmados https:\/\/www.pagina12.com.ar\/733255-ida-y-vuelta-de-los-aumentos-en-mayo","rel":"","context":"En \u00abSin categor\u00eda\u00bb","block_context":{"text":"Sin categor\u00eda","link":"https:\/\/1005.com.ar\/index.php\/category\/sin-categoria\/"},"img":{"alt_text":"","src":"https:\/\/i0.wp.com\/1005.com.ar\/wp-content\/uploads\/2024\/05\/835781-2-a-g0074211.jpg?resize=350%2C200&ssl=1","width":350,"height":200,"srcset":"https:\/\/i0.wp.com\/1005.com.ar\/wp-content\/uploads\/2024\/05\/835781-2-a-g0074211.jpg?resize=350%2C200&ssl=1 1x, https:\/\/i0.wp.com\/1005.com.ar\/wp-content\/uploads\/2024\/05\/835781-2-a-g0074211.jpg?resize=525%2C300&ssl=1 1.5x, https:\/\/i0.wp.com\/1005.com.ar\/wp-content\/uploads\/2024\/05\/835781-2-a-g0074211.jpg?resize=700%2C400&ssl=1 2x"},"classes":[]},{"id":4893,"url":"https:\/\/1005.com.ar\/index.php\/2024\/04\/01\/los-inquilinos-y-los-primeros-aumentos-luego-de-la-derogacion-de-ley-de-alquileres-como-calcular-la-suba-de-abril\/","url_meta":{"origin":5497,"position":1},"title":"Los inquilinos y los primeros aumentos luego de la derogaci\u00f3n de Ley de Alquileres: c\u00f3mo calcular la suba de abril","author":"Julieta Di Rocco","date":"abril 1, 2024","format":false,"excerpt":"https:\/\/www.infobae.com\/economia\/2024\/04\/01\/los-inquilinos-y-los-primeros-aumentos-luego-de-la-derogacion-de-ley-de-alquileres-como-calcular-la-suba-de-abril\/","rel":"","context":"En \u00abSin categor\u00eda\u00bb","block_context":{"text":"Sin categor\u00eda","link":"https:\/\/1005.com.ar\/index.php\/category\/sin-categoria\/"},"img":{"alt_text":"","src":"https:\/\/i0.wp.com\/1005.com.ar\/wp-content\/uploads\/2024\/04\/7FL6PF6VQZDBBBHL6P47M2DNUA.png?resize=350%2C200&ssl=1","width":350,"height":200,"srcset":"https:\/\/i0.wp.com\/1005.com.ar\/wp-content\/uploads\/2024\/04\/7FL6PF6VQZDBBBHL6P47M2DNUA.png?resize=350%2C200&ssl=1 1x, https:\/\/i0.wp.com\/1005.com.ar\/wp-content\/uploads\/2024\/04\/7FL6PF6VQZDBBBHL6P47M2DNUA.png?resize=525%2C300&ssl=1 1.5x, https:\/\/i0.wp.com\/1005.com.ar\/wp-content\/uploads\/2024\/04\/7FL6PF6VQZDBBBHL6P47M2DNUA.png?resize=700%2C400&ssl=1 2x"},"classes":[]},{"id":1737,"url":"https:\/\/1005.com.ar\/index.php\/2021\/03\/03\/alquileres-descongelados-el-esquema-que-viene-y-como-deberan-pagar-los-inquilinos-las-deudas-acumuladas-en-la-cuarentena\/","url_meta":{"origin":5497,"position":2},"title":"Alquileres descongelados: el esquema que viene y c\u00f3mo deber\u00e1n pagar los inquilinos las deudas acumuladas en la cuarentena","author":"Radio Music","date":"marzo 3, 2021","format":false,"excerpt":"Luego de casi un a\u00f1o, el Gobierno confirm\u00f3 que no habr\u00e1 una nueva pr\u00f3rroga del decreto que congel\u00f3 los precios de los contratos de alquiler y suspendi\u00f3 los desalojos. De esta forma, el congelamiento vencer\u00e1 el pr\u00f3ximo 31 de marzo. Con el fin de la medida,\u00a0los inquilinos que durante estos\u2026","rel":"","context":"En \u00abSin categor\u00eda\u00bb","block_context":{"text":"Sin categor\u00eda","link":"https:\/\/1005.com.ar\/index.php\/category\/sin-categoria\/"},"img":{"alt_text":"","src":"https:\/\/i0.wp.com\/1005.com.ar\/wp-content\/uploads\/2021\/03\/WMOG2DZVOVG5VJQVWUXUPFU3KM.jpg?resize=350%2C200&ssl=1","width":350,"height":200,"srcset":"https:\/\/i0.wp.com\/1005.com.ar\/wp-content\/uploads\/2021\/03\/WMOG2DZVOVG5VJQVWUXUPFU3KM.jpg?resize=350%2C200&ssl=1 1x, https:\/\/i0.wp.com\/1005.com.ar\/wp-content\/uploads\/2021\/03\/WMOG2DZVOVG5VJQVWUXUPFU3KM.jpg?resize=525%2C300&ssl=1 1.5x, https:\/\/i0.wp.com\/1005.com.ar\/wp-content\/uploads\/2021\/03\/WMOG2DZVOVG5VJQVWUXUPFU3KM.jpg?resize=700%2C400&ssl=1 2x"},"classes":[]},{"id":5638,"url":"https:\/\/1005.com.ar\/index.php\/2025\/02\/02\/aumentos-de-luz-y-gas-y-quita-de-subsidios\/","url_meta":{"origin":5497,"position":3},"title":"Aumentos de luz y gas y quita de subsidios","author":"Julieta Di Rocco","date":"febrero 2, 2025","format":false,"excerpt":"El Gobierno avanza con el ajuste en las tarifas de servicios p\u00fablicos https:\/\/www.pagina12.com.ar\/800886-aumentos-de-luz-y-gas-y-quita-de-subsidios","rel":"","context":"En \u00abSin categor\u00eda\u00bb","block_context":{"text":"Sin categor\u00eda","link":"https:\/\/1005.com.ar\/index.php\/category\/sin-categoria\/"},"img":{"alt_text":"","src":"https:\/\/i0.wp.com\/1005.com.ar\/wp-content\/uploads\/2025\/02\/910093-13a-jorge-20larrosa.jpg?resize=350%2C200&ssl=1","width":350,"height":200,"srcset":"https:\/\/i0.wp.com\/1005.com.ar\/wp-content\/uploads\/2025\/02\/910093-13a-jorge-20larrosa.jpg?resize=350%2C200&ssl=1 1x, https:\/\/i0.wp.com\/1005.com.ar\/wp-content\/uploads\/2025\/02\/910093-13a-jorge-20larrosa.jpg?resize=525%2C300&ssl=1 1.5x, https:\/\/i0.wp.com\/1005.com.ar\/wp-content\/uploads\/2025\/02\/910093-13a-jorge-20larrosa.jpg?resize=700%2C400&ssl=1 2x"},"classes":[]},{"id":4587,"url":"https:\/\/1005.com.ar\/index.php\/2023\/11\/26\/la-libertad-avanza-y-los-privados-preven-un-sinceramiento-de-precios-a-partir-del-10-de-diciembre\/","url_meta":{"origin":5497,"position":4},"title":"La Libertad Avanza y los privados prev\u00e9n un \u201csinceramiento\u201d de precios a partir del 10 de diciembre","author":"Julieta Di Rocco","date":"noviembre 26, 2023","format":false,"excerpt":"https:\/\/www.lanacion.com.ar\/politica\/la-libertad-avanza-y-los-privados-preven-un-sinceramiento-de-precios-a-partir-del-10-de-diciembre-nid26112023\/","rel":"","context":"En \u00abSin categor\u00eda\u00bb","block_context":{"text":"Sin categor\u00eda","link":"https:\/\/1005.com.ar\/index.php\/category\/sin-categoria\/"},"img":{"alt_text":"","src":"","width":0,"height":0},"classes":[]},{"id":1564,"url":"https:\/\/1005.com.ar\/index.php\/2021\/02\/14\/la-apuesta-por-el-dialogo-tripartito\/","url_meta":{"origin":5497,"position":5},"title":"La apuesta por el di\u00e1logo tripartito","author":"Radio Music","date":"febrero 14, 2021","format":false,"excerpt":"El Estado nacional tiene como prop\u00f3sito llevar adelante una pol\u00edtica de acuerdo con trabajadores y empresarios, con el objetivo de aminorar y regular la puja distributiva. Qu\u00e9 desaf\u00edos hay por delante.","rel":"","context":"En \u00abSin categor\u00eda\u00bb","block_context":{"text":"Sin categor\u00eda","link":"https:\/\/1005.com.ar\/index.php\/category\/sin-categoria\/"},"img":{"alt_text":"","src":"","width":0,"height":0},"classes":[]}],"jetpack_likes_enabled":true,"jetpack_sharing_enabled":true,"_links":{"self":[{"href":"https:\/\/1005.com.ar\/index.php\/wp-json\/wp\/v2\/posts\/5497","targetHints":{"allow":["GET"]}}],"collection":[{"href":"https:\/\/1005.com.ar\/index.php\/wp-json\/wp\/v2\/posts"}],"about":[{"href":"https:\/\/1005.com.ar\/index.php\/wp-json\/wp\/v2\/types\/post"}],"author":[{"embeddable":true,"href":"https:\/\/1005.com.ar\/index.php\/wp-json\/wp\/v2\/users\/7"}],"replies":[{"embeddable":true,"href":"https:\/\/1005.com.ar\/index.php\/wp-json\/wp\/v2\/comments?post=5497"}],"version-history":[{"count":1,"href":"https:\/\/1005.com.ar\/index.php\/wp-json\/wp\/v2\/posts\/5497\/revisions"}],"predecessor-version":[{"id":5499,"href":"https:\/\/1005.com.ar\/index.php\/wp-json\/wp\/v2\/posts\/5497\/revisions\/5499"}],"wp:featuredmedia":[{"embeddable":true,"href":"https:\/\/1005.com.ar\/index.php\/wp-json\/wp\/v2\/media\/5498"}],"wp:attachment":[{"href":"https:\/\/1005.com.ar\/index.php\/wp-json\/wp\/v2\/media?parent=5497"}],"wp:term":[{"taxonomy":"category","embeddable":true,"href":"https:\/\/1005.com.ar\/index.php\/wp-json\/wp\/v2\/categories?post=5497"},{"taxonomy":"post_tag","embeddable":true,"href":"https:\/\/1005.com.ar\/index.php\/wp-json\/wp\/v2\/tags?post=5497"}],"curies":[{"name":"wp","href":"https:\/\/api.w.org\/{rel}","templated":true}]}}