{"id":5186,"date":"2024-06-03T19:16:34","date_gmt":"2024-06-03T22:16:34","guid":{"rendered":"https:\/\/1005.com.ar\/?p=5186"},"modified":"2024-06-03T19:16:36","modified_gmt":"2024-06-03T22:16:36","slug":"claudia-sheinbaum-gana-las-elecciones-en-mexico","status":"publish","type":"post","link":"https:\/\/1005.com.ar\/index.php\/2024\/06\/03\/claudia-sheinbaum-gana-las-elecciones-en-mexico\/","title":{"rendered":"Claudia Sheinbaum gana las elecciones en M\u00e9xico"},"content":{"rendered":"\n<p>La sucesora de L\u00f3pez Obrador se impon\u00eda a sus rivales por m\u00e1s de 30 puntos, seg\u00fan los primeros datos del conteo oficial<\/p>\n\n\n\n<p><a href=\"https:\/\/www.pagina12.com.ar\/741725-claudia-sheinbaum-gana-las-elecciones-en-mexico\">https:\/\/www.pagina12.com.ar\/741725-claudia-sheinbaum-gana-las-elecciones-en-mexico<\/a><\/p>\n","protected":false},"excerpt":{"rendered":"<p>La sucesora de L\u00f3pez Obrador se impon\u00eda a sus rivales por m\u00e1s de 30 puntos, seg\u00fan los primeros datos del<\/p>\n","protected":false},"author":7,"featured_media":5187,"comment_status":"open","ping_status":"closed","sticky":false,"template":"","format":"standard","meta":{"jetpack_post_was_ever_published":false,"_jetpack_newsletter_access":"","_jetpack_dont_email_post_to_subs":false,"_jetpack_newsletter_tier_id":0,"_jetpack_memberships_contains_paywalled_content":false,"_jetpack_memberships_contains_paid_content":false,"footnotes":"","jetpack_publicize_message":"","jetpack_publicize_feature_enabled":true,"jetpack_social_post_already_shared":true,"jetpack_social_options":{"image_generator_settings":{"template":"highway","default_image_id":0,"font":"","enabled":false},"version":2}},"categories":[1],"tags":[],"class_list":["post-5186","post","type-post","status-publish","format-standard","has-post-thumbnail","hentry","category-sin-categoria"],"jetpack_publicize_connections":[],"jetpack_featured_media_url":"https:\/\/1005.com.ar\/wp-content\/uploads\/2024\/06\/844393-whatsapp-20image-202024-06-02-20at-207-22-23-20pm-20-281-29.jpeg","jetpack-related-posts":[{"id":3538,"url":"https:\/\/1005.com.ar\/index.php\/2022\/10\/28\/elecciones-brasil-2022-cuando-es-la-segunda-vuelta-y-que-dicen-las-encuestas\/","url_meta":{"origin":5186,"position":0},"title":"Elecciones Brasil 2022: cu\u00e1ndo es la segunda vuelta y qu\u00e9 dicen las encuestas\u00a0","author":"Julieta Di Rocco","date":"octubre 28, 2022","format":false,"excerpt":"Ballotage entre Lula da Silva y Jair Bolsonaro https:\/\/www.pagina12.com.ar\/493169-elecciones-brasil-2022-cuando-es-la-segunda-vuelta-y-que-dic","rel":"","context":"En \u00abSin categor\u00eda\u00bb","block_context":{"text":"Sin categor\u00eda","link":"https:\/\/1005.com.ar\/index.php\/category\/sin-categoria\/"},"img":{"alt_text":"","src":"https:\/\/i0.wp.com\/1005.com.ar\/wp-content\/uploads\/2022\/10\/663964-47267-lula-2520bolsonaro.jpg?resize=350%2C200&ssl=1","width":350,"height":200,"srcset":"https:\/\/i0.wp.com\/1005.com.ar\/wp-content\/uploads\/2022\/10\/663964-47267-lula-2520bolsonaro.jpg?resize=350%2C200&ssl=1 1x, https:\/\/i0.wp.com\/1005.com.ar\/wp-content\/uploads\/2022\/10\/663964-47267-lula-2520bolsonaro.jpg?resize=525%2C300&ssl=1 1.5x, https:\/\/i0.wp.com\/1005.com.ar\/wp-content\/uploads\/2022\/10\/663964-47267-lula-2520bolsonaro.jpg?resize=700%2C400&ssl=1 2x"},"classes":[]},{"id":4261,"url":"https:\/\/1005.com.ar\/index.php\/2023\/08\/14\/todas-las-claves-de-las-elecciones-2023-un-octubre-en-llamas-con-milei-en-primer-lugar\/","url_meta":{"origin":5186,"position":1},"title":"Todas las claves de las Elecciones 2023: un octubre en llamas con Milei en primer lugar","author":"Julieta Di Rocco","date":"agosto 14, 2023","format":false,"excerpt":"JxC y UxP muy cerca de La Libertad avanza https:\/\/www.pagina12.com.ar\/578552-todas-las-claves-de-la-eleccion","rel":"","context":"En \u00abSin categor\u00eda\u00bb","block_context":{"text":"Sin categor\u00eda","link":"https:\/\/1005.com.ar\/index.php\/category\/sin-categoria\/"},"img":{"alt_text":"","src":"https:\/\/i0.wp.com\/1005.com.ar\/wp-content\/uploads\/2023\/08\/nac01_68.jpg?resize=350%2C200&ssl=1","width":350,"height":200,"srcset":"https:\/\/i0.wp.com\/1005.com.ar\/wp-content\/uploads\/2023\/08\/nac01_68.jpg?resize=350%2C200&ssl=1 1x, https:\/\/i0.wp.com\/1005.com.ar\/wp-content\/uploads\/2023\/08\/nac01_68.jpg?resize=525%2C300&ssl=1 1.5x, https:\/\/i0.wp.com\/1005.com.ar\/wp-content\/uploads\/2023\/08\/nac01_68.jpg?resize=700%2C400&ssl=1 2x"},"classes":[]},{"id":4464,"url":"https:\/\/1005.com.ar\/index.php\/2023\/10\/30\/milei-volvio-a-cargar-contra-raul-alfonsin-a-40-anos-de-las-elecciones-de-1983\/","url_meta":{"origin":5186,"position":2},"title":"Milei volvi\u00f3 a cargar contra Ra\u00fal Alfons\u00edn,\u00a0a 40 a\u00f1os de las elecciones de 1983","author":"Julieta Di Rocco","date":"octubre 30, 2023","format":false,"excerpt":"https:\/\/www.pagina12.com.ar\/611297-milei-volvio-a-cargar-contra-raul-alfonsin-a-40-anos-de-las-","rel":"","context":"En \u00abSin categor\u00eda\u00bb","block_context":{"text":"Sin categor\u00eda","link":"https:\/\/1005.com.ar\/index.php\/category\/sin-categoria\/"},"img":{"alt_text":"","src":"https:\/\/i0.wp.com\/1005.com.ar\/wp-content\/uploads\/2023\/10\/784087-1024-1694025920230906652_0.jpg?resize=350%2C200&ssl=1","width":350,"height":200,"srcset":"https:\/\/i0.wp.com\/1005.com.ar\/wp-content\/uploads\/2023\/10\/784087-1024-1694025920230906652_0.jpg?resize=350%2C200&ssl=1 1x, https:\/\/i0.wp.com\/1005.com.ar\/wp-content\/uploads\/2023\/10\/784087-1024-1694025920230906652_0.jpg?resize=525%2C300&ssl=1 1.5x, https:\/\/i0.wp.com\/1005.com.ar\/wp-content\/uploads\/2023\/10\/784087-1024-1694025920230906652_0.jpg?resize=700%2C400&ssl=1 2x"},"classes":[]},{"id":5367,"url":"https:\/\/1005.com.ar\/index.php\/2024\/08\/02\/la-cancilleria-desdice-a-mondino-que-habia-reconocido-edmundo-gonzalez-urrutia-como-ganador-de-las-elecciones\/","url_meta":{"origin":5186,"position":3},"title":"La Canciller\u00eda desdice a Mondino, que hab\u00eda reconocido Edmundo Gonz\u00e1lez Urrutia como ganador de las elecciones","author":"Julieta Di Rocco","date":"agosto 2, 2024","format":false,"excerpt":"https:\/\/www.pagina12.com.ar\/757258-argentina-reconocio-a-edmundo-gonzalez-urrita-como-president","rel":"","context":"En \u00abSin categor\u00eda\u00bb","block_context":{"text":"Sin categor\u00eda","link":"https:\/\/1005.com.ar\/index.php\/category\/sin-categoria\/"},"img":{"alt_text":"","src":"https:\/\/i0.wp.com\/1005.com.ar\/wp-content\/uploads\/2024\/08\/861633-806619-3-a-na-20-284-29_0.jpg?resize=350%2C200&ssl=1","width":350,"height":200,"srcset":"https:\/\/i0.wp.com\/1005.com.ar\/wp-content\/uploads\/2024\/08\/861633-806619-3-a-na-20-284-29_0.jpg?resize=350%2C200&ssl=1 1x, https:\/\/i0.wp.com\/1005.com.ar\/wp-content\/uploads\/2024\/08\/861633-806619-3-a-na-20-284-29_0.jpg?resize=525%2C300&ssl=1 1.5x, https:\/\/i0.wp.com\/1005.com.ar\/wp-content\/uploads\/2024\/08\/861633-806619-3-a-na-20-284-29_0.jpg?resize=700%2C400&ssl=1 2x"},"classes":[]},{"id":2339,"url":"https:\/\/1005.com.ar\/index.php\/2021\/11\/15\/las-elecciones-legislativas-y-la-segunda-etapa-del-gobierno-de-alberto-fernandez\/","url_meta":{"origin":5186,"position":4},"title":"Las elecciones legislativas y la segunda etapa del gobierno de Alberto Fern\u00e1ndez","author":"Radio Music","date":"noviembre 15, 2021","format":false,"excerpt":"CUESTA ARRIBA El Frente de Todos mantiene la primera minor\u00eda en ambas C\u00e1maras. Redujo al m\u00ednimo la diferencia en provincia de Buenos Aires. Juntos por el Cambio y un festejo acotado. https:\/\/www.pagina12.com.ar\/382695-cuesta-arriba","rel":"","context":"En \u00abSin categor\u00eda\u00bb","block_context":{"text":"Sin categor\u00eda","link":"https:\/\/1005.com.ar\/index.php\/category\/sin-categoria\/"},"img":{"alt_text":"","src":"https:\/\/i0.wp.com\/1005.com.ar\/wp-content\/uploads\/2021\/11\/289217-3-a-leandroteysseire.jpg?resize=350%2C200&ssl=1","width":350,"height":200,"srcset":"https:\/\/i0.wp.com\/1005.com.ar\/wp-content\/uploads\/2021\/11\/289217-3-a-leandroteysseire.jpg?resize=350%2C200&ssl=1 1x, https:\/\/i0.wp.com\/1005.com.ar\/wp-content\/uploads\/2021\/11\/289217-3-a-leandroteysseire.jpg?resize=525%2C300&ssl=1 1.5x, https:\/\/i0.wp.com\/1005.com.ar\/wp-content\/uploads\/2021\/11\/289217-3-a-leandroteysseire.jpg?resize=700%2C400&ssl=1 2x"},"classes":[]},{"id":4237,"url":"https:\/\/1005.com.ar\/index.php\/2023\/08\/04\/se-puede-votar-con-dni-digital-los-documentos-habilitados-para-las-elecciones-2023\/","url_meta":{"origin":5186,"position":5},"title":"\u00bfSe puede votar con DNI digital? Los documentos habilitados para las elecciones 2023","author":"Julieta Di Rocco","date":"agosto 4, 2023","format":false,"excerpt":"La C\u00e1mara Electoral Nacional especific\u00f3 cu\u00e1les son los documentos requeridos para emitir el sufragio el pr\u00f3ximo 13 de agosto Los ciudadanos argentinos se preparan para vivir una fecha crucial: las\u00a0Elecciones Primarias, Abiertas, Simult\u00e1neas y Obligatorias (PASO), las cuales tendr\u00e1n lugar el pr\u00f3ximo\u00a013 de agosto. En esta etapa, los votantes habilitados\u2026","rel":"","context":"En \u00abSin categor\u00eda\u00bb","block_context":{"text":"Sin categor\u00eda","link":"https:\/\/1005.com.ar\/index.php\/category\/sin-categoria\/"},"img":{"alt_text":"","src":"https:\/\/i0.wp.com\/1005.com.ar\/wp-content\/uploads\/2023\/08\/documentos-validos-para-votar-.jpg?resize=350%2C200&ssl=1","width":350,"height":200,"srcset":"https:\/\/i0.wp.com\/1005.com.ar\/wp-content\/uploads\/2023\/08\/documentos-validos-para-votar-.jpg?resize=350%2C200&ssl=1 1x, https:\/\/i0.wp.com\/1005.com.ar\/wp-content\/uploads\/2023\/08\/documentos-validos-para-votar-.jpg?resize=525%2C300&ssl=1 1.5x, https:\/\/i0.wp.com\/1005.com.ar\/wp-content\/uploads\/2023\/08\/documentos-validos-para-votar-.jpg?resize=700%2C400&ssl=1 2x"},"classes":[]}],"jetpack_likes_enabled":true,"jetpack_sharing_enabled":true,"_links":{"self":[{"href":"https:\/\/1005.com.ar\/index.php\/wp-json\/wp\/v2\/posts\/5186","targetHints":{"allow":["GET"]}}],"collection":[{"href":"https:\/\/1005.com.ar\/index.php\/wp-json\/wp\/v2\/posts"}],"about":[{"href":"https:\/\/1005.com.ar\/index.php\/wp-json\/wp\/v2\/types\/post"}],"author":[{"embeddable":true,"href":"https:\/\/1005.com.ar\/index.php\/wp-json\/wp\/v2\/users\/7"}],"replies":[{"embeddable":true,"href":"https:\/\/1005.com.ar\/index.php\/wp-json\/wp\/v2\/comments?post=5186"}],"version-history":[{"count":1,"href":"https:\/\/1005.com.ar\/index.php\/wp-json\/wp\/v2\/posts\/5186\/revisions"}],"predecessor-version":[{"id":5188,"href":"https:\/\/1005.com.ar\/index.php\/wp-json\/wp\/v2\/posts\/5186\/revisions\/5188"}],"wp:featuredmedia":[{"embeddable":true,"href":"https:\/\/1005.com.ar\/index.php\/wp-json\/wp\/v2\/media\/5187"}],"wp:attachment":[{"href":"https:\/\/1005.com.ar\/index.php\/wp-json\/wp\/v2\/media?parent=5186"}],"wp:term":[{"taxonomy":"category","embeddable":true,"href":"https:\/\/1005.com.ar\/index.php\/wp-json\/wp\/v2\/categories?post=5186"},{"taxonomy":"post_tag","embeddable":true,"href":"https:\/\/1005.com.ar\/index.php\/wp-json\/wp\/v2\/tags?post=5186"}],"curies":[{"name":"wp","href":"https:\/\/api.w.org\/{rel}","templated":true}]}}