{"id":5098,"date":"2024-05-12T22:02:38","date_gmt":"2024-05-13T01:02:38","guid":{"rendered":"https:\/\/1005.com.ar\/?p=5098"},"modified":"2024-05-12T22:02:40","modified_gmt":"2024-05-13T01:02:40","slug":"ariel-scher-y-agustin-lopez-paunero-el-deporte-multiplica-el-poder-de-la-literatura","status":"publish","type":"post","link":"https:\/\/1005.com.ar\/index.php\/2024\/05\/12\/ariel-scher-y-agustin-lopez-paunero-el-deporte-multiplica-el-poder-de-la-literatura\/","title":{"rendered":"Ariel Scher y Agust\u00edn L\u00f3pez Paunero: \u00abEl deporte multiplica el poder de la literatura\u00bb"},"content":{"rendered":"\n<p><a href=\"https:\/\/www.pagina12.com.ar\/736141-ariel-scher-y-agustin-lopez-paunero-el-deporte-multiplica-el\">https:\/\/www.pagina12.com.ar\/736141-ariel-scher-y-agustin-lopez-paunero-el-deporte-multiplica-el<\/a><\/p>\n","protected":false},"excerpt":{"rendered":"<p>https:\/\/www.pagina12.com.ar\/736141-ariel-scher-y-agustin-lopez-paunero-el-deporte-multiplica-el<\/p>\n","protected":false},"author":7,"featured_media":5099,"comment_status":"open","ping_status":"closed","sticky":false,"template":"","format":"standard","meta":{"jetpack_post_was_ever_published":false,"_jetpack_newsletter_access":"","_jetpack_dont_email_post_to_subs":false,"_jetpack_newsletter_tier_id":0,"_jetpack_memberships_contains_paywalled_content":false,"_jetpack_memberships_contains_paid_content":false,"footnotes":"","jetpack_publicize_message":"","jetpack_publicize_feature_enabled":true,"jetpack_social_post_already_shared":true,"jetpack_social_options":{"image_generator_settings":{"template":"highway","default_image_id":0,"font":"","enabled":false},"version":2}},"categories":[1],"tags":[],"class_list":["post-5098","post","type-post","status-publish","format-standard","has-post-thumbnail","hentry","category-sin-categoria"],"jetpack_publicize_connections":[],"jetpack_featured_media_url":"https:\/\/1005.com.ar\/wp-content\/uploads\/2024\/05\/838606-31a.jpg","jetpack-related-posts":[{"id":3178,"url":"https:\/\/1005.com.ar\/index.php\/2022\/07\/21\/la-feria-de-editores-multiplica-su-experiencia-con-nueva-sede-mas-sellos-y-nuevas-propuestas\/","url_meta":{"origin":5098,"position":0},"title":"La Feria de Editores multiplica su experiencia con nueva sede, m\u00e1s sellos y nuevas propuestas","author":"Julieta Di Rocco","date":"julio 21, 2022","format":false,"excerpt":"El pr\u00f3ximo 5,6 y 7 de agosto llega una nueva edici\u00f3n de la Feria de Editores, esta vez en el C Complejo Art Media en el porte\u00f1o barrio de Chacarita de la Ciudad de Buenos Aires. https:\/\/www.telam.com.ar\/notas\/202207\/599251-feria-de-editores.html","rel":"","context":"En \u00abSin categor\u00eda\u00bb","block_context":{"text":"Sin categor\u00eda","link":"https:\/\/1005.com.ar\/index.php\/category\/sin-categoria\/"},"img":{"alt_text":"","src":"https:\/\/i0.wp.com\/1005.com.ar\/wp-content\/uploads\/2022\/07\/62d9b1ce4c955_900.jpg?resize=350%2C200&ssl=1","width":350,"height":200,"srcset":"https:\/\/i0.wp.com\/1005.com.ar\/wp-content\/uploads\/2022\/07\/62d9b1ce4c955_900.jpg?resize=350%2C200&ssl=1 1x, https:\/\/i0.wp.com\/1005.com.ar\/wp-content\/uploads\/2022\/07\/62d9b1ce4c955_900.jpg?resize=525%2C300&ssl=1 1.5x, https:\/\/i0.wp.com\/1005.com.ar\/wp-content\/uploads\/2022\/07\/62d9b1ce4c955_900.jpg?resize=700%2C400&ssl=1 2x"},"classes":[]},{"id":2923,"url":"https:\/\/1005.com.ar\/index.php\/2022\/06\/05\/agustin-rossi-macri-no-solo-ordeno-el-espionaje-ilegal-sino-que-lo-usufructuo\/","url_meta":{"origin":5098,"position":1},"title":"Agust\u00edn Rossi: \u00abMacri no solo orden\u00f3 el espionaje ilegal sino que lo usufructu\u00f3\u00bb","author":"Julieta Di Rocco","date":"junio 5, 2022","format":false,"excerpt":"En di\u00e1logo con P\u00e1gina\/12, el exministro de Defensa se\u00f1al\u00f3 que es necesario \"transparentar y profesionalizar\" el organismo y cuestion\u00f3 las operaciones ilegales ejecutadas durante el macrismo. https:\/\/www.pagina12.com.ar\/426808-agustin-rossi-macri-no-solo-ordeno-el-espionaje-ilegal-sino-","rel":"","context":"En \u00abSin categor\u00eda\u00bb","block_context":{"text":"Sin categor\u00eda","link":"https:\/\/1005.com.ar\/index.php\/category\/sin-categoria\/"},"img":{"alt_text":"","src":"https:\/\/i0.wp.com\/1005.com.ar\/wp-content\/uploads\/2022\/06\/553902-whatsapp-20image-202022-06-04-20at-208-56-39-20pm-0.jpeg?resize=350%2C200&ssl=1","width":350,"height":200,"srcset":"https:\/\/i0.wp.com\/1005.com.ar\/wp-content\/uploads\/2022\/06\/553902-whatsapp-20image-202022-06-04-20at-208-56-39-20pm-0.jpeg?resize=350%2C200&ssl=1 1x, https:\/\/i0.wp.com\/1005.com.ar\/wp-content\/uploads\/2022\/06\/553902-whatsapp-20image-202022-06-04-20at-208-56-39-20pm-0.jpeg?resize=525%2C300&ssl=1 1.5x, https:\/\/i0.wp.com\/1005.com.ar\/wp-content\/uploads\/2022\/06\/553902-whatsapp-20image-202022-06-04-20at-208-56-39-20pm-0.jpeg?resize=700%2C400&ssl=1 2x"},"classes":[]},{"id":4553,"url":"https:\/\/1005.com.ar\/index.php\/2023\/11\/15\/agustin-rombola-responsabilizo-a-javier-milei-y-victoria-villarruel\/","url_meta":{"origin":5098,"position":2},"title":"Agust\u00edn Rombol\u00e1 responsabiliz\u00f3 a Javier Milei y Victoria Villarruel","author":"Julieta Di Rocco","date":"noviembre 15, 2023","format":false,"excerpt":"\"El Falcon pasa la semana que viene\": las violentas amenazas al presidente de la Juventud Radical https:\/\/www.pagina12.com.ar\/616840-el-falcon-pasa-la-semana-que-viene-las-violentas-amenazas-al","rel":"","context":"En \u00abSin categor\u00eda\u00bb","block_context":{"text":"Sin categor\u00eda","link":"https:\/\/1005.com.ar\/index.php\/category\/sin-categoria\/"},"img":{"alt_text":"","src":"https:\/\/i0.wp.com\/1005.com.ar\/wp-content\/uploads\/2023\/11\/789487-whatsapp-20image-202023-11-15-20at-2009-47-44.jpeg?resize=350%2C200&ssl=1","width":350,"height":200,"srcset":"https:\/\/i0.wp.com\/1005.com.ar\/wp-content\/uploads\/2023\/11\/789487-whatsapp-20image-202023-11-15-20at-2009-47-44.jpeg?resize=350%2C200&ssl=1 1x, https:\/\/i0.wp.com\/1005.com.ar\/wp-content\/uploads\/2023\/11\/789487-whatsapp-20image-202023-11-15-20at-2009-47-44.jpeg?resize=525%2C300&ssl=1 1.5x, https:\/\/i0.wp.com\/1005.com.ar\/wp-content\/uploads\/2023\/11\/789487-whatsapp-20image-202023-11-15-20at-2009-47-44.jpeg?resize=700%2C400&ssl=1 2x"},"classes":[]},{"id":3302,"url":"https:\/\/1005.com.ar\/index.php\/2022\/08\/09\/chiquito-romero-realiza-su-primera-practica-en-boca\/","url_meta":{"origin":5098,"position":3},"title":"\u00abChiquito\u00bb Romero realiza su primera pr\u00e1ctica en Boca","author":"Julieta Di Rocco","date":"agosto 9, 2022","format":false,"excerpt":"La dirigencia xenieze apur\u00f3 la contrataci\u00f3n de Romero por la situaci\u00f3n del arquero titular, Agust\u00edn Rossi, quien no arregl\u00f3 la renovaci\u00f3n de su contrato y podr\u00e1 quedar libre el 30 de junio de 2023.","rel":"","context":"En \u00abSin categor\u00eda\u00bb","block_context":{"text":"Sin categor\u00eda","link":"https:\/\/1005.com.ar\/index.php\/category\/sin-categoria\/"},"img":{"alt_text":"","src":"https:\/\/i0.wp.com\/1005.com.ar\/wp-content\/uploads\/2022\/08\/FZrZ30LWYAIQKG-.jpg?resize=350%2C200&ssl=1","width":350,"height":200,"srcset":"https:\/\/i0.wp.com\/1005.com.ar\/wp-content\/uploads\/2022\/08\/FZrZ30LWYAIQKG-.jpg?resize=350%2C200&ssl=1 1x, https:\/\/i0.wp.com\/1005.com.ar\/wp-content\/uploads\/2022\/08\/FZrZ30LWYAIQKG-.jpg?resize=525%2C300&ssl=1 1.5x, https:\/\/i0.wp.com\/1005.com.ar\/wp-content\/uploads\/2022\/08\/FZrZ30LWYAIQKG-.jpg?resize=700%2C400&ssl=1 2x"},"classes":[]},{"id":2266,"url":"https:\/\/1005.com.ar\/index.php\/2021\/09\/02\/juegos-paralimpicos-si-habia-cinco-metros-mas-hubiese-ganado\/","url_meta":{"origin":5098,"position":4},"title":"Juegos Paral\u00edmpicos: \u00abSi hab\u00eda cinco metros m\u00e1s, hubiese ganado\u00bb","author":"Radio Music","date":"septiembre 2, 2021","format":false,"excerpt":"El nadador rosarino, inconformista como pocos, dej\u00f3 sus sensaciones tras la conquista y repas\u00f3 sus or\u00edgenes en el deporte. La jornada argentina y la presentaci\u00f3n de Los Murci\u00e9lagos. https:\/\/www.pagina12.com.ar\/365314-juegos-paralimpicos-si-habia-cinco-metros-mas-hubiese-ganado","rel":"","context":"En \u00abSin categor\u00eda\u00bb","block_context":{"text":"Sin categor\u00eda","link":"https:\/\/1005.com.ar\/index.php\/category\/sin-categoria\/"},"img":{"alt_text":"","src":"","width":0,"height":0},"classes":[]},{"id":1344,"url":"https:\/\/1005.com.ar\/index.php\/2021\/01\/28\/un-documental-sobre-el-stud-free-pub-emblema-del-under-de-los-80\/","url_meta":{"origin":5098,"position":5},"title":"Un documental sobre el Stud Free Pub, emblema del under de los 80","author":"Radio Music","date":"enero 28, 2021","format":false,"excerpt":"Stud Free Pub (Una buena historia), dirigido por Ariel \"Topo\" Raiman, se podr\u00e1 ver este jueves a las 22, gratis, por streaming. Rescata a trav\u00e9s de im\u00e1genes y testimonios la esencia de un local que marc\u00f3 una \u00e9poca y vio pasar a muchas de las mejores bandas de los m\u00e1s\u2026","rel":"","context":"En \u00abSin categor\u00eda\u00bb","block_context":{"text":"Sin categor\u00eda","link":"https:\/\/1005.com.ar\/index.php\/category\/sin-categoria\/"},"img":{"alt_text":"","src":"","width":0,"height":0},"classes":[]}],"jetpack_likes_enabled":true,"jetpack_sharing_enabled":true,"_links":{"self":[{"href":"https:\/\/1005.com.ar\/index.php\/wp-json\/wp\/v2\/posts\/5098","targetHints":{"allow":["GET"]}}],"collection":[{"href":"https:\/\/1005.com.ar\/index.php\/wp-json\/wp\/v2\/posts"}],"about":[{"href":"https:\/\/1005.com.ar\/index.php\/wp-json\/wp\/v2\/types\/post"}],"author":[{"embeddable":true,"href":"https:\/\/1005.com.ar\/index.php\/wp-json\/wp\/v2\/users\/7"}],"replies":[{"embeddable":true,"href":"https:\/\/1005.com.ar\/index.php\/wp-json\/wp\/v2\/comments?post=5098"}],"version-history":[{"count":1,"href":"https:\/\/1005.com.ar\/index.php\/wp-json\/wp\/v2\/posts\/5098\/revisions"}],"predecessor-version":[{"id":5100,"href":"https:\/\/1005.com.ar\/index.php\/wp-json\/wp\/v2\/posts\/5098\/revisions\/5100"}],"wp:featuredmedia":[{"embeddable":true,"href":"https:\/\/1005.com.ar\/index.php\/wp-json\/wp\/v2\/media\/5099"}],"wp:attachment":[{"href":"https:\/\/1005.com.ar\/index.php\/wp-json\/wp\/v2\/media?parent=5098"}],"wp:term":[{"taxonomy":"category","embeddable":true,"href":"https:\/\/1005.com.ar\/index.php\/wp-json\/wp\/v2\/categories?post=5098"},{"taxonomy":"post_tag","embeddable":true,"href":"https:\/\/1005.com.ar\/index.php\/wp-json\/wp\/v2\/tags?post=5098"}],"curies":[{"name":"wp","href":"https:\/\/api.w.org\/{rel}","templated":true}]}}