{"id":5054,"date":"2024-05-05T19:23:53","date_gmt":"2024-05-05T22:23:53","guid":{"rendered":"https:\/\/1005.com.ar\/?p=5054"},"modified":"2024-05-05T19:23:55","modified_gmt":"2024-05-05T22:23:55","slug":"homenaje-al-poeta-del-futbol","status":"publish","type":"post","link":"https:\/\/1005.com.ar\/index.php\/2024\/05\/05\/homenaje-al-poeta-del-futbol\/","title":{"rendered":"Homenaje al \u00abpoeta del f\u00fatbol\u00bb"},"content":{"rendered":"\n<p>Reconocimiento a V\u00edctor Hugo Morales en N\u00e1poles, la segunda patria de Maradona<\/p>\n\n\n\n<p><a href=\"https:\/\/www.pagina12.com.ar\/734077-homenaje-al-poeta-del-futbol\">https:\/\/www.pagina12.com.ar\/734077-homenaje-al-poeta-del-futbol<\/a><\/p>\n","protected":false},"excerpt":{"rendered":"<p>Reconocimiento a V\u00edctor Hugo Morales en N\u00e1poles, la segunda patria de Maradona https:\/\/www.pagina12.com.ar\/734077-homenaje-al-poeta-del-futbol<\/p>\n","protected":false},"author":7,"featured_media":5055,"comment_status":"open","ping_status":"closed","sticky":false,"template":"","format":"standard","meta":{"jetpack_post_was_ever_published":false,"_jetpack_newsletter_access":"","_jetpack_dont_email_post_to_subs":false,"_jetpack_newsletter_tier_id":0,"_jetpack_memberships_contains_paywalled_content":false,"_jetpack_memberships_contains_paid_content":false,"footnotes":"","jetpack_publicize_message":"","jetpack_publicize_feature_enabled":true,"jetpack_social_post_already_shared":true,"jetpack_social_options":{"image_generator_settings":{"template":"highway","default_image_id":0,"font":"","enabled":false},"version":2}},"categories":[1],"tags":[],"class_list":["post-5054","post","type-post","status-publish","format-standard","has-post-thumbnail","hentry","category-sin-categoria"],"jetpack_publicize_connections":[],"jetpack_featured_media_url":"https:\/\/1005.com.ar\/wp-content\/uploads\/2024\/05\/836589-whatsapp-20image-202024-05-04-20at-2021-03-49.jpeg","jetpack-related-posts":[{"id":3477,"url":"https:\/\/1005.com.ar\/index.php\/2022\/09\/12\/con-un-homenaje-a-sara-facio-y-espacio-para-lo-experimental-llega-una-nueva-baphoto\/","url_meta":{"origin":5054,"position":0},"title":"Con un homenaje a Sara Facio y espacio para lo experimental, llega una nueva BAphoto","author":"Julieta Di Rocco","date":"septiembre 12, 2022","format":false,"excerpt":"https:\/\/www.telam.com.ar\/notas\/202209\/604427-homenaje-sara-facio-feria-baphoto.html","rel":"","context":"En \u00abSin categor\u00eda\u00bb","block_context":{"text":"Sin categor\u00eda","link":"https:\/\/1005.com.ar\/index.php\/category\/sin-categoria\/"},"img":{"alt_text":"","src":"https:\/\/i0.wp.com\/1005.com.ar\/wp-content\/uploads\/2022\/09\/631bad0a4b091_900.jpg?resize=350%2C200&ssl=1","width":350,"height":200,"srcset":"https:\/\/i0.wp.com\/1005.com.ar\/wp-content\/uploads\/2022\/09\/631bad0a4b091_900.jpg?resize=350%2C200&ssl=1 1x, https:\/\/i0.wp.com\/1005.com.ar\/wp-content\/uploads\/2022\/09\/631bad0a4b091_900.jpg?resize=525%2C300&ssl=1 1.5x, https:\/\/i0.wp.com\/1005.com.ar\/wp-content\/uploads\/2022\/09\/631bad0a4b091_900.jpg?resize=700%2C400&ssl=1 2x"},"classes":[]},{"id":3375,"url":"https:\/\/1005.com.ar\/index.php\/2022\/08\/24\/san-lorenzo-le-brindara-un-homenaje-a-edgardo-bauza\/","url_meta":{"origin":5054,"position":1},"title":"San Lorenzo le brindar\u00e1 un homenaje a Edgardo Bauza","author":"Julieta Di Rocco","date":"agosto 24, 2022","format":false,"excerpt":"La Comisi\u00f3n Directiva de San Lorenzo aprob\u00f3 de manera un\u00e1nime homenajear al entrenador Edgardo Bauza, poni\u00e9ndole su nombre a un sector del estadio Pedro Bidegain. https:\/\/www.pagina12.com.ar\/476175-san-lorenzo-le-brindara-un-homenaje-a-edgardo-bauza","rel":"","context":"En \u00abSin categor\u00eda\u00bb","block_context":{"text":"Sin categor\u00eda","link":"https:\/\/1005.com.ar\/index.php\/category\/sin-categoria\/"},"img":{"alt_text":"","src":"https:\/\/i0.wp.com\/1005.com.ar\/wp-content\/uploads\/2022\/08\/623298-26-b-na.jpg?resize=350%2C200&ssl=1","width":350,"height":200,"srcset":"https:\/\/i0.wp.com\/1005.com.ar\/wp-content\/uploads\/2022\/08\/623298-26-b-na.jpg?resize=350%2C200&ssl=1 1x, https:\/\/i0.wp.com\/1005.com.ar\/wp-content\/uploads\/2022\/08\/623298-26-b-na.jpg?resize=525%2C300&ssl=1 1.5x, https:\/\/i0.wp.com\/1005.com.ar\/wp-content\/uploads\/2022\/08\/623298-26-b-na.jpg?resize=700%2C400&ssl=1 2x"},"classes":[]},{"id":3444,"url":"https:\/\/1005.com.ar\/index.php\/2022\/09\/09\/gran-bretana-inicia-un-periodo-de-10-dias-de-luto-en-homenaje-a-isabel-ii\/","url_meta":{"origin":5054,"position":2},"title":"Gran Breta\u00f1a inicia un per\u00edodo de 10 d\u00edas de luto en homenaje a Isabel II","author":"Julieta Di Rocco","date":"septiembre 9, 2022","format":false,"excerpt":"Se espera que el funeral de Estado de la reina tenga lugar en la Abad\u00eda de Westminster\u00a0en menos de dos semanas. El d\u00eda exacto ser\u00e1 confirmado por el Palacio de Buckingham.\u00a0La soberana muri\u00f3 el jueves a los 96 a\u00f1os\u00a0en Balmoral,\u00a0Escocia. https:\/\/www.telam.com.ar\/notas\/202209\/604349-reino-unido-monarquia-luto-homenaje-isabel-ii-luto.html","rel":"","context":"En \u00abSin categor\u00eda\u00bb","block_context":{"text":"Sin categor\u00eda","link":"https:\/\/1005.com.ar\/index.php\/category\/sin-categoria\/"},"img":{"alt_text":"","src":"https:\/\/i0.wp.com\/1005.com.ar\/wp-content\/uploads\/2022\/09\/6297d62a7d635_900.jpg?resize=350%2C200&ssl=1","width":350,"height":200,"srcset":"https:\/\/i0.wp.com\/1005.com.ar\/wp-content\/uploads\/2022\/09\/6297d62a7d635_900.jpg?resize=350%2C200&ssl=1 1x, https:\/\/i0.wp.com\/1005.com.ar\/wp-content\/uploads\/2022\/09\/6297d62a7d635_900.jpg?resize=525%2C300&ssl=1 1.5x, https:\/\/i0.wp.com\/1005.com.ar\/wp-content\/uploads\/2022\/09\/6297d62a7d635_900.jpg?resize=700%2C400&ssl=1 2x"},"classes":[]},{"id":5860,"url":"https:\/\/1005.com.ar\/index.php\/2025\/03\/30\/a-100-anos-de-la-estadia-de-albert-einstein-en-argentina\/","url_meta":{"origin":5054,"position":3},"title":"A 100 a\u00f1os de la estad\u00eda de Albert Einstein en Argentina","author":"Julieta Di Rocco","date":"marzo 30, 2025","format":false,"excerpt":"Homenaje al cient\u00edfico que lo revolucion\u00f3 todo https:\/\/www.pagina12.com.ar\/814438-el-pais-rinde-homenaje-al-cientifico-que-lo-revoluciono-todo","rel":"","context":"En \u00abSin categor\u00eda\u00bb","block_context":{"text":"Sin categor\u00eda","link":"https:\/\/1005.com.ar\/index.php\/category\/sin-categoria\/"},"img":{"alt_text":"","src":"https:\/\/i0.wp.com\/1005.com.ar\/wp-content\/uploads\/2025\/03\/925019-19a-agn.jpg?resize=350%2C200&ssl=1","width":350,"height":200,"srcset":"https:\/\/i0.wp.com\/1005.com.ar\/wp-content\/uploads\/2025\/03\/925019-19a-agn.jpg?resize=350%2C200&ssl=1 1x, https:\/\/i0.wp.com\/1005.com.ar\/wp-content\/uploads\/2025\/03\/925019-19a-agn.jpg?resize=525%2C300&ssl=1 1.5x, https:\/\/i0.wp.com\/1005.com.ar\/wp-content\/uploads\/2025\/03\/925019-19a-agn.jpg?resize=700%2C400&ssl=1 2x"},"classes":[]},{"id":4931,"url":"https:\/\/1005.com.ar\/index.php\/2024\/04\/11\/murio-el-exjugador-de-futbol-americano-o-j-simpson\/","url_meta":{"origin":5054,"position":4},"title":"Muri\u00f3 el exjugador de f\u00fatbol americano O.J. Simpson","author":"Julieta Di Rocco","date":"abril 11, 2024","format":false,"excerpt":"https:\/\/www.pagina12.com.ar\/728350-murio-el-exjugador-de-futbol-americano-o-j-simpson","rel":"","context":"En \u00abSin categor\u00eda\u00bb","block_context":{"text":"Sin categor\u00eda","link":"https:\/\/1005.com.ar\/index.php\/category\/sin-categoria\/"},"img":{"alt_text":"","src":"https:\/\/i0.wp.com\/1005.com.ar\/wp-content\/uploads\/2024\/04\/830610-web-simpson.jpg?resize=350%2C200&ssl=1","width":350,"height":200,"srcset":"https:\/\/i0.wp.com\/1005.com.ar\/wp-content\/uploads\/2024\/04\/830610-web-simpson.jpg?resize=350%2C200&ssl=1 1x, https:\/\/i0.wp.com\/1005.com.ar\/wp-content\/uploads\/2024\/04\/830610-web-simpson.jpg?resize=525%2C300&ssl=1 1.5x, https:\/\/i0.wp.com\/1005.com.ar\/wp-content\/uploads\/2024\/04\/830610-web-simpson.jpg?resize=700%2C400&ssl=1 2x"},"classes":[]},{"id":3207,"url":"https:\/\/1005.com.ar\/index.php\/2022\/07\/23\/el-mundial-de-futbol-masculino-y-las-escuelas\/","url_meta":{"origin":5054,"position":5},"title":"El Mundial de f\u00fatbol masculino y las escuelas","author":"Julieta Di Rocco","date":"julio 23, 2022","format":false,"excerpt":"FUTBOL Reflexiones acerca del valor pedag\u00f3gico del deporte en torno a Qatar 2022. La importancia de pensar la competencia como un hecho cultural trascendente que vale la pena abordar desde las instituciones educativas. Una mirada desde la antropolog\u00eda y la filosof\u00eda. https:\/\/www.pagina12.com.ar\/439132-el-mundial-de-futbol-masculino-y-las-escuelas","rel":"","context":"En \u00abSin categor\u00eda\u00bb","block_context":{"text":"Sin categor\u00eda","link":"https:\/\/1005.com.ar\/index.php\/category\/sin-categoria\/"},"img":{"alt_text":"","src":"https:\/\/i0.wp.com\/1005.com.ar\/wp-content\/uploads\/2022\/07\/590958-mundial-20en-20escuelas.jpeg?resize=350%2C200&ssl=1","width":350,"height":200,"srcset":"https:\/\/i0.wp.com\/1005.com.ar\/wp-content\/uploads\/2022\/07\/590958-mundial-20en-20escuelas.jpeg?resize=350%2C200&ssl=1 1x, https:\/\/i0.wp.com\/1005.com.ar\/wp-content\/uploads\/2022\/07\/590958-mundial-20en-20escuelas.jpeg?resize=525%2C300&ssl=1 1.5x, https:\/\/i0.wp.com\/1005.com.ar\/wp-content\/uploads\/2022\/07\/590958-mundial-20en-20escuelas.jpeg?resize=700%2C400&ssl=1 2x"},"classes":[]}],"jetpack_likes_enabled":true,"jetpack_sharing_enabled":true,"_links":{"self":[{"href":"https:\/\/1005.com.ar\/index.php\/wp-json\/wp\/v2\/posts\/5054","targetHints":{"allow":["GET"]}}],"collection":[{"href":"https:\/\/1005.com.ar\/index.php\/wp-json\/wp\/v2\/posts"}],"about":[{"href":"https:\/\/1005.com.ar\/index.php\/wp-json\/wp\/v2\/types\/post"}],"author":[{"embeddable":true,"href":"https:\/\/1005.com.ar\/index.php\/wp-json\/wp\/v2\/users\/7"}],"replies":[{"embeddable":true,"href":"https:\/\/1005.com.ar\/index.php\/wp-json\/wp\/v2\/comments?post=5054"}],"version-history":[{"count":1,"href":"https:\/\/1005.com.ar\/index.php\/wp-json\/wp\/v2\/posts\/5054\/revisions"}],"predecessor-version":[{"id":5056,"href":"https:\/\/1005.com.ar\/index.php\/wp-json\/wp\/v2\/posts\/5054\/revisions\/5056"}],"wp:featuredmedia":[{"embeddable":true,"href":"https:\/\/1005.com.ar\/index.php\/wp-json\/wp\/v2\/media\/5055"}],"wp:attachment":[{"href":"https:\/\/1005.com.ar\/index.php\/wp-json\/wp\/v2\/media?parent=5054"}],"wp:term":[{"taxonomy":"category","embeddable":true,"href":"https:\/\/1005.com.ar\/index.php\/wp-json\/wp\/v2\/categories?post=5054"},{"taxonomy":"post_tag","embeddable":true,"href":"https:\/\/1005.com.ar\/index.php\/wp-json\/wp\/v2\/tags?post=5054"}],"curies":[{"name":"wp","href":"https:\/\/api.w.org\/{rel}","templated":true}]}}