{"id":4922,"date":"2024-04-11T19:16:10","date_gmt":"2024-04-11T22:16:10","guid":{"rendered":"https:\/\/1005.com.ar\/?p=4922"},"modified":"2024-04-11T19:16:12","modified_gmt":"2024-04-11T22:16:12","slug":"axel-kicillof-le-reclamo-a-la-corte-suprema-que-rompa-el-silencio","status":"publish","type":"post","link":"https:\/\/1005.com.ar\/index.php\/2024\/04\/11\/axel-kicillof-le-reclamo-a-la-corte-suprema-que-rompa-el-silencio\/","title":{"rendered":"Axel Kicillof le reclam\u00f3 a la Corte Suprema que rompa el silencio"},"content":{"rendered":"\n<p><a href=\"https:\/\/www.pagina12.com.ar\/728344-axel-kicillof-le-reclamo-a-la-corte-suprema-que-rompa-el-sil\">https:\/\/www.pagina12.com.ar\/728344-axel-kicillof-le-reclamo-a-la-corte-suprema-que-rompa-el-sil<\/a><\/p>\n","protected":false},"excerpt":{"rendered":"<p>https:\/\/www.pagina12.com.ar\/728344-axel-kicillof-le-reclamo-a-la-corte-suprema-que-rompa-el-sil<\/p>\n","protected":false},"author":7,"featured_media":4923,"comment_status":"open","ping_status":"closed","sticky":false,"template":"","format":"standard","meta":{"jetpack_post_was_ever_published":false,"_jetpack_newsletter_access":"","_jetpack_dont_email_post_to_subs":false,"_jetpack_newsletter_tier_id":0,"_jetpack_memberships_contains_paywalled_content":false,"_jetpack_memberships_contains_paid_content":false,"footnotes":"","jetpack_publicize_message":"","jetpack_publicize_feature_enabled":true,"jetpack_social_post_already_shared":true,"jetpack_social_options":{"image_generator_settings":{"template":"highway","default_image_id":0,"font":"","enabled":false},"version":2}},"categories":[1],"tags":[],"class_list":["post-4922","post","type-post","status-publish","format-standard","has-post-thumbnail","hentry","category-sin-categoria"],"jetpack_publicize_connections":[],"jetpack_featured_media_url":"https:\/\/1005.com.ar\/wp-content\/uploads\/2024\/04\/830602-kicillof-na.jpg","jetpack-related-posts":[{"id":2875,"url":"https:\/\/1005.com.ar\/index.php\/2022\/05\/24\/corte-suprema-gobernadores-piden-ampliar-el-maximo-tribunal\/","url_meta":{"origin":4922,"position":0},"title":"Corte Suprema: gobernadores piden ampliar el m\u00e1ximo tribunal","author":"Julieta Di Rocco","date":"mayo 24, 2022","format":false,"excerpt":"Axel Kicillof anunci\u00f3 que junto a otros 15 mandatarios provinciales firmaron una declaraci\u00f3n que reclama\u00a0\u201cuna Corte Suprema de Justicia Federal\u201d y respalda el debate legislativo para aumentar los miembros. El planteo se da en medio de la disputa por la coparticipaci\u00f3n de CABA, que qued\u00f3 en manos del m\u00e1ximo tribunal.\u2026","rel":"","context":"En \u00abSin categor\u00eda\u00bb","block_context":{"text":"Sin categor\u00eda","link":"https:\/\/1005.com.ar\/index.php\/category\/sin-categoria\/"},"img":{"alt_text":"","src":"https:\/\/i0.wp.com\/1005.com.ar\/wp-content\/uploads\/2022\/05\/535818-axel-20c-20gobernadores-20pj1.jpg?resize=350%2C200&ssl=1","width":350,"height":200,"srcset":"https:\/\/i0.wp.com\/1005.com.ar\/wp-content\/uploads\/2022\/05\/535818-axel-20c-20gobernadores-20pj1.jpg?resize=350%2C200&ssl=1 1x, https:\/\/i0.wp.com\/1005.com.ar\/wp-content\/uploads\/2022\/05\/535818-axel-20c-20gobernadores-20pj1.jpg?resize=525%2C300&ssl=1 1.5x, https:\/\/i0.wp.com\/1005.com.ar\/wp-content\/uploads\/2022\/05\/535818-axel-20c-20gobernadores-20pj1.jpg?resize=700%2C400&ssl=1 2x"},"classes":[]},{"id":1359,"url":"https:\/\/1005.com.ar\/index.php\/2021\/01\/29\/la-justicia-ordena-a-axel-kicillof-aumentar-un-80-el-salario-de-los-jueces\/","url_meta":{"origin":4922,"position":1},"title":"La Justicia ordena a Axel Kicillof aumentar un 80% el salario de los jueces","author":"Radio Music","date":"enero 29, 2021","format":false,"excerpt":"El fallo determin\u00f3 que deber\u00e1 aplicarse un incremento escalonado a los magistrados y funcionarios judiciales durante los pr\u00f3ximos cinco a\u00f1os","rel":"","context":"En \u00abSin categor\u00eda\u00bb","block_context":{"text":"Sin categor\u00eda","link":"https:\/\/1005.com.ar\/index.php\/category\/sin-categoria\/"},"img":{"alt_text":"","src":"","width":0,"height":0},"classes":[]},{"id":5324,"url":"https:\/\/1005.com.ar\/index.php\/2024\/07\/09\/buenos-aires-la-ggran-ausente-en-el-pacto-de-mayo-que-dijo-el-gobernador-axel-kicillof\/","url_meta":{"origin":4922,"position":2},"title":"Buenos Aires, la ggran ausente en el Pacto de Mayo, Qu\u00e9 dijo el gobernador Axel Kicillof","author":"Julieta Di Rocco","date":"julio 9, 2024","format":false,"excerpt":"https:\/\/www.eldia.com\/nota\/2024-7-9-8-35-0-buenos-aires-la-gran-ausente-en-el-pacto-de-mayo-que-dijo-el-gobernador-axel-kicillof-politica-y-economia","rel":"","context":"En \u00abSin categor\u00eda\u00bb","block_context":{"text":"Sin categor\u00eda","link":"https:\/\/1005.com.ar\/index.php\/category\/sin-categoria\/"},"img":{"alt_text":"","src":"https:\/\/i0.wp.com\/1005.com.ar\/wp-content\/uploads\/2024\/07\/1720525133266.jpg?resize=350%2C200&ssl=1","width":350,"height":200,"srcset":"https:\/\/i0.wp.com\/1005.com.ar\/wp-content\/uploads\/2024\/07\/1720525133266.jpg?resize=350%2C200&ssl=1 1x, https:\/\/i0.wp.com\/1005.com.ar\/wp-content\/uploads\/2024\/07\/1720525133266.jpg?resize=525%2C300&ssl=1 1.5x, https:\/\/i0.wp.com\/1005.com.ar\/wp-content\/uploads\/2024\/07\/1720525133266.jpg?resize=700%2C400&ssl=1 2x, https:\/\/i0.wp.com\/1005.com.ar\/wp-content\/uploads\/2024\/07\/1720525133266.jpg?resize=1050%2C600&ssl=1 3x, https:\/\/i0.wp.com\/1005.com.ar\/wp-content\/uploads\/2024\/07\/1720525133266.jpg?resize=1400%2C800&ssl=1 4x"},"classes":[]},{"id":4566,"url":"https:\/\/1005.com.ar\/index.php\/2023\/11\/15\/con-axel-kicillof-se-realizo-el-encuentro-provincial-de-cultura\/","url_meta":{"origin":4922,"position":3},"title":"Con Axel Kicillof, se realiz\u00f3 el Encuentro Provincial de Cultura","author":"Julieta Di Rocco","date":"noviembre 15, 2023","format":false,"excerpt":"Impulsado y organizado por el Instituto Cultural, m\u00e1s de 2000 artistas y referentes culturales de toda la provincia estuvieron presentes en la apertura del encuentro y en las diferentes comisiones de trabajo.\u00a0 https:\/\/institutocultural.gba.gob.ar\/451","rel":"","context":"En \u00abSin categor\u00eda\u00bb","block_context":{"text":"Sin categor\u00eda","link":"https:\/\/1005.com.ar\/index.php\/category\/sin-categoria\/"},"img":{"alt_text":"","src":"https:\/\/i0.wp.com\/1005.com.ar\/wp-content\/uploads\/2023\/11\/fat.jpg?resize=350%2C200&ssl=1","width":350,"height":200,"srcset":"https:\/\/i0.wp.com\/1005.com.ar\/wp-content\/uploads\/2023\/11\/fat.jpg?resize=350%2C200&ssl=1 1x, https:\/\/i0.wp.com\/1005.com.ar\/wp-content\/uploads\/2023\/11\/fat.jpg?resize=525%2C300&ssl=1 1.5x, https:\/\/i0.wp.com\/1005.com.ar\/wp-content\/uploads\/2023\/11\/fat.jpg?resize=700%2C400&ssl=1 2x"},"classes":[]},{"id":1624,"url":"https:\/\/1005.com.ar\/index.php\/2021\/02\/23\/axel-kicillof-cuando-me-vacune-era-un-loco-suicida-ahora-soy-un-vacunado-vip\/","url_meta":{"origin":4922,"position":4},"title":"Axel Kicillof; \u00abCuando me vacun\u00e9 era un &#8216;loco suicida&#8217;, ahora soy un vacunado VIP\u00bb","author":"Radio Music","date":"febrero 23, 2021","format":false,"excerpt":"Fuertes cr\u00edticas a la oposici\u00f3n medi\u00e1tica y pol\u00edtica","rel":"","context":"En \u00abSin categor\u00eda\u00bb","block_context":{"text":"Sin categor\u00eda","link":"https:\/\/1005.com.ar\/index.php\/category\/sin-categoria\/"},"img":{"alt_text":"","src":"","width":0,"height":0},"classes":[]},{"id":1225,"url":"https:\/\/1005.com.ar\/index.php\/2021\/01\/24\/axel-kicillof-militar-contra-las-vacunas-es-muy-miserable\/","url_meta":{"origin":4922,"position":5},"title":"Axel Kicillof: \u00abMilitar contra las vacunas es muy miserable\u00bb","author":"Radio Music","date":"enero 24, 2021","format":false,"excerpt":"El gobernador detalla el regreso a clases y la log\u00edstica de vacunaci\u00f3n en la provincia","rel":"","context":"En \u00abSin categor\u00eda\u00bb","block_context":{"text":"Sin categor\u00eda","link":"https:\/\/1005.com.ar\/index.php\/category\/sin-categoria\/"},"img":{"alt_text":"","src":"https:\/\/i0.wp.com\/1005.com.ar\/wp-content\/uploads\/2021\/01\/axel_kicillof_portada_1.jpg_1359985867.jpg?resize=350%2C200&ssl=1","width":350,"height":200},"classes":[]}],"jetpack_likes_enabled":true,"jetpack_sharing_enabled":true,"_links":{"self":[{"href":"https:\/\/1005.com.ar\/index.php\/wp-json\/wp\/v2\/posts\/4922","targetHints":{"allow":["GET"]}}],"collection":[{"href":"https:\/\/1005.com.ar\/index.php\/wp-json\/wp\/v2\/posts"}],"about":[{"href":"https:\/\/1005.com.ar\/index.php\/wp-json\/wp\/v2\/types\/post"}],"author":[{"embeddable":true,"href":"https:\/\/1005.com.ar\/index.php\/wp-json\/wp\/v2\/users\/7"}],"replies":[{"embeddable":true,"href":"https:\/\/1005.com.ar\/index.php\/wp-json\/wp\/v2\/comments?post=4922"}],"version-history":[{"count":1,"href":"https:\/\/1005.com.ar\/index.php\/wp-json\/wp\/v2\/posts\/4922\/revisions"}],"predecessor-version":[{"id":4924,"href":"https:\/\/1005.com.ar\/index.php\/wp-json\/wp\/v2\/posts\/4922\/revisions\/4924"}],"wp:featuredmedia":[{"embeddable":true,"href":"https:\/\/1005.com.ar\/index.php\/wp-json\/wp\/v2\/media\/4923"}],"wp:attachment":[{"href":"https:\/\/1005.com.ar\/index.php\/wp-json\/wp\/v2\/media?parent=4922"}],"wp:term":[{"taxonomy":"category","embeddable":true,"href":"https:\/\/1005.com.ar\/index.php\/wp-json\/wp\/v2\/categories?post=4922"},{"taxonomy":"post_tag","embeddable":true,"href":"https:\/\/1005.com.ar\/index.php\/wp-json\/wp\/v2\/tags?post=4922"}],"curies":[{"name":"wp","href":"https:\/\/api.w.org\/{rel}","templated":true}]}}