{"id":4774,"date":"2024-02-26T14:26:26","date_gmt":"2024-02-26T17:26:26","guid":{"rendered":"https:\/\/1005.com.ar\/?p=4774"},"modified":"2024-02-26T14:26:28","modified_gmt":"2024-02-26T17:26:28","slug":"por-que-milei-ya-no-canta-se-viene-el-estallido","status":"publish","type":"post","link":"https:\/\/1005.com.ar\/index.php\/2024\/02\/26\/por-que-milei-ya-no-canta-se-viene-el-estallido\/","title":{"rendered":"Por qu\u00e9 Milei ya no canta \u00abSe viene el estallido\u201d"},"content":{"rendered":"\n<p><a href=\"https:\/\/www.pagina12.com.ar\/715362-por-que-milei-ya-no-canta-se-viene-el-estallido\">https:\/\/www.pagina12.com.ar\/715362-por-que-milei-ya-no-canta-se-viene-el-estallido<\/a><\/p>\n","protected":false},"excerpt":{"rendered":"<p>https:\/\/www.pagina12.com.ar\/715362-por-que-milei-ya-no-canta-se-viene-el-estallido<\/p>\n","protected":false},"author":7,"featured_media":4775,"comment_status":"open","ping_status":"closed","sticky":false,"template":"","format":"standard","meta":{"jetpack_post_was_ever_published":false,"_jetpack_newsletter_access":"","_jetpack_dont_email_post_to_subs":false,"_jetpack_newsletter_tier_id":0,"_jetpack_memberships_contains_paywalled_content":false,"_jetpack_memberships_contains_paid_content":false,"footnotes":"","jetpack_publicize_message":"","jetpack_publicize_feature_enabled":true,"jetpack_social_post_already_shared":true,"jetpack_social_options":{"image_generator_settings":{"template":"highway","default_image_id":0,"font":"","enabled":false},"version":2}},"categories":[1],"tags":[],"class_list":["post-4774","post","type-post","status-publish","format-standard","has-post-thumbnail","hentry","category-sin-categoria"],"jetpack_publicize_connections":[],"jetpack_featured_media_url":"https:\/\/1005.com.ar\/wp-content\/uploads\/2024\/02\/818365-milei-20estallido.jpg","jetpack-related-posts":[{"id":4397,"url":"https:\/\/1005.com.ar\/index.php\/2023\/10\/11\/dolar-javier-milei-fue-denunciado-por-violencia-economica\/","url_meta":{"origin":4774,"position":0},"title":"D\u00f3lar: Javier Milei fue denunciado por violencia econ\u00f3mica","author":"Julieta Di Rocco","date":"octubre 11, 2023","format":false,"excerpt":"Los dichos del candidato presidencial de La Libertad Avanza Javier Milei, que empujaron la corrida del d\u00f3lar ilegal por encima de los 1.000 pesos, ya provocaron una primera demanda penal presentada en la Justicia porte\u00f1a. La acusaci\u00f3n es por\u00a0\"incitaci\u00f3n a la violencia econ\u00f3mica o delito financiero\".","rel":"","context":"En \u00abSin categor\u00eda\u00bb","block_context":{"text":"Sin categor\u00eda","link":"https:\/\/1005.com.ar\/index.php\/category\/sin-categoria\/"},"img":{"alt_text":"","src":"https:\/\/i0.wp.com\/1005.com.ar\/wp-content\/uploads\/2023\/10\/777028-whatsapp-20image-202023-10-10-20at-2021-08-05.jpeg?resize=350%2C200&ssl=1","width":350,"height":200,"srcset":"https:\/\/i0.wp.com\/1005.com.ar\/wp-content\/uploads\/2023\/10\/777028-whatsapp-20image-202023-10-10-20at-2021-08-05.jpeg?resize=350%2C200&ssl=1 1x, https:\/\/i0.wp.com\/1005.com.ar\/wp-content\/uploads\/2023\/10\/777028-whatsapp-20image-202023-10-10-20at-2021-08-05.jpeg?resize=525%2C300&ssl=1 1.5x, https:\/\/i0.wp.com\/1005.com.ar\/wp-content\/uploads\/2023\/10\/777028-whatsapp-20image-202023-10-10-20at-2021-08-05.jpeg?resize=700%2C400&ssl=1 2x"},"classes":[]},{"id":4553,"url":"https:\/\/1005.com.ar\/index.php\/2023\/11\/15\/agustin-rombola-responsabilizo-a-javier-milei-y-victoria-villarruel\/","url_meta":{"origin":4774,"position":1},"title":"Agust\u00edn Rombol\u00e1 responsabiliz\u00f3 a Javier Milei y Victoria Villarruel","author":"Julieta Di Rocco","date":"noviembre 15, 2023","format":false,"excerpt":"\"El Falcon pasa la semana que viene\": las violentas amenazas al presidente de la Juventud Radical https:\/\/www.pagina12.com.ar\/616840-el-falcon-pasa-la-semana-que-viene-las-violentas-amenazas-al","rel":"","context":"En \u00abSin categor\u00eda\u00bb","block_context":{"text":"Sin categor\u00eda","link":"https:\/\/1005.com.ar\/index.php\/category\/sin-categoria\/"},"img":{"alt_text":"","src":"https:\/\/i0.wp.com\/1005.com.ar\/wp-content\/uploads\/2023\/11\/789487-whatsapp-20image-202023-11-15-20at-2009-47-44.jpeg?resize=350%2C200&ssl=1","width":350,"height":200,"srcset":"https:\/\/i0.wp.com\/1005.com.ar\/wp-content\/uploads\/2023\/11\/789487-whatsapp-20image-202023-11-15-20at-2009-47-44.jpeg?resize=350%2C200&ssl=1 1x, https:\/\/i0.wp.com\/1005.com.ar\/wp-content\/uploads\/2023\/11\/789487-whatsapp-20image-202023-11-15-20at-2009-47-44.jpeg?resize=525%2C300&ssl=1 1.5x, https:\/\/i0.wp.com\/1005.com.ar\/wp-content\/uploads\/2023\/11\/789487-whatsapp-20image-202023-11-15-20at-2009-47-44.jpeg?resize=700%2C400&ssl=1 2x"},"classes":[]},{"id":5689,"url":"https:\/\/1005.com.ar\/index.php\/2025\/02\/13\/endeudarse-para-comer-otro-sintoma-del-plan-milei-caputo\/","url_meta":{"origin":4774,"position":2},"title":"Endeudarse para comer, otro s\u00edntoma del plan Milei-Caputo","author":"Julieta Di Rocco","date":"febrero 13, 2025","format":false,"excerpt":"Cinco de diez compras de comida ya se hacen con tarjeta de cr\u00e9dito https:\/\/www.pagina12.com.ar\/803783-el-50-por-ciento-de-la-comida-se-compra-con-tarjeta-de-credi","rel":"","context":"En \u00abSin categor\u00eda\u00bb","block_context":{"text":"Sin categor\u00eda","link":"https:\/\/1005.com.ar\/index.php\/category\/sin-categoria\/"},"img":{"alt_text":"","src":"https:\/\/i0.wp.com\/1005.com.ar\/wp-content\/uploads\/2025\/02\/913319-15a-archivo.jpg?resize=350%2C200&ssl=1","width":350,"height":200,"srcset":"https:\/\/i0.wp.com\/1005.com.ar\/wp-content\/uploads\/2025\/02\/913319-15a-archivo.jpg?resize=350%2C200&ssl=1 1x, https:\/\/i0.wp.com\/1005.com.ar\/wp-content\/uploads\/2025\/02\/913319-15a-archivo.jpg?resize=525%2C300&ssl=1 1.5x, https:\/\/i0.wp.com\/1005.com.ar\/wp-content\/uploads\/2025\/02\/913319-15a-archivo.jpg?resize=700%2C400&ssl=1 2x"},"classes":[]},{"id":5341,"url":"https:\/\/1005.com.ar\/index.php\/2024\/07\/21\/y-si-milei-implosiona\/","url_meta":{"origin":4774,"position":3},"title":"\u00bfY si Milei implosiona?","author":"Julieta Di Rocco","date":"julio 21, 2024","format":false,"excerpt":"https:\/\/www.pagina12.com.ar\/753827-y-si-milei-implosiona","rel":"","context":"En \u00abSin categor\u00eda\u00bb","block_context":{"text":"Sin categor\u00eda","link":"https:\/\/1005.com.ar\/index.php\/category\/sin-categoria\/"},"img":{"alt_text":"","src":"https:\/\/i0.wp.com\/1005.com.ar\/wp-content\/uploads\/2024\/07\/857809-857545-3c_0.jpg?resize=350%2C200&ssl=1","width":350,"height":200,"srcset":"https:\/\/i0.wp.com\/1005.com.ar\/wp-content\/uploads\/2024\/07\/857809-857545-3c_0.jpg?resize=350%2C200&ssl=1 1x, https:\/\/i0.wp.com\/1005.com.ar\/wp-content\/uploads\/2024\/07\/857809-857545-3c_0.jpg?resize=525%2C300&ssl=1 1.5x, https:\/\/i0.wp.com\/1005.com.ar\/wp-content\/uploads\/2024\/07\/857809-857545-3c_0.jpg?resize=700%2C400&ssl=1 2x"},"classes":[]},{"id":5381,"url":"https:\/\/1005.com.ar\/index.php\/2024\/08\/08\/javier-milei-en-vaca-muerta\/","url_meta":{"origin":4774,"position":4},"title":"Javier Milei en Vaca Muerta","author":"Julieta Di Rocco","date":"agosto 8, 2024","format":false,"excerpt":"https:\/\/www.pagina12.com.ar\/758744-javier-milei-en-vaca-muerta","rel":"","context":"En \u00abSin categor\u00eda\u00bb","block_context":{"text":"Sin categor\u00eda","link":"https:\/\/1005.com.ar\/index.php\/category\/sin-categoria\/"},"img":{"alt_text":"","src":"https:\/\/i0.wp.com\/1005.com.ar\/wp-content\/uploads\/2024\/08\/863258-milei-20neuquen-20gobierno-20de-20neuquen.jpg?resize=350%2C200&ssl=1","width":350,"height":200,"srcset":"https:\/\/i0.wp.com\/1005.com.ar\/wp-content\/uploads\/2024\/08\/863258-milei-20neuquen-20gobierno-20de-20neuquen.jpg?resize=350%2C200&ssl=1 1x, https:\/\/i0.wp.com\/1005.com.ar\/wp-content\/uploads\/2024\/08\/863258-milei-20neuquen-20gobierno-20de-20neuquen.jpg?resize=525%2C300&ssl=1 1.5x, https:\/\/i0.wp.com\/1005.com.ar\/wp-content\/uploads\/2024\/08\/863258-milei-20neuquen-20gobierno-20de-20neuquen.jpg?resize=700%2C400&ssl=1 2x"},"classes":[]},{"id":5285,"url":"https:\/\/1005.com.ar\/index.php\/2024\/06\/30\/milei-prepara-mas-y-peores-leyes\/","url_meta":{"origin":4774,"position":5},"title":"Milei prepara m\u00e1s y peores leyes","author":"Julieta Di Rocco","date":"junio 30, 2024","format":false,"excerpt":"El Presidente ahora pretende cotinuar desregulando la econom\u00eda https:\/\/www.pagina12.com.ar\/748308-milei-prepara-mas-y-peores-leyes","rel":"","context":"En \u00abSin categor\u00eda\u00bb","block_context":{"text":"Sin categor\u00eda","link":"https:\/\/1005.com.ar\/index.php\/category\/sin-categoria\/"},"img":{"alt_text":"","src":"https:\/\/i0.wp.com\/1005.com.ar\/wp-content\/uploads\/2024\/06\/851188-whatsapp-20image-202024-06-29-20at-2019-50-06-0.jpeg?resize=350%2C200&ssl=1","width":350,"height":200,"srcset":"https:\/\/i0.wp.com\/1005.com.ar\/wp-content\/uploads\/2024\/06\/851188-whatsapp-20image-202024-06-29-20at-2019-50-06-0.jpeg?resize=350%2C200&ssl=1 1x, https:\/\/i0.wp.com\/1005.com.ar\/wp-content\/uploads\/2024\/06\/851188-whatsapp-20image-202024-06-29-20at-2019-50-06-0.jpeg?resize=525%2C300&ssl=1 1.5x, https:\/\/i0.wp.com\/1005.com.ar\/wp-content\/uploads\/2024\/06\/851188-whatsapp-20image-202024-06-29-20at-2019-50-06-0.jpeg?resize=700%2C400&ssl=1 2x"},"classes":[]}],"jetpack_likes_enabled":true,"jetpack_sharing_enabled":true,"_links":{"self":[{"href":"https:\/\/1005.com.ar\/index.php\/wp-json\/wp\/v2\/posts\/4774","targetHints":{"allow":["GET"]}}],"collection":[{"href":"https:\/\/1005.com.ar\/index.php\/wp-json\/wp\/v2\/posts"}],"about":[{"href":"https:\/\/1005.com.ar\/index.php\/wp-json\/wp\/v2\/types\/post"}],"author":[{"embeddable":true,"href":"https:\/\/1005.com.ar\/index.php\/wp-json\/wp\/v2\/users\/7"}],"replies":[{"embeddable":true,"href":"https:\/\/1005.com.ar\/index.php\/wp-json\/wp\/v2\/comments?post=4774"}],"version-history":[{"count":1,"href":"https:\/\/1005.com.ar\/index.php\/wp-json\/wp\/v2\/posts\/4774\/revisions"}],"predecessor-version":[{"id":4776,"href":"https:\/\/1005.com.ar\/index.php\/wp-json\/wp\/v2\/posts\/4774\/revisions\/4776"}],"wp:featuredmedia":[{"embeddable":true,"href":"https:\/\/1005.com.ar\/index.php\/wp-json\/wp\/v2\/media\/4775"}],"wp:attachment":[{"href":"https:\/\/1005.com.ar\/index.php\/wp-json\/wp\/v2\/media?parent=4774"}],"wp:term":[{"taxonomy":"category","embeddable":true,"href":"https:\/\/1005.com.ar\/index.php\/wp-json\/wp\/v2\/categories?post=4774"},{"taxonomy":"post_tag","embeddable":true,"href":"https:\/\/1005.com.ar\/index.php\/wp-json\/wp\/v2\/tags?post=4774"}],"curies":[{"name":"wp","href":"https:\/\/api.w.org\/{rel}","templated":true}]}}