{"id":4763,"date":"2024-02-18T19:36:09","date_gmt":"2024-02-18T22:36:09","guid":{"rendered":"https:\/\/1005.com.ar\/?p=4763"},"modified":"2024-02-18T19:45:29","modified_gmt":"2024-02-18T22:45:29","slug":"desconcierto-frente-a-un-presidente-indescifrable","status":"publish","type":"post","link":"https:\/\/1005.com.ar\/index.php\/2024\/02\/18\/desconcierto-frente-a-un-presidente-indescifrable\/","title":{"rendered":"Desconcierto frente a un Presidente indescifrable"},"content":{"rendered":"\n<p><a href=\"https:\/\/www.lanacion.com.ar\/politica\/desconcierto-frente-a-un-presidente-indescifrable-nid17022024\/\">https:\/\/www.lanacion.com.ar\/politica\/desconcierto-frente-a-un-presidente-indescifrable-nid17022024\/<\/a><\/p>\n","protected":false},"excerpt":{"rendered":"<p>https:\/\/www.lanacion.com.ar\/politica\/desconcierto-frente-a-un-presidente-indescifrable-nid17022024\/<\/p>\n","protected":false},"author":7,"featured_media":4727,"comment_status":"open","ping_status":"closed","sticky":false,"template":"","format":"standard","meta":{"jetpack_post_was_ever_published":false,"_jetpack_newsletter_access":"","_jetpack_dont_email_post_to_subs":false,"_jetpack_newsletter_tier_id":0,"_jetpack_memberships_contains_paywalled_content":false,"_jetpack_memberships_contains_paid_content":false,"footnotes":"","jetpack_publicize_message":"","jetpack_publicize_feature_enabled":true,"jetpack_social_post_already_shared":true,"jetpack_social_options":{"image_generator_settings":{"template":"highway","default_image_id":0,"font":"","enabled":false},"version":2}},"categories":[1],"tags":[],"class_list":["post-4763","post","type-post","status-publish","format-standard","has-post-thumbnail","hentry","category-sin-categoria"],"jetpack_publicize_connections":[],"jetpack_featured_media_url":"https:\/\/1005.com.ar\/wp-content\/uploads\/2024\/02\/descarga-88.jpg","jetpack-related-posts":[{"id":2856,"url":"https:\/\/1005.com.ar\/index.php\/2022\/05\/04\/una-reunion-de-gabinete-en-medio-de-los-cruces-en-el-frente-de-todos\/","url_meta":{"origin":4763,"position":0},"title":"Una reuni\u00f3n de Gabinete en medio de los cruces en el Frente de Todos","author":"Julieta Di Rocco","date":"mayo 4, 2022","format":false,"excerpt":"Los ministros se re\u00fanen en la Casa Rosada luego de las declaraciones del \"Cuervo\" Larroque contra el Presidente. El jefe de Gabinete, Juan\u00a0Manzur intent\u00f3 calmar las aguas al sostener que \"siempre hay diferencias y es l\u00f3gico y es normal\". https:\/\/www.pagina12.com.ar\/419405-una-reunion-de-gabinete-en-medio-de-los-cruces-en-el-frente-","rel":"","context":"En \u00abSin categor\u00eda\u00bb","block_context":{"text":"Sin categor\u00eda","link":"https:\/\/1005.com.ar\/index.php\/category\/sin-categoria\/"},"img":{"alt_text":"","src":"https:\/\/i0.wp.com\/1005.com.ar\/wp-content\/uploads\/2022\/05\/515489-reuni-c3-b3n-20gabinete-na.jpg?resize=350%2C200&ssl=1","width":350,"height":200,"srcset":"https:\/\/i0.wp.com\/1005.com.ar\/wp-content\/uploads\/2022\/05\/515489-reuni-c3-b3n-20gabinete-na.jpg?resize=350%2C200&ssl=1 1x, https:\/\/i0.wp.com\/1005.com.ar\/wp-content\/uploads\/2022\/05\/515489-reuni-c3-b3n-20gabinete-na.jpg?resize=525%2C300&ssl=1 1.5x, https:\/\/i0.wp.com\/1005.com.ar\/wp-content\/uploads\/2022\/05\/515489-reuni-c3-b3n-20gabinete-na.jpg?resize=700%2C400&ssl=1 2x"},"classes":[]},{"id":1677,"url":"https:\/\/1005.com.ar\/index.php\/2021\/02\/28\/repudio-a-la-violencia-macrista\/","url_meta":{"origin":4763,"position":1},"title":"Repudio a la violencia macrista","author":"Radio Music","date":"febrero 28, 2021","format":false,"excerpt":"Despu\u00e9s de las im\u00e1genes f\u00fanebres de la marcha opositora a Plaza de Mayo","rel":"","context":"En \u00abSin categor\u00eda\u00bb","block_context":{"text":"Sin categor\u00eda","link":"https:\/\/1005.com.ar\/index.php\/category\/sin-categoria\/"},"img":{"alt_text":"","src":"","width":0,"height":0},"classes":[]},{"id":1542,"url":"https:\/\/1005.com.ar\/index.php\/2021\/02\/12\/tras-la-reunion-con-empresarios-el-gobierno-se-fue-conforme-y-cree-que-avanza-el-acuerdo-politico-para-reactivar-la-economia\/","url_meta":{"origin":4763,"position":2},"title":"Tras la reuni\u00f3n con empresarios, el Gobierno se fue conforme y cree que avanza el acuerdo pol\u00edtico para reactivar la econom\u00eda","author":"Radio Music","date":"febrero 12, 2021","format":false,"excerpt":"Los funcionarios m\u00e1s importantes del Frente de Todos ven\u00edan preparando el encuentro desde hace semanas. De cara a las elecciones, la incertidumbre inflacionaria y el acuerdo con el FMI son los temas que m\u00e1s preocupan a la Casa Rosada","rel":"","context":"En \u00abSin categor\u00eda\u00bb","block_context":{"text":"Sin categor\u00eda","link":"https:\/\/1005.com.ar\/index.php\/category\/sin-categoria\/"},"img":{"alt_text":"","src":"https:\/\/i0.wp.com\/1005.com.ar\/wp-content\/uploads\/2021\/02\/BQ3MA6K2LVFC3GRTGFFXBQJZTQ-1.jpg?resize=350%2C200&ssl=1","width":350,"height":200,"srcset":"https:\/\/i0.wp.com\/1005.com.ar\/wp-content\/uploads\/2021\/02\/BQ3MA6K2LVFC3GRTGFFXBQJZTQ-1.jpg?resize=350%2C200&ssl=1 1x, https:\/\/i0.wp.com\/1005.com.ar\/wp-content\/uploads\/2021\/02\/BQ3MA6K2LVFC3GRTGFFXBQJZTQ-1.jpg?resize=525%2C300&ssl=1 1.5x, https:\/\/i0.wp.com\/1005.com.ar\/wp-content\/uploads\/2021\/02\/BQ3MA6K2LVFC3GRTGFFXBQJZTQ-1.jpg?resize=700%2C400&ssl=1 2x, https:\/\/i0.wp.com\/1005.com.ar\/wp-content\/uploads\/2021\/02\/BQ3MA6K2LVFC3GRTGFFXBQJZTQ-1.jpg?resize=1050%2C600&ssl=1 3x, https:\/\/i0.wp.com\/1005.com.ar\/wp-content\/uploads\/2021\/02\/BQ3MA6K2LVFC3GRTGFFXBQJZTQ-1.jpg?resize=1400%2C800&ssl=1 4x"},"classes":[]},{"id":3107,"url":"https:\/\/1005.com.ar\/index.php\/2022\/07\/11\/el-frente-de-todos-participo-en-el-acto-de-presentacion-de-obras-de-infraestructura-escolar-para-saladillo\/","url_meta":{"origin":4763,"position":3},"title":"El Frente de Todos particip\u00f3 en el Acto de presentaci\u00f3n de obras de Infraestructura Escolar para Saladillo.","author":"Julieta Di Rocco","date":"julio 11, 2022","format":false,"excerpt":"El Frente de Todos particip\u00f3 en el Acto de presentaci\u00f3n de obras de Infraestructura Escolar para Saladillo. El Frente de Todos de Saladillo, particip\u00f3 del acto de la firma del convenio por parte del Ejecutivo Municipal, en car\u00e1cter de Unidad Ejecutora Local, en la ampliaci\u00f3n y refuncionalizaci\u00f3n de la EP\u2026","rel":"","context":"En \u00abSin categor\u00eda\u00bb","block_context":{"text":"Sin categor\u00eda","link":"https:\/\/1005.com.ar\/index.php\/category\/sin-categoria\/"},"img":{"alt_text":"","src":"https:\/\/i0.wp.com\/1005.com.ar\/wp-content\/uploads\/2022\/07\/291968719_10224160521694856_436026588721064204_n.jpg?resize=350%2C200&ssl=1","width":350,"height":200,"srcset":"https:\/\/i0.wp.com\/1005.com.ar\/wp-content\/uploads\/2022\/07\/291968719_10224160521694856_436026588721064204_n.jpg?resize=350%2C200&ssl=1 1x, https:\/\/i0.wp.com\/1005.com.ar\/wp-content\/uploads\/2022\/07\/291968719_10224160521694856_436026588721064204_n.jpg?resize=525%2C300&ssl=1 1.5x, https:\/\/i0.wp.com\/1005.com.ar\/wp-content\/uploads\/2022\/07\/291968719_10224160521694856_436026588721064204_n.jpg?resize=700%2C400&ssl=1 2x, https:\/\/i0.wp.com\/1005.com.ar\/wp-content\/uploads\/2022\/07\/291968719_10224160521694856_436026588721064204_n.jpg?resize=1050%2C600&ssl=1 3x"},"classes":[]},{"id":1658,"url":"https:\/\/1005.com.ar\/index.php\/2021\/02\/26\/stornelli-se-baja-de-la-megacausa-del-espionaje-ilegal-macrista\/","url_meta":{"origin":4763,"position":4},"title":"Stornelli se baja de la megacausa del espionaje ilegal macrista","author":"Radio Music","date":"febrero 26, 2021","format":false,"excerpt":"El fiscal procesado present\u00f3 un escrito ante la jueza Capuchetti","rel":"","context":"En \u00abSin categor\u00eda\u00bb","block_context":{"text":"Sin categor\u00eda","link":"https:\/\/1005.com.ar\/index.php\/category\/sin-categoria\/"},"img":{"alt_text":"","src":"https:\/\/i0.wp.com\/1005.com.ar\/wp-content\/uploads\/2021\/02\/5cc8ac0d07d91_750x458.jpg?resize=350%2C200&ssl=1","width":350,"height":200,"srcset":"https:\/\/i0.wp.com\/1005.com.ar\/wp-content\/uploads\/2021\/02\/5cc8ac0d07d91_750x458.jpg?resize=350%2C200&ssl=1 1x, https:\/\/i0.wp.com\/1005.com.ar\/wp-content\/uploads\/2021\/02\/5cc8ac0d07d91_750x458.jpg?resize=525%2C300&ssl=1 1.5x, https:\/\/i0.wp.com\/1005.com.ar\/wp-content\/uploads\/2021\/02\/5cc8ac0d07d91_750x458.jpg?resize=700%2C400&ssl=1 2x"},"classes":[]},{"id":3080,"url":"https:\/\/1005.com.ar\/index.php\/2022\/07\/09\/bloque-de-concejales-frente-de-todos-saladillo\/","url_meta":{"origin":4763,"position":5},"title":"Bloque de Concejales Frente de Todos Saladillo","author":"Julieta Di Rocco","date":"julio 9, 2022","format":false,"excerpt":"La DGCy E aprob\u00f3 la ampliaci\u00f3n de la Escuela Primaria 11 Amaro Sarlo, presidente del Bloque del Frente de Todos, fue informado a trav\u00e9s de la Subsecretar\u00eda de Infraestructura Escolar de la DGC y E , que en el d\u00eda de ayer jueves 7, se aprob\u00f3 la realizaci\u00f3n de la\u2026","rel":"","context":"En \u00abSin categor\u00eda\u00bb","block_context":{"text":"Sin categor\u00eda","link":"https:\/\/1005.com.ar\/index.php\/category\/sin-categoria\/"},"img":{"alt_text":"","src":"https:\/\/i0.wp.com\/1005.com.ar\/wp-content\/uploads\/2022\/07\/264986345_3119232195014716_6724753189875289981_n.jpg?resize=350%2C200&ssl=1","width":350,"height":200,"srcset":"https:\/\/i0.wp.com\/1005.com.ar\/wp-content\/uploads\/2022\/07\/264986345_3119232195014716_6724753189875289981_n.jpg?resize=350%2C200&ssl=1 1x, https:\/\/i0.wp.com\/1005.com.ar\/wp-content\/uploads\/2022\/07\/264986345_3119232195014716_6724753189875289981_n.jpg?resize=525%2C300&ssl=1 1.5x, https:\/\/i0.wp.com\/1005.com.ar\/wp-content\/uploads\/2022\/07\/264986345_3119232195014716_6724753189875289981_n.jpg?resize=700%2C400&ssl=1 2x"},"classes":[]}],"jetpack_likes_enabled":true,"jetpack_sharing_enabled":true,"_links":{"self":[{"href":"https:\/\/1005.com.ar\/index.php\/wp-json\/wp\/v2\/posts\/4763","targetHints":{"allow":["GET"]}}],"collection":[{"href":"https:\/\/1005.com.ar\/index.php\/wp-json\/wp\/v2\/posts"}],"about":[{"href":"https:\/\/1005.com.ar\/index.php\/wp-json\/wp\/v2\/types\/post"}],"author":[{"embeddable":true,"href":"https:\/\/1005.com.ar\/index.php\/wp-json\/wp\/v2\/users\/7"}],"replies":[{"embeddable":true,"href":"https:\/\/1005.com.ar\/index.php\/wp-json\/wp\/v2\/comments?post=4763"}],"version-history":[{"count":1,"href":"https:\/\/1005.com.ar\/index.php\/wp-json\/wp\/v2\/posts\/4763\/revisions"}],"predecessor-version":[{"id":4764,"href":"https:\/\/1005.com.ar\/index.php\/wp-json\/wp\/v2\/posts\/4763\/revisions\/4764"}],"wp:featuredmedia":[{"embeddable":true,"href":"https:\/\/1005.com.ar\/index.php\/wp-json\/wp\/v2\/media\/4727"}],"wp:attachment":[{"href":"https:\/\/1005.com.ar\/index.php\/wp-json\/wp\/v2\/media?parent=4763"}],"wp:term":[{"taxonomy":"category","embeddable":true,"href":"https:\/\/1005.com.ar\/index.php\/wp-json\/wp\/v2\/categories?post=4763"},{"taxonomy":"post_tag","embeddable":true,"href":"https:\/\/1005.com.ar\/index.php\/wp-json\/wp\/v2\/tags?post=4763"}],"curies":[{"name":"wp","href":"https:\/\/api.w.org\/{rel}","templated":true}]}}