{"id":4760,"date":"2024-02-18T19:30:17","date_gmt":"2024-02-18T22:30:17","guid":{"rendered":"https:\/\/1005.com.ar\/?p=4760"},"modified":"2024-02-18T19:30:19","modified_gmt":"2024-02-18T22:30:19","slug":"los-costos-de-la-dolarizacion","status":"publish","type":"post","link":"https:\/\/1005.com.ar\/index.php\/2024\/02\/18\/los-costos-de-la-dolarizacion\/","title":{"rendered":"Los costos de la dolarizaci\u00f3n"},"content":{"rendered":"\n<p>ANALISIS. Efectos econ\u00f3micos y sociales del plan Milei<\/p>\n\n\n\n<p><a href=\"https:\/\/www.pagina12.com.ar\/713021-los-costos-de-la-dolarizacion\">https:\/\/www.pagina12.com.ar\/713021-los-costos-de-la-dolarizacion<\/a><\/p>\n","protected":false},"excerpt":{"rendered":"<p>ANALISIS. Efectos econ\u00f3micos y sociales del plan Milei https:\/\/www.pagina12.com.ar\/713021-los-costos-de-la-dolarizacion<\/p>\n","protected":false},"author":7,"featured_media":4761,"comment_status":"open","ping_status":"closed","sticky":false,"template":"","format":"standard","meta":{"jetpack_post_was_ever_published":false,"_jetpack_newsletter_access":"","_jetpack_dont_email_post_to_subs":false,"_jetpack_newsletter_tier_id":0,"_jetpack_memberships_contains_paywalled_content":false,"_jetpack_memberships_contains_paid_content":false,"footnotes":"","jetpack_publicize_message":"","jetpack_publicize_feature_enabled":true,"jetpack_social_post_already_shared":true,"jetpack_social_options":{"image_generator_settings":{"template":"highway","default_image_id":0,"font":"","enabled":false},"version":2}},"categories":[1],"tags":[],"class_list":["post-4760","post","type-post","status-publish","format-standard","has-post-thumbnail","hentry","category-sin-categoria"],"jetpack_publicize_connections":[],"jetpack_featured_media_url":"https:\/\/1005.com.ar\/wp-content\/uploads\/2024\/02\/812832-whatsapp-20image-202024-02-14-20at-2011-37-13-20-281-29.jpeg","jetpack-related-posts":[{"id":5788,"url":"https:\/\/1005.com.ar\/index.php\/2025\/03\/07\/los-costos-de-ser-mujer-en-la-argentina-libertaria\/","url_meta":{"origin":4760,"position":0},"title":"Los costos de ser mujer en la Argentina libertaria","author":"Julieta Di Rocco","date":"marzo 7, 2025","format":false,"excerpt":"https:\/\/www.pagina12.com.ar\/809079-los-costos-de-ser-mujer-hoy-en-la-argentina-libertaria","rel":"","context":"En \u00abSin categor\u00eda\u00bb","block_context":{"text":"Sin categor\u00eda","link":"https:\/\/1005.com.ar\/index.php\/category\/sin-categoria\/"},"img":{"alt_text":"","src":"https:\/\/i0.wp.com\/1005.com.ar\/wp-content\/uploads\/2025\/03\/919164-8m-leandro-20teysseire-g0140984.jpg?resize=350%2C200&ssl=1","width":350,"height":200,"srcset":"https:\/\/i0.wp.com\/1005.com.ar\/wp-content\/uploads\/2025\/03\/919164-8m-leandro-20teysseire-g0140984.jpg?resize=350%2C200&ssl=1 1x, https:\/\/i0.wp.com\/1005.com.ar\/wp-content\/uploads\/2025\/03\/919164-8m-leandro-20teysseire-g0140984.jpg?resize=525%2C300&ssl=1 1.5x, https:\/\/i0.wp.com\/1005.com.ar\/wp-content\/uploads\/2025\/03\/919164-8m-leandro-20teysseire-g0140984.jpg?resize=700%2C400&ssl=1 2x"},"classes":[]},{"id":5557,"url":"https:\/\/1005.com.ar\/index.php\/2024\/12\/28\/dolares-cara-chica-todo-lo-que-hay-que-saber-para-cambiarlos-a-tiempo-en-el-banco-y-sin-costos-extra\/","url_meta":{"origin":4760,"position":1},"title":"D\u00f3lares \u201ccara chica\u201d: todo lo que hay que saber para cambiarlos a tiempo en el banco y sin costos extra","author":"Julieta Di Rocco","date":"diciembre 28, 2024","format":false,"excerpt":"https:\/\/www.infobae.com\/economia\/2024\/12\/28\/dolares-cara-chica-todo-lo-que-hay-que-saber-para-cambiarlos-a-tiempo-en-el-banco-y-sin-costos-extra","rel":"","context":"En \u00abSin categor\u00eda\u00bb","block_context":{"text":"Sin categor\u00eda","link":"https:\/\/1005.com.ar\/index.php\/category\/sin-categoria\/"},"img":{"alt_text":"","src":"https:\/\/i0.wp.com\/1005.com.ar\/wp-content\/uploads\/2024\/12\/7NAMPA42WFFSFEF7DCVIFVXXPE.png?resize=350%2C200&ssl=1","width":350,"height":200,"srcset":"https:\/\/i0.wp.com\/1005.com.ar\/wp-content\/uploads\/2024\/12\/7NAMPA42WFFSFEF7DCVIFVXXPE.png?resize=350%2C200&ssl=1 1x, https:\/\/i0.wp.com\/1005.com.ar\/wp-content\/uploads\/2024\/12\/7NAMPA42WFFSFEF7DCVIFVXXPE.png?resize=525%2C300&ssl=1 1.5x, https:\/\/i0.wp.com\/1005.com.ar\/wp-content\/uploads\/2024\/12\/7NAMPA42WFFSFEF7DCVIFVXXPE.png?resize=700%2C400&ssl=1 2x"},"classes":[]},{"id":1897,"url":"https:\/\/1005.com.ar\/index.php\/2021\/04\/01\/desde-hoy-dejaran-de-ser-gratuitas-las-operaciones-en-cajeros-automaticos-cuales-son-las-excepciones\/","url_meta":{"origin":4760,"position":2},"title":"Desde hoy dejar\u00e1n de ser gratuitas las operaciones en cajeros autom\u00e1ticos: cu\u00e1les son las excepciones","author":"Radio Music","date":"abril 1, 2021","format":false,"excerpt":"A partir de este jueves 1 de abril dejar\u00e1 de tener vigencia la gratuidad para retirar hasta $15.000, por d\u00eda y por cuenta de los cajeros autom\u00e1ticos, sin importar a qu\u00e9 banco y a qu\u00e9 red (Banelco o Red Link) pertenece el cliente. As\u00ed se pone fin a una de\u2026","rel":"","context":"En \u00abSin categor\u00eda\u00bb","block_context":{"text":"Sin categor\u00eda","link":"https:\/\/1005.com.ar\/index.php\/category\/sin-categoria\/"},"img":{"alt_text":"","src":"https:\/\/i0.wp.com\/1005.com.ar\/wp-content\/uploads\/2021\/04\/SHUBSQPIWDQ2BSMRXOSCBP5RTY.jpg?resize=350%2C200&ssl=1","width":350,"height":200,"srcset":"https:\/\/i0.wp.com\/1005.com.ar\/wp-content\/uploads\/2021\/04\/SHUBSQPIWDQ2BSMRXOSCBP5RTY.jpg?resize=350%2C200&ssl=1 1x, https:\/\/i0.wp.com\/1005.com.ar\/wp-content\/uploads\/2021\/04\/SHUBSQPIWDQ2BSMRXOSCBP5RTY.jpg?resize=525%2C300&ssl=1 1.5x, https:\/\/i0.wp.com\/1005.com.ar\/wp-content\/uploads\/2021\/04\/SHUBSQPIWDQ2BSMRXOSCBP5RTY.jpg?resize=700%2C400&ssl=1 2x"},"classes":[]},{"id":1826,"url":"https:\/\/1005.com.ar\/index.php\/2021\/03\/13\/el-fmigate-ya-es-una-causa-judicial-por-fraude\/","url_meta":{"origin":4760,"position":3},"title":"El FMIgate ya es una causa judicial por fraude","author":"Radio Music","date":"marzo 13, 2021","format":false,"excerpt":"Como hab\u00eda instruido el presidente\u00a0Alberto Fern\u00e1ndez\u00a0en el discurso inaugural de la Asamblea Legislativa del 1\u00b0 de marzo pasado,\u00a0la Oficina Anticorrupci\u00f3n realiz\u00f3 la denuncia penal contra Mauricio Macri y su equipo econ\u00f3mico\u00a0por el denominado\u00a0FMIgate, caso que fue detallado el domingo pasado en\u00a0P\u00e1gina\/12. Fern\u00e1ndez hab\u00eda dicho, textual, lo siguiente: *\u00a0\"Pongamos fin a\u2026","rel":"","context":"En \u00abSin categor\u00eda\u00bb","block_context":{"text":"Sin categor\u00eda","link":"https:\/\/1005.com.ar\/index.php\/category\/sin-categoria\/"},"img":{"alt_text":"","src":"https:\/\/i0.wp.com\/1005.com.ar\/wp-content\/uploads\/2021\/03\/foto0_1_112286_1-1.jpg?resize=350%2C200&ssl=1","width":350,"height":200,"srcset":"https:\/\/i0.wp.com\/1005.com.ar\/wp-content\/uploads\/2021\/03\/foto0_1_112286_1-1.jpg?resize=350%2C200&ssl=1 1x, https:\/\/i0.wp.com\/1005.com.ar\/wp-content\/uploads\/2021\/03\/foto0_1_112286_1-1.jpg?resize=525%2C300&ssl=1 1.5x"},"classes":[]},{"id":2073,"url":"https:\/\/1005.com.ar\/index.php\/2021\/06\/16\/santiago-cafiero-el-gobierno-no-piensa-estatizar-el-sistema-de-salud\/","url_meta":{"origin":4760,"position":4},"title":"Santiago Cafiero: \u00abEl gobierno no piensa estatizar el sistema de salud\u00bb","author":"Radio Music","date":"junio 16, 2021","format":false,"excerpt":"El jefe de Gabinete,\u00a0Santiago Cafiero, descart\u00f3 que el gobierno tenga el objetivo de \"estatizar\" a las empresas de medicina prepaga\u00a0y coincidi\u00f3 con el planteo de la vicepresidenta Cristina Kirchner, quien esta semana en un acto en La Plata asegur\u00f3 que se debe avanzar en una \"reforma del sistema de salud\"\u2026","rel":"","context":"En \u00abSin categor\u00eda\u00bb","block_context":{"text":"Sin categor\u00eda","link":"https:\/\/1005.com.ar\/index.php\/category\/sin-categoria\/"},"img":{"alt_text":"","src":"","width":0,"height":0},"classes":[]},{"id":1818,"url":"https:\/\/1005.com.ar\/index.php\/2021\/03\/10\/nacion-comenzo-10-obras-para-mejorar-mas-de-500-kilometros-de-rutas-en-la-provincia-a-que-municipios-beneficia\/","url_meta":{"origin":4760,"position":5},"title":"Naci\u00f3n comenz\u00f3 10 obras para mejorar m\u00e1s de 500 kil\u00f3metros de rutas en la Provincia: A qu\u00e9 municipios beneficia","author":"Radio Music","date":"marzo 10, 2021","format":false,"excerpt":"Se trata de 10 obras que se ejecutar\u00e1n en las principales rutas nacionales y provinciales del territorio bonaerense. En total son 519,4 km de extensi\u00f3n. Apuntan a\u00a0mejorar la seguridad vial y el desarrollo productivo. La inversi\u00f3n superar\u00e1 los 82.000 millones de pesos. Las obras beneficiar\u00e1n a m\u00e1s de 200 mil\u2026","rel":"","context":"En \u00abSin categor\u00eda\u00bb","block_context":{"text":"Sin categor\u00eda","link":"https:\/\/1005.com.ar\/index.php\/category\/sin-categoria\/"},"img":{"alt_text":"","src":"https:\/\/i0.wp.com\/1005.com.ar\/wp-content\/uploads\/2021\/03\/RN-8-Asfalto-en-Todd-3.jpg?resize=350%2C200&ssl=1","width":350,"height":200,"srcset":"https:\/\/i0.wp.com\/1005.com.ar\/wp-content\/uploads\/2021\/03\/RN-8-Asfalto-en-Todd-3.jpg?resize=350%2C200&ssl=1 1x, https:\/\/i0.wp.com\/1005.com.ar\/wp-content\/uploads\/2021\/03\/RN-8-Asfalto-en-Todd-3.jpg?resize=525%2C300&ssl=1 1.5x, https:\/\/i0.wp.com\/1005.com.ar\/wp-content\/uploads\/2021\/03\/RN-8-Asfalto-en-Todd-3.jpg?resize=700%2C400&ssl=1 2x, https:\/\/i0.wp.com\/1005.com.ar\/wp-content\/uploads\/2021\/03\/RN-8-Asfalto-en-Todd-3.jpg?resize=1050%2C600&ssl=1 3x"},"classes":[]}],"jetpack_likes_enabled":true,"jetpack_sharing_enabled":true,"_links":{"self":[{"href":"https:\/\/1005.com.ar\/index.php\/wp-json\/wp\/v2\/posts\/4760","targetHints":{"allow":["GET"]}}],"collection":[{"href":"https:\/\/1005.com.ar\/index.php\/wp-json\/wp\/v2\/posts"}],"about":[{"href":"https:\/\/1005.com.ar\/index.php\/wp-json\/wp\/v2\/types\/post"}],"author":[{"embeddable":true,"href":"https:\/\/1005.com.ar\/index.php\/wp-json\/wp\/v2\/users\/7"}],"replies":[{"embeddable":true,"href":"https:\/\/1005.com.ar\/index.php\/wp-json\/wp\/v2\/comments?post=4760"}],"version-history":[{"count":1,"href":"https:\/\/1005.com.ar\/index.php\/wp-json\/wp\/v2\/posts\/4760\/revisions"}],"predecessor-version":[{"id":4762,"href":"https:\/\/1005.com.ar\/index.php\/wp-json\/wp\/v2\/posts\/4760\/revisions\/4762"}],"wp:featuredmedia":[{"embeddable":true,"href":"https:\/\/1005.com.ar\/index.php\/wp-json\/wp\/v2\/media\/4761"}],"wp:attachment":[{"href":"https:\/\/1005.com.ar\/index.php\/wp-json\/wp\/v2\/media?parent=4760"}],"wp:term":[{"taxonomy":"category","embeddable":true,"href":"https:\/\/1005.com.ar\/index.php\/wp-json\/wp\/v2\/categories?post=4760"},{"taxonomy":"post_tag","embeddable":true,"href":"https:\/\/1005.com.ar\/index.php\/wp-json\/wp\/v2\/tags?post=4760"}],"curies":[{"name":"wp","href":"https:\/\/api.w.org\/{rel}","templated":true}]}}