{"id":4502,"date":"2023-11-07T11:59:14","date_gmt":"2023-11-07T14:59:14","guid":{"rendered":"https:\/\/1005.com.ar\/?p=4502"},"modified":"2023-11-07T12:01:18","modified_gmt":"2023-11-07T15:01:18","slug":"sergio-massa-adelanto-que-su-ministro-de-economia-sera-de-otro-sector-politico","status":"publish","type":"post","link":"https:\/\/1005.com.ar\/index.php\/2023\/11\/07\/sergio-massa-adelanto-que-su-ministro-de-economia-sera-de-otro-sector-politico\/","title":{"rendered":"Sergio Massa adelant\u00f3 que su ministro de Econom\u00eda ser\u00e1\u00a0\u00abde otro sector pol\u00edtico\u00bb"},"content":{"rendered":"\n<p>\u00abA partir del 10 de diciembre comienza una nueva etapa en la Argentina\u00bb<\/p>\n\n\n\n<p><a href=\"https:\/\/www.pagina12.com.ar\/613954-sergio-massa-adelanto-que-su-ministro-de-economia-sera-de-ot\">https:\/\/www.pagina12.com.ar\/613954-sergio-massa-adelanto-que-su-ministro-de-economia-sera-de-ot<\/a><\/p>\n","protected":false},"excerpt":{"rendered":"<p>\u00abA partir del 10 de diciembre comienza una nueva etapa en la Argentina\u00bb https:\/\/www.pagina12.com.ar\/613954-sergio-massa-adelanto-que-su-ministro-de-economia-sera-de-ot<\/p>\n","protected":false},"author":7,"featured_media":4503,"comment_status":"open","ping_status":"closed","sticky":false,"template":"","format":"standard","meta":{"jetpack_post_was_ever_published":false,"_jetpack_newsletter_access":"","_jetpack_dont_email_post_to_subs":false,"_jetpack_newsletter_tier_id":0,"_jetpack_memberships_contains_paywalled_content":false,"_jetpack_memberships_contains_paid_content":false,"footnotes":"","jetpack_publicize_message":"","jetpack_publicize_feature_enabled":true,"jetpack_social_post_already_shared":true,"jetpack_social_options":{"image_generator_settings":{"template":"highway","default_image_id":0,"font":"","enabled":false},"version":2}},"categories":[1],"tags":[],"class_list":["post-4502","post","type-post","status-publish","format-standard","has-post-thumbnail","hentry","category-sin-categoria"],"jetpack_publicize_connections":[],"jetpack_featured_media_url":"https:\/\/1005.com.ar\/wp-content\/uploads\/2023\/11\/786589-g0028547-20-281-29.jpg","jetpack-related-posts":[{"id":3600,"url":"https:\/\/1005.com.ar\/index.php\/2022\/11\/20\/massa-adelanto-que-su-objetivo-es-que-en-abril-la-inflacion-sea-del-3-mensual\/","url_meta":{"origin":4502,"position":0},"title":"Massa adelant\u00f3 que su objetivo es que en abril la inflaci\u00f3n sea del 3% mensual","author":"Julieta Di Rocco","date":"noviembre 20, 2022","format":false,"excerpt":"El ministro de Econom\u00eda precis\u00f3 que desde que asumi\u00f3\u00a0\"el objetivo fue bajar cada 60 o 65 d\u00edas un punto la inflaci\u00f3n\".\u00a0 https:\/\/www.telam.com.ar\/notas\/202211\/611534-massa-objetivo-inflacion-3-por-ciento.html","rel":"","context":"En \u00abSin categor\u00eda\u00bb","block_context":{"text":"Sin categor\u00eda","link":"https:\/\/1005.com.ar\/index.php\/category\/sin-categoria\/"},"img":{"alt_text":"","src":"https:\/\/i0.wp.com\/1005.com.ar\/wp-content\/uploads\/2022\/11\/624c2e7ba8f9b_1200.jpg?resize=350%2C200&ssl=1","width":350,"height":200,"srcset":"https:\/\/i0.wp.com\/1005.com.ar\/wp-content\/uploads\/2022\/11\/624c2e7ba8f9b_1200.jpg?resize=350%2C200&ssl=1 1x, https:\/\/i0.wp.com\/1005.com.ar\/wp-content\/uploads\/2022\/11\/624c2e7ba8f9b_1200.jpg?resize=525%2C300&ssl=1 1.5x, https:\/\/i0.wp.com\/1005.com.ar\/wp-content\/uploads\/2022\/11\/624c2e7ba8f9b_1200.jpg?resize=700%2C400&ssl=1 2x"},"classes":[]},{"id":3262,"url":"https:\/\/1005.com.ar\/index.php\/2022\/08\/03\/la-llegada-de-massa-al-gabinete-nacional-los-desafios-y-las-expectativas-del-nuevo-ministro-de-economia\/","url_meta":{"origin":4502,"position":1},"title":"La llegada de Massa al Gabinete nacional: los desaf\u00edos y las expectativas del nuevo ministro de Econom\u00eda","author":"Julieta Di Rocco","date":"agosto 3, 2022","format":false,"excerpt":"En la Casa Rosada apuestan a que el desembarco de Massa le inyecte una cuota de ox\u00edgeno al Gobierno de Alberto Fern\u00e1ndez, que luego de la renuncia de Mart\u00edn Guzm\u00e1n como titular del Ministerio de Econom\u00eda no logr\u00f3 contener la crisis cambiaria ni econ\u00f3mica, afectada por una alta inflaci\u00f3n, la\u2026","rel":"","context":"En \u00abSin categor\u00eda\u00bb","block_context":{"text":"Sin categor\u00eda","link":"https:\/\/1005.com.ar\/index.php\/category\/sin-categoria\/"},"img":{"alt_text":"","src":"https:\/\/i0.wp.com\/1005.com.ar\/wp-content\/uploads\/2022\/08\/595782-massa-na.jpg?resize=350%2C200&ssl=1","width":350,"height":200,"srcset":"https:\/\/i0.wp.com\/1005.com.ar\/wp-content\/uploads\/2022\/08\/595782-massa-na.jpg?resize=350%2C200&ssl=1 1x, https:\/\/i0.wp.com\/1005.com.ar\/wp-content\/uploads\/2022\/08\/595782-massa-na.jpg?resize=525%2C300&ssl=1 1.5x, https:\/\/i0.wp.com\/1005.com.ar\/wp-content\/uploads\/2022\/08\/595782-massa-na.jpg?resize=700%2C400&ssl=1 2x"},"classes":[]},{"id":3283,"url":"https:\/\/1005.com.ar\/index.php\/2022\/08\/03\/claves-de-las-medidas-economicas-anunciadas-por-sergio-massa\/","url_meta":{"origin":4502,"position":2},"title":"Claves de las medidas econ\u00f3micas anunciadas por Sergio Massa","author":"Julieta Di Rocco","date":"agosto 3, 2022","format":false,"excerpt":"La emergencia que debe atender el nuevo ministro de Econom\u00eda se encuentra en el frente cambiario y financiero. Al mismo tiempo debe ocuparse de las urgencias concentradas en una tasa de inflaci\u00f3n muy elevada y en el poder adquisitivo del salario y de las jubilaciones. https:\/\/www.pagina12.com.ar\/446634-claves-de-las-medidas-economicas-anunciadas-por-sergio-massa","rel":"","context":"En \u00abSin categor\u00eda\u00bb","block_context":{"text":"Sin categor\u00eda","link":"https:\/\/1005.com.ar\/index.php\/category\/sin-categoria\/"},"img":{"alt_text":"","src":"https:\/\/i0.wp.com\/1005.com.ar\/wp-content\/uploads\/2022\/08\/595902-3-opi1-afp.jpg?resize=350%2C200&ssl=1","width":350,"height":200,"srcset":"https:\/\/i0.wp.com\/1005.com.ar\/wp-content\/uploads\/2022\/08\/595902-3-opi1-afp.jpg?resize=350%2C200&ssl=1 1x, https:\/\/i0.wp.com\/1005.com.ar\/wp-content\/uploads\/2022\/08\/595902-3-opi1-afp.jpg?resize=525%2C300&ssl=1 1.5x, https:\/\/i0.wp.com\/1005.com.ar\/wp-content\/uploads\/2022\/08\/595902-3-opi1-afp.jpg?resize=700%2C400&ssl=1 2x"},"classes":[]},{"id":3243,"url":"https:\/\/1005.com.ar\/index.php\/2022\/08\/01\/sergio-massa-anuncio-su-equipo-raul-rigo-vuelve-a-la-secretaria-de-hacienda\/","url_meta":{"origin":4502,"position":3},"title":"Sergio Massa anunci\u00f3 su equipo: Ra\u00fal Rigo vuelve a la Secretar\u00eda de Hacienda","author":"Julieta Di Rocco","date":"agosto 1, 2022","format":false,"excerpt":"\"El objetivo es ordenar y cuidar las cuentas p\u00fablicas\" https:\/\/www.pagina12.com.ar\/441656-sergio-massa-anuncio-su-equipo-raul-rigo-vuelve-a-la-secreta","rel":"","context":"En \u00abSin categor\u00eda\u00bb","block_context":{"text":"Sin categor\u00eda","link":"https:\/\/1005.com.ar\/index.php\/category\/sin-categoria\/"},"img":{"alt_text":"","src":"https:\/\/i0.wp.com\/1005.com.ar\/wp-content\/uploads\/2022\/08\/593721-massa-salguero_0.jpg?resize=350%2C200&ssl=1","width":350,"height":200,"srcset":"https:\/\/i0.wp.com\/1005.com.ar\/wp-content\/uploads\/2022\/08\/593721-massa-salguero_0.jpg?resize=350%2C200&ssl=1 1x, https:\/\/i0.wp.com\/1005.com.ar\/wp-content\/uploads\/2022\/08\/593721-massa-salguero_0.jpg?resize=525%2C300&ssl=1 1.5x, https:\/\/i0.wp.com\/1005.com.ar\/wp-content\/uploads\/2022\/08\/593721-massa-salguero_0.jpg?resize=700%2C400&ssl=1 2x"},"classes":[]},{"id":1542,"url":"https:\/\/1005.com.ar\/index.php\/2021\/02\/12\/tras-la-reunion-con-empresarios-el-gobierno-se-fue-conforme-y-cree-que-avanza-el-acuerdo-politico-para-reactivar-la-economia\/","url_meta":{"origin":4502,"position":4},"title":"Tras la reuni\u00f3n con empresarios, el Gobierno se fue conforme y cree que avanza el acuerdo pol\u00edtico para reactivar la econom\u00eda","author":"Radio Music","date":"febrero 12, 2021","format":false,"excerpt":"Los funcionarios m\u00e1s importantes del Frente de Todos ven\u00edan preparando el encuentro desde hace semanas. De cara a las elecciones, la incertidumbre inflacionaria y el acuerdo con el FMI son los temas que m\u00e1s preocupan a la Casa Rosada","rel":"","context":"En \u00abSin categor\u00eda\u00bb","block_context":{"text":"Sin categor\u00eda","link":"https:\/\/1005.com.ar\/index.php\/category\/sin-categoria\/"},"img":{"alt_text":"","src":"https:\/\/i0.wp.com\/1005.com.ar\/wp-content\/uploads\/2021\/02\/BQ3MA6K2LVFC3GRTGFFXBQJZTQ-1.jpg?resize=350%2C200&ssl=1","width":350,"height":200,"srcset":"https:\/\/i0.wp.com\/1005.com.ar\/wp-content\/uploads\/2021\/02\/BQ3MA6K2LVFC3GRTGFFXBQJZTQ-1.jpg?resize=350%2C200&ssl=1 1x, https:\/\/i0.wp.com\/1005.com.ar\/wp-content\/uploads\/2021\/02\/BQ3MA6K2LVFC3GRTGFFXBQJZTQ-1.jpg?resize=525%2C300&ssl=1 1.5x, https:\/\/i0.wp.com\/1005.com.ar\/wp-content\/uploads\/2021\/02\/BQ3MA6K2LVFC3GRTGFFXBQJZTQ-1.jpg?resize=700%2C400&ssl=1 2x, https:\/\/i0.wp.com\/1005.com.ar\/wp-content\/uploads\/2021\/02\/BQ3MA6K2LVFC3GRTGFFXBQJZTQ-1.jpg?resize=1050%2C600&ssl=1 3x, https:\/\/i0.wp.com\/1005.com.ar\/wp-content\/uploads\/2021\/02\/BQ3MA6K2LVFC3GRTGFFXBQJZTQ-1.jpg?resize=1400%2C800&ssl=1 4x"},"classes":[]},{"id":4272,"url":"https:\/\/1005.com.ar\/index.php\/2023\/08\/27\/anuncios-de-sergio-massa-para-monotributistas-de-categorias-a-b-c-y-d\/","url_meta":{"origin":4502,"position":5},"title":"Anuncios de Sergio Massa para monotributistas de categor\u00edas A, B, C y D","author":"Julieta Di Rocco","date":"agosto 27, 2023","format":false,"excerpt":"https:\/\/www.pagina12.com.ar\/582548-anuncios-de-sergio-massa-para-monotributistas-de-categorias-","rel":"","context":"En \u00abSin categor\u00eda\u00bb","block_context":{"text":"Sin categor\u00eda","link":"https:\/\/1005.com.ar\/index.php\/category\/sin-categoria\/"},"img":{"alt_text":"","src":"https:\/\/i0.wp.com\/1005.com.ar\/wp-content\/uploads\/2023\/08\/762100-193918-sergio-20massa_0.jpeg?resize=350%2C200&ssl=1","width":350,"height":200,"srcset":"https:\/\/i0.wp.com\/1005.com.ar\/wp-content\/uploads\/2023\/08\/762100-193918-sergio-20massa_0.jpeg?resize=350%2C200&ssl=1 1x, https:\/\/i0.wp.com\/1005.com.ar\/wp-content\/uploads\/2023\/08\/762100-193918-sergio-20massa_0.jpeg?resize=525%2C300&ssl=1 1.5x, https:\/\/i0.wp.com\/1005.com.ar\/wp-content\/uploads\/2023\/08\/762100-193918-sergio-20massa_0.jpeg?resize=700%2C400&ssl=1 2x"},"classes":[]}],"jetpack_likes_enabled":true,"jetpack_sharing_enabled":true,"_links":{"self":[{"href":"https:\/\/1005.com.ar\/index.php\/wp-json\/wp\/v2\/posts\/4502","targetHints":{"allow":["GET"]}}],"collection":[{"href":"https:\/\/1005.com.ar\/index.php\/wp-json\/wp\/v2\/posts"}],"about":[{"href":"https:\/\/1005.com.ar\/index.php\/wp-json\/wp\/v2\/types\/post"}],"author":[{"embeddable":true,"href":"https:\/\/1005.com.ar\/index.php\/wp-json\/wp\/v2\/users\/7"}],"replies":[{"embeddable":true,"href":"https:\/\/1005.com.ar\/index.php\/wp-json\/wp\/v2\/comments?post=4502"}],"version-history":[{"count":2,"href":"https:\/\/1005.com.ar\/index.php\/wp-json\/wp\/v2\/posts\/4502\/revisions"}],"predecessor-version":[{"id":4506,"href":"https:\/\/1005.com.ar\/index.php\/wp-json\/wp\/v2\/posts\/4502\/revisions\/4506"}],"wp:featuredmedia":[{"embeddable":true,"href":"https:\/\/1005.com.ar\/index.php\/wp-json\/wp\/v2\/media\/4503"}],"wp:attachment":[{"href":"https:\/\/1005.com.ar\/index.php\/wp-json\/wp\/v2\/media?parent=4502"}],"wp:term":[{"taxonomy":"category","embeddable":true,"href":"https:\/\/1005.com.ar\/index.php\/wp-json\/wp\/v2\/categories?post=4502"},{"taxonomy":"post_tag","embeddable":true,"href":"https:\/\/1005.com.ar\/index.php\/wp-json\/wp\/v2\/tags?post=4502"}],"curies":[{"name":"wp","href":"https:\/\/api.w.org\/{rel}","templated":true}]}}