{"id":4416,"date":"2023-10-20T13:26:26","date_gmt":"2023-10-20T16:26:26","guid":{"rendered":"https:\/\/1005.com.ar\/?p=4416"},"modified":"2023-10-20T13:26:37","modified_gmt":"2023-10-20T16:26:37","slug":"un-exprofesor-de-javier-milei-fue-lapidario-con-el-candidato-de-extrema-derecha","status":"publish","type":"post","link":"https:\/\/1005.com.ar\/index.php\/2023\/10\/20\/un-exprofesor-de-javier-milei-fue-lapidario-con-el-candidato-de-extrema-derecha\/","title":{"rendered":"Un exprofesor de Javier Milei fue lapidario con el candidato de extrema derecha"},"content":{"rendered":"\n<p>\u00abEn primer lugar, es un loco, y solo en segundo plano es liberal\u00bb<\/p>\n\n\n\n<p><a href=\"https:\/\/www.pagina12.com.ar\/599971-en-primer-lugar-es-un-loco-y-solo-en-segundo-plano-es-libera\">https:\/\/www.pagina12.com.ar\/599971-en-primer-lugar-es-un-loco-y-solo-en-segundo-plano-es-libera<\/a><\/p>\n","protected":false},"excerpt":{"rendered":"<p>\u00abEn primer lugar, es un loco, y solo en segundo plano es liberal\u00bb https:\/\/www.pagina12.com.ar\/599971-en-primer-lugar-es-un-loco-y-solo-en-segundo-plano-es-libera<\/p>\n","protected":false},"author":7,"featured_media":4417,"comment_status":"open","ping_status":"closed","sticky":false,"template":"","format":"standard","meta":{"jetpack_post_was_ever_published":false,"_jetpack_newsletter_access":"","_jetpack_dont_email_post_to_subs":false,"_jetpack_newsletter_tier_id":0,"_jetpack_memberships_contains_paywalled_content":false,"_jetpack_memberships_contains_paid_content":false,"footnotes":"","jetpack_publicize_message":"","jetpack_publicize_feature_enabled":true,"jetpack_social_post_already_shared":true,"jetpack_social_options":{"image_generator_settings":{"template":"highway","default_image_id":0,"font":"","enabled":false},"version":2}},"categories":[1],"tags":[],"class_list":["post-4416","post","type-post","status-publish","format-standard","has-post-thumbnail","hentry","category-sin-categoria"],"jetpack_publicize_connections":[],"jetpack_featured_media_url":"https:\/\/1005.com.ar\/wp-content\/uploads\/2023\/10\/780045-whatsapp-20image-202023-10-19-20at-2015-21-13.jpeg","jetpack-related-posts":[{"id":1624,"url":"https:\/\/1005.com.ar\/index.php\/2021\/02\/23\/axel-kicillof-cuando-me-vacune-era-un-loco-suicida-ahora-soy-un-vacunado-vip\/","url_meta":{"origin":4416,"position":0},"title":"Axel Kicillof; \u00abCuando me vacun\u00e9 era un &#8216;loco suicida&#8217;, ahora soy un vacunado VIP\u00bb","author":"Radio Music","date":"febrero 23, 2021","format":false,"excerpt":"Fuertes cr\u00edticas a la oposici\u00f3n medi\u00e1tica y pol\u00edtica","rel":"","context":"En \u00abSin categor\u00eda\u00bb","block_context":{"text":"Sin categor\u00eda","link":"https:\/\/1005.com.ar\/index.php\/category\/sin-categoria\/"},"img":{"alt_text":"","src":"","width":0,"height":0},"classes":[]},{"id":3110,"url":"https:\/\/1005.com.ar\/index.php\/2022\/07\/11\/ranking-loco-federer-sin-puntos-y-djokovic-baja-pese-a-ganar-wimbledon\/","url_meta":{"origin":4416,"position":1},"title":"Ranking loco: Federer sin puntos y Djokovic baja pese a ganar Wimbledon","author":"Julieta Di Rocco","date":"julio 11, 2022","format":false,"excerpt":"Curiosidades del escalaf\u00f3n de la ATP tras el tercer Grand Slam https:\/\/www.pagina12.com.ar\/436157-ranking-loco-federer-sin-puntos-y-djokovic-baja-pese-a-ganar","rel":"","context":"En \u00abSin categor\u00eda\u00bb","block_context":{"text":"Sin categor\u00eda","link":"https:\/\/1005.com.ar\/index.php\/category\/sin-categoria\/"},"img":{"alt_text":"","src":"https:\/\/i0.wp.com\/1005.com.ar\/wp-content\/uploads\/2022\/07\/580116-whatsapp-20image-202022-07-11-20at-2010-20-17-20am.jpeg?resize=350%2C200&ssl=1","width":350,"height":200,"srcset":"https:\/\/i0.wp.com\/1005.com.ar\/wp-content\/uploads\/2022\/07\/580116-whatsapp-20image-202022-07-11-20at-2010-20-17-20am.jpeg?resize=350%2C200&ssl=1 1x, https:\/\/i0.wp.com\/1005.com.ar\/wp-content\/uploads\/2022\/07\/580116-whatsapp-20image-202022-07-11-20at-2010-20-17-20am.jpeg?resize=525%2C300&ssl=1 1.5x, https:\/\/i0.wp.com\/1005.com.ar\/wp-content\/uploads\/2022\/07\/580116-whatsapp-20image-202022-07-11-20at-2010-20-17-20am.jpeg?resize=700%2C400&ssl=1 2x"},"classes":[]},{"id":1374,"url":"https:\/\/1005.com.ar\/index.php\/2021\/01\/29\/la-unlp-entre-las-mejores-de-america-latina\/","url_meta":{"origin":4416,"position":2},"title":"La UNLP entre las mejores de Am\u00e9rica Latina","author":"Radio Music","date":"enero 29, 2021","format":false,"excerpt":"El Ranking del Laboratorio de Cibermetr\u00eda del Consejo Superior de Investigaciones Cient\u00edficas de Espa\u00f1a la ubica entre las m\u00e1s prestigiosas del mundo.","rel":"","context":"En \u00abSin categor\u00eda\u00bb","block_context":{"text":"Sin categor\u00eda","link":"https:\/\/1005.com.ar\/index.php\/category\/sin-categoria\/"},"img":{"alt_text":"","src":"https:\/\/i0.wp.com\/1005.com.ar\/wp-content\/uploads\/2021\/01\/0000378321.jpg?resize=350%2C200&ssl=1","width":350,"height":200,"srcset":"https:\/\/i0.wp.com\/1005.com.ar\/wp-content\/uploads\/2021\/01\/0000378321.jpg?resize=350%2C200&ssl=1 1x, https:\/\/i0.wp.com\/1005.com.ar\/wp-content\/uploads\/2021\/01\/0000378321.jpg?resize=525%2C300&ssl=1 1.5x, https:\/\/i0.wp.com\/1005.com.ar\/wp-content\/uploads\/2021\/01\/0000378321.jpg?resize=700%2C400&ssl=1 2x, https:\/\/i0.wp.com\/1005.com.ar\/wp-content\/uploads\/2021\/01\/0000378321.jpg?resize=1050%2C600&ssl=1 3x, https:\/\/i0.wp.com\/1005.com.ar\/wp-content\/uploads\/2021\/01\/0000378321.jpg?resize=1400%2C800&ssl=1 4x"},"classes":[]},{"id":6451,"url":"https:\/\/1005.com.ar\/index.php\/2025\/10\/05\/esta-es-la-guia-para-la-crianza-de-su-primer-gato-en-casa-los-errores-a-evitar-y-cuidados-iniciales\/","url_meta":{"origin":4416,"position":3},"title":"Esta es la gu\u00eda para la crianza de su primer gato en casa: los errores a evitar y cuidados iniciales","author":"Julieta Di Rocco","date":"octubre 5, 2025","format":false,"excerpt":"https:\/\/www.lanacion.com.ar\/salud\/vida_sana\/esta-es-la-guia-para-la-crianza-de-su-primer-gato-en-casa-los-errores-a-evitar-y-cuidados-iniciales-nid02102025","rel":"","context":"En \u00abSin categor\u00eda\u00bb","block_context":{"text":"Sin categor\u00eda","link":"https:\/\/1005.com.ar\/index.php\/category\/sin-categoria\/"},"img":{"alt_text":"","src":"https:\/\/1005.com.ar\/wp-content\/uploads\/2025\/10\/los-gatos-bebes-dependen-atencion-especializada-I6327KEXYRC25EJZCLR2PYEWR4.avif","width":350,"height":200,"srcset":"https:\/\/1005.com.ar\/wp-content\/uploads\/2025\/10\/los-gatos-bebes-dependen-atencion-especializada-I6327KEXYRC25EJZCLR2PYEWR4.avif 1x, https:\/\/1005.com.ar\/wp-content\/uploads\/2025\/10\/los-gatos-bebes-dependen-atencion-especializada-I6327KEXYRC25EJZCLR2PYEWR4.avif 1.5x, https:\/\/1005.com.ar\/wp-content\/uploads\/2025\/10\/los-gatos-bebes-dependen-atencion-especializada-I6327KEXYRC25EJZCLR2PYEWR4.avif 2x"},"classes":[]},{"id":1387,"url":"https:\/\/1005.com.ar\/index.php\/2021\/01\/30\/pese-a-la-demora-en-la-entrega-de-la-sputnik-v-el-gobierno-mantiene-la-expectativa-de-vacunar-a-14-millones-de-personas-en-el-primer-cuatrimestre-del-ano\/","url_meta":{"origin":4416,"position":4},"title":"Pese a la demora en la entrega de la Sputnik V, el Gobierno mantiene la expectativa de vacunar a 14 millones de personas en el primer cuatrimestre del a\u00f1o","author":"Radio Music","date":"enero 30, 2021","format":false,"excerpt":"En la Casa Rosada creen, seg\u00fan la informaci\u00f3n que tienen de Rusia, que la producci\u00f3n se acelerar\u00e1 en febrero y que en el pr\u00f3ximo mes podr\u00e1n contar con un porcentaje importante de las 20 millones de dosis acordadas","rel":"","context":"En \u00abSin categor\u00eda\u00bb","block_context":{"text":"Sin categor\u00eda","link":"https:\/\/1005.com.ar\/index.php\/category\/sin-categoria\/"},"img":{"alt_text":"","src":"https:\/\/i0.wp.com\/1005.com.ar\/wp-content\/uploads\/2021\/01\/Alberto-Fernandez-3.jpg?resize=350%2C200&ssl=1","width":350,"height":200,"srcset":"https:\/\/i0.wp.com\/1005.com.ar\/wp-content\/uploads\/2021\/01\/Alberto-Fernandez-3.jpg?resize=350%2C200&ssl=1 1x, https:\/\/i0.wp.com\/1005.com.ar\/wp-content\/uploads\/2021\/01\/Alberto-Fernandez-3.jpg?resize=525%2C300&ssl=1 1.5x, https:\/\/i0.wp.com\/1005.com.ar\/wp-content\/uploads\/2021\/01\/Alberto-Fernandez-3.jpg?resize=700%2C400&ssl=1 2x"},"classes":[]},{"id":4261,"url":"https:\/\/1005.com.ar\/index.php\/2023\/08\/14\/todas-las-claves-de-las-elecciones-2023-un-octubre-en-llamas-con-milei-en-primer-lugar\/","url_meta":{"origin":4416,"position":5},"title":"Todas las claves de las Elecciones 2023: un octubre en llamas con Milei en primer lugar","author":"Julieta Di Rocco","date":"agosto 14, 2023","format":false,"excerpt":"JxC y UxP muy cerca de La Libertad avanza https:\/\/www.pagina12.com.ar\/578552-todas-las-claves-de-la-eleccion","rel":"","context":"En \u00abSin categor\u00eda\u00bb","block_context":{"text":"Sin categor\u00eda","link":"https:\/\/1005.com.ar\/index.php\/category\/sin-categoria\/"},"img":{"alt_text":"","src":"https:\/\/i0.wp.com\/1005.com.ar\/wp-content\/uploads\/2023\/08\/nac01_68.jpg?resize=350%2C200&ssl=1","width":350,"height":200,"srcset":"https:\/\/i0.wp.com\/1005.com.ar\/wp-content\/uploads\/2023\/08\/nac01_68.jpg?resize=350%2C200&ssl=1 1x, https:\/\/i0.wp.com\/1005.com.ar\/wp-content\/uploads\/2023\/08\/nac01_68.jpg?resize=525%2C300&ssl=1 1.5x, https:\/\/i0.wp.com\/1005.com.ar\/wp-content\/uploads\/2023\/08\/nac01_68.jpg?resize=700%2C400&ssl=1 2x"},"classes":[]}],"jetpack_likes_enabled":true,"jetpack_sharing_enabled":true,"_links":{"self":[{"href":"https:\/\/1005.com.ar\/index.php\/wp-json\/wp\/v2\/posts\/4416","targetHints":{"allow":["GET"]}}],"collection":[{"href":"https:\/\/1005.com.ar\/index.php\/wp-json\/wp\/v2\/posts"}],"about":[{"href":"https:\/\/1005.com.ar\/index.php\/wp-json\/wp\/v2\/types\/post"}],"author":[{"embeddable":true,"href":"https:\/\/1005.com.ar\/index.php\/wp-json\/wp\/v2\/users\/7"}],"replies":[{"embeddable":true,"href":"https:\/\/1005.com.ar\/index.php\/wp-json\/wp\/v2\/comments?post=4416"}],"version-history":[{"count":1,"href":"https:\/\/1005.com.ar\/index.php\/wp-json\/wp\/v2\/posts\/4416\/revisions"}],"predecessor-version":[{"id":4418,"href":"https:\/\/1005.com.ar\/index.php\/wp-json\/wp\/v2\/posts\/4416\/revisions\/4418"}],"wp:featuredmedia":[{"embeddable":true,"href":"https:\/\/1005.com.ar\/index.php\/wp-json\/wp\/v2\/media\/4417"}],"wp:attachment":[{"href":"https:\/\/1005.com.ar\/index.php\/wp-json\/wp\/v2\/media?parent=4416"}],"wp:term":[{"taxonomy":"category","embeddable":true,"href":"https:\/\/1005.com.ar\/index.php\/wp-json\/wp\/v2\/categories?post=4416"},{"taxonomy":"post_tag","embeddable":true,"href":"https:\/\/1005.com.ar\/index.php\/wp-json\/wp\/v2\/tags?post=4416"}],"curies":[{"name":"wp","href":"https:\/\/api.w.org\/{rel}","templated":true}]}}