{"id":4405,"date":"2023-10-11T12:03:33","date_gmt":"2023-10-11T15:03:33","guid":{"rendered":"https:\/\/1005.com.ar\/?p=4405"},"modified":"2023-10-11T12:03:41","modified_gmt":"2023-10-11T15:03:41","slug":"el-papa-cerca-de-los-residentes-de-gaza","status":"publish","type":"post","link":"https:\/\/1005.com.ar\/index.php\/2023\/10\/11\/el-papa-cerca-de-los-residentes-de-gaza\/","title":{"rendered":"El Papa, cerca de los residentes de Gaza"},"content":{"rendered":"\n<p><a href=\"https:\/\/www.pagina12.com.ar\/597056-el-papa-cerca-de-los-residentes-de-gaza\">https:\/\/www.pagina12.com.ar\/597056-el-papa-cerca-de-los-residentes-de-gaza<\/a><\/p>\n","protected":false},"excerpt":{"rendered":"<p>https:\/\/www.pagina12.com.ar\/597056-el-papa-cerca-de-los-residentes-de-gaza<\/p>\n","protected":false},"author":7,"featured_media":4406,"comment_status":"open","ping_status":"closed","sticky":false,"template":"","format":"standard","meta":{"jetpack_post_was_ever_published":false,"_jetpack_newsletter_access":"","_jetpack_dont_email_post_to_subs":false,"_jetpack_newsletter_tier_id":0,"_jetpack_memberships_contains_paywalled_content":false,"_jetpack_memberships_contains_paid_content":false,"footnotes":"","jetpack_publicize_message":"","jetpack_publicize_feature_enabled":true,"jetpack_social_post_already_shared":true,"jetpack_social_options":{"image_generator_settings":{"template":"highway","default_image_id":0,"font":"","enabled":false},"version":2}},"categories":[1],"tags":[],"class_list":["post-4405","post","type-post","status-publish","format-standard","has-post-thumbnail","hentry","category-sin-categoria"],"jetpack_publicize_connections":[],"jetpack_featured_media_url":"https:\/\/1005.com.ar\/wp-content\/uploads\/2023\/10\/776799-25b-efe-20-282-29.jpg","jetpack-related-posts":[{"id":3166,"url":"https:\/\/1005.com.ar\/index.php\/2022\/07\/21\/nuevo-dolar-turista-cuales-son-las-condiciones-para-que-los-extranjeros-no-residentes-puedan-vender-divisas\/","url_meta":{"origin":4405,"position":0},"title":"Nuevo d\u00f3lar turista: cu\u00e1les son las condiciones para que los extranjeros no residentes puedan vender divisas","author":"Julieta Di Rocco","date":"julio 21, 2022","format":false,"excerpt":"El Banco Central dispuso de una serie de medidas, entre las que destaca una para los turistas no residentes, que podr\u00e1n liquidar d\u00f3lares en entidades financieras autorizadas. https:\/\/www.pagina12.com.ar\/438945-nuevo-dolar-turista-cuales-son-las-condiciones-para-que-los-","rel":"","context":"En \u00abSin categor\u00eda\u00bb","block_context":{"text":"Sin categor\u00eda","link":"https:\/\/1005.com.ar\/index.php\/category\/sin-categoria\/"},"img":{"alt_text":"","src":"https:\/\/i0.wp.com\/1005.com.ar\/wp-content\/uploads\/2022\/07\/590802-42847-000-32ew4ty.jpg?resize=350%2C200&ssl=1","width":350,"height":200,"srcset":"https:\/\/i0.wp.com\/1005.com.ar\/wp-content\/uploads\/2022\/07\/590802-42847-000-32ew4ty.jpg?resize=350%2C200&ssl=1 1x, https:\/\/i0.wp.com\/1005.com.ar\/wp-content\/uploads\/2022\/07\/590802-42847-000-32ew4ty.jpg?resize=525%2C300&ssl=1 1.5x, https:\/\/i0.wp.com\/1005.com.ar\/wp-content\/uploads\/2022\/07\/590802-42847-000-32ew4ty.jpg?resize=700%2C400&ssl=1 2x"},"classes":[]},{"id":2494,"url":"https:\/\/1005.com.ar\/index.php\/2021\/12\/18\/ya-integra-la-lista-de-los-10-mas-longevos-de-la-historia\/","url_meta":{"origin":4405,"position":1},"title":"Ya integra la lista de los 10 m\u00e1s longevos de la historia","author":"Radio Music","date":"diciembre 18, 2021","format":false,"excerpt":"El Papa cumple 85 a\u00f1os y lo celebr\u00f3 con refugiados https:\/\/www.pagina12.com.ar\/390007-el-papa-cumple-85-anos-y-lo-celebro-con-refugiados","rel":"","context":"En \u00abSin categor\u00eda\u00bb","block_context":{"text":"Sin categor\u00eda","link":"https:\/\/1005.com.ar\/index.php\/category\/sin-categoria\/"},"img":{"alt_text":"","src":"https:\/\/i0.wp.com\/1005.com.ar\/wp-content\/uploads\/2021\/12\/298262-whatsapp-20image-202021-12-17-20at-2010-46-37-20am.jpeg?resize=350%2C200&ssl=1","width":350,"height":200,"srcset":"https:\/\/i0.wp.com\/1005.com.ar\/wp-content\/uploads\/2021\/12\/298262-whatsapp-20image-202021-12-17-20at-2010-46-37-20am.jpeg?resize=350%2C200&ssl=1 1x, https:\/\/i0.wp.com\/1005.com.ar\/wp-content\/uploads\/2021\/12\/298262-whatsapp-20image-202021-12-17-20at-2010-46-37-20am.jpeg?resize=525%2C300&ssl=1 1.5x, https:\/\/i0.wp.com\/1005.com.ar\/wp-content\/uploads\/2021\/12\/298262-whatsapp-20image-202021-12-17-20at-2010-46-37-20am.jpeg?resize=700%2C400&ssl=1 2x"},"classes":[]},{"id":2808,"url":"https:\/\/1005.com.ar\/index.php\/2022\/04\/07\/el-gobierno-flexibilizo-el-ingreso-al-pais-los-unicos-dos-requisitos-necesarios-a-partir-de-ahora\/","url_meta":{"origin":4405,"position":2},"title":"El Gobierno flexibiliz\u00f3 el ingreso al pa\u00eds: los \u00fanicos dos requisitos necesarios a partir de ahora","author":"Julieta Di Rocco","date":"abril 7, 2022","format":false,"excerpt":"La disposici\u00f3n va en linea con la reducci\u00f3n gradual de las restricciones que se impusieron por la pandemia. A diferencia de los argentinos y residentes en el pa\u00eds, los extranjeros deber\u00e1n presentar un seguro de covid-19. La recomendaci\u00f3n para los no vacunados. https:\/\/www.pagina12.com.ar\/413785-el-gobierno-flexibilizo-el-ingreso-al-pais-los-unicos-dos-re","rel":"","context":"En \u00abSin categor\u00eda\u00bb","block_context":{"text":"Sin categor\u00eda","link":"https:\/\/1005.com.ar\/index.php\/category\/sin-categoria\/"},"img":{"alt_text":"","src":"https:\/\/i0.wp.com\/1005.com.ar\/wp-content\/uploads\/2022\/04\/453156-img-5321.jpg?resize=350%2C200&ssl=1","width":350,"height":200,"srcset":"https:\/\/i0.wp.com\/1005.com.ar\/wp-content\/uploads\/2022\/04\/453156-img-5321.jpg?resize=350%2C200&ssl=1 1x, https:\/\/i0.wp.com\/1005.com.ar\/wp-content\/uploads\/2022\/04\/453156-img-5321.jpg?resize=525%2C300&ssl=1 1.5x, https:\/\/i0.wp.com\/1005.com.ar\/wp-content\/uploads\/2022\/04\/453156-img-5321.jpg?resize=700%2C400&ssl=1 2x"},"classes":[]},{"id":2539,"url":"https:\/\/1005.com.ar\/index.php\/2021\/12\/25\/encabezo-el-oficio-en-la-basilica-de-san-pedro\/","url_meta":{"origin":4405,"position":3},"title":"Encabez\u00f3 el oficio en la Bas\u00edlica de San Pedro","author":"Radio Music","date":"diciembre 25, 2021","format":false,"excerpt":"En la Misa de Navidad el Papa pidi\u00f3 por la paz y la concordia en el mundo El papa Francisco dese\u00f3 este 25 de diciembre en la tradicional Misa de Navidad \"paz y concordia\" para el mundo y reclam\u00f3 que haya \"di\u00e1logo\" para resolver los \"muchos conflictos, crisis y contradicciones\"\u2026","rel":"","context":"En \u00abSin categor\u00eda\u00bb","block_context":{"text":"Sin categor\u00eda","link":"https:\/\/1005.com.ar\/index.php\/category\/sin-categoria\/"},"img":{"alt_text":"","src":"https:\/\/i0.wp.com\/1005.com.ar\/wp-content\/uploads\/2021\/12\/300114-000-9v88n8.jpg?resize=350%2C200&ssl=1","width":350,"height":200,"srcset":"https:\/\/i0.wp.com\/1005.com.ar\/wp-content\/uploads\/2021\/12\/300114-000-9v88n8.jpg?resize=350%2C200&ssl=1 1x, https:\/\/i0.wp.com\/1005.com.ar\/wp-content\/uploads\/2021\/12\/300114-000-9v88n8.jpg?resize=525%2C300&ssl=1 1.5x, https:\/\/i0.wp.com\/1005.com.ar\/wp-content\/uploads\/2021\/12\/300114-000-9v88n8.jpg?resize=700%2C400&ssl=1 2x"},"classes":[]},{"id":6009,"url":"https:\/\/1005.com.ar\/index.php\/2025\/05\/08\/quien-es-robert-francis-prevost-el-nuevo-papa-y-sucesor-de-jorge-mario-bergoglio\/","url_meta":{"origin":4405,"position":4},"title":"Qui\u00e9n es Robert Francis Prevost, el nuevo Papa y sucesor de Jorge Mario Bergoglio","author":"Julieta Di Rocco","date":"mayo 8, 2025","format":false,"excerpt":"https:\/\/www.pagina12.com.ar\/824057-quien-es-robert-francis-prevost-el-nuevo-papa-y-sucesor-de-j","rel":"","context":"En \u00abSin categor\u00eda\u00bb","block_context":{"text":"Sin categor\u00eda","link":"https:\/\/1005.com.ar\/index.php\/category\/sin-categoria\/"},"img":{"alt_text":"","src":"https:\/\/i0.wp.com\/1005.com.ar\/wp-content\/uploads\/2025\/05\/935412-000-44yy9ek.jpg?resize=350%2C200&ssl=1","width":350,"height":200,"srcset":"https:\/\/i0.wp.com\/1005.com.ar\/wp-content\/uploads\/2025\/05\/935412-000-44yy9ek.jpg?resize=350%2C200&ssl=1 1x, https:\/\/i0.wp.com\/1005.com.ar\/wp-content\/uploads\/2025\/05\/935412-000-44yy9ek.jpg?resize=525%2C300&ssl=1 1.5x, https:\/\/i0.wp.com\/1005.com.ar\/wp-content\/uploads\/2025\/05\/935412-000-44yy9ek.jpg?resize=700%2C400&ssl=1 2x"},"classes":[]},{"id":5742,"url":"https:\/\/1005.com.ar\/index.php\/2025\/02\/26\/la-salud-del-papa-se-estabiliza-dentro-de-la-gravedad-y-la-reanudacion-de-sus-actividades-aleja-los-vientos-de-conclave-en-el-vaticano\/","url_meta":{"origin":4405,"position":5},"title":"La salud del papa se estabiliza dentro de la gravedad y la reanudaci\u00f3n de sus actividades aleja los \u201cvientos de c\u00f3nclave\u201d en el Vaticano","author":"Julieta Di Rocco","date":"febrero 26, 2025","format":false,"excerpt":"https:\/\/www.infobae.com\/america\/mundo\/2025\/02\/26\/la-salud-del-papa-se-estabiliza-dentro-de-la-gravedad-y-la-reanudacion-de-sus-actividades-aleja-los-rumores-preconclave-en-el-vaticano","rel":"","context":"En \u00abSin categor\u00eda\u00bb","block_context":{"text":"Sin categor\u00eda","link":"https:\/\/1005.com.ar\/index.php\/category\/sin-categoria\/"},"img":{"alt_text":"","src":"","width":0,"height":0},"classes":[]}],"jetpack_likes_enabled":true,"jetpack_sharing_enabled":true,"_links":{"self":[{"href":"https:\/\/1005.com.ar\/index.php\/wp-json\/wp\/v2\/posts\/4405","targetHints":{"allow":["GET"]}}],"collection":[{"href":"https:\/\/1005.com.ar\/index.php\/wp-json\/wp\/v2\/posts"}],"about":[{"href":"https:\/\/1005.com.ar\/index.php\/wp-json\/wp\/v2\/types\/post"}],"author":[{"embeddable":true,"href":"https:\/\/1005.com.ar\/index.php\/wp-json\/wp\/v2\/users\/7"}],"replies":[{"embeddable":true,"href":"https:\/\/1005.com.ar\/index.php\/wp-json\/wp\/v2\/comments?post=4405"}],"version-history":[{"count":1,"href":"https:\/\/1005.com.ar\/index.php\/wp-json\/wp\/v2\/posts\/4405\/revisions"}],"predecessor-version":[{"id":4407,"href":"https:\/\/1005.com.ar\/index.php\/wp-json\/wp\/v2\/posts\/4405\/revisions\/4407"}],"wp:featuredmedia":[{"embeddable":true,"href":"https:\/\/1005.com.ar\/index.php\/wp-json\/wp\/v2\/media\/4406"}],"wp:attachment":[{"href":"https:\/\/1005.com.ar\/index.php\/wp-json\/wp\/v2\/media?parent=4405"}],"wp:term":[{"taxonomy":"category","embeddable":true,"href":"https:\/\/1005.com.ar\/index.php\/wp-json\/wp\/v2\/categories?post=4405"},{"taxonomy":"post_tag","embeddable":true,"href":"https:\/\/1005.com.ar\/index.php\/wp-json\/wp\/v2\/tags?post=4405"}],"curies":[{"name":"wp","href":"https:\/\/api.w.org\/{rel}","templated":true}]}}