{"id":4363,"date":"2023-09-26T11:52:39","date_gmt":"2023-09-26T14:52:39","guid":{"rendered":"https:\/\/1005.com.ar\/?p=4363"},"modified":"2023-09-26T11:52:45","modified_gmt":"2023-09-26T14:52:45","slug":"la-bebida-que-aporta-mas-potasio-que-una-banana","status":"publish","type":"post","link":"https:\/\/1005.com.ar\/index.php\/2023\/09\/26\/la-bebida-que-aporta-mas-potasio-que-una-banana\/","title":{"rendered":"La bebida que aporta m\u00e1s potasio que una banana"},"content":{"rendered":"\n<p><a href=\"https:\/\/www.lanacion.com.ar\/salud\/la-bebida-tropical-que-se-destaca-por-su-poder-hidratante-y-aporta-mas-potasio-que-una-banana-nid13092023\/\">https:\/\/www.lanacion.com.ar\/salud\/la-bebida-tropical-que-se-destaca-por-su-poder-hidratante-y-aporta-mas-potasio-que-una-banana-nid13092023\/<\/a><\/p>\n","protected":false},"excerpt":{"rendered":"<p>https:\/\/www.lanacion.com.ar\/salud\/la-bebida-tropical-que-se-destaca-por-su-poder-hidratante-y-aporta-mas-potasio-que-una-banana-nid13092023\/<\/p>\n","protected":false},"author":7,"featured_media":4364,"comment_status":"open","ping_status":"closed","sticky":false,"template":"","format":"standard","meta":{"jetpack_post_was_ever_published":false,"_jetpack_newsletter_access":"","_jetpack_dont_email_post_to_subs":false,"_jetpack_newsletter_tier_id":0,"_jetpack_memberships_contains_paywalled_content":false,"_jetpack_memberships_contains_paid_content":false,"footnotes":"","jetpack_publicize_message":"","jetpack_publicize_feature_enabled":true,"jetpack_social_post_already_shared":true,"jetpack_social_options":{"image_generator_settings":{"template":"highway","default_image_id":0,"font":"","enabled":false},"version":2}},"categories":[1],"tags":[],"class_list":["post-4363","post","type-post","status-publish","format-standard","has-post-thumbnail","hentry","category-sin-categoria"],"jetpack_publicize_connections":[],"jetpack_featured_media_url":"https:\/\/1005.com.ar\/wp-content\/uploads\/2023\/09\/descarga.jpg","jetpack-related-posts":[{"id":2433,"url":"https:\/\/1005.com.ar\/index.php\/2021\/11\/30\/el-mate-una-infusion-tradicional-que-aporta-nutrientes-e-impacta-en-las-emociones\/","url_meta":{"origin":4363,"position":0},"title":"El mate: una infusi\u00f3n tradicional que aporta nutrientes e impacta en las emociones","author":"Radio Music","date":"noviembre 30, 2021","format":false,"excerpt":"DIA NACIONAL DEL MATE Con alta capacidad antioxidante, la bebida social argentina por exelencia, aporta a las defensas del organismo, colabora en la prevenci\u00f3n de enfermedades cardiovasculares y ayuda a controlar el peso. Cada 30 de noviembre se celebra su d\u00eda, en conmemoraci\u00f3n al nacimiento del \"comandante Andresito\". https:\/\/www.telam.com.ar\/notas\/202111\/576369-dia-nacional-del-mate-destacan-valor-nutricional-e-impacto-positivo-de-la-infusion.html","rel":"","context":"En \u00abSin categor\u00eda\u00bb","block_context":{"text":"Sin categor\u00eda","link":"https:\/\/1005.com.ar\/index.php\/category\/sin-categoria\/"},"img":{"alt_text":"","src":"https:\/\/i0.wp.com\/1005.com.ar\/wp-content\/uploads\/2021\/11\/5de12f8c6eccd_900.jpg?resize=350%2C200&ssl=1","width":350,"height":200,"srcset":"https:\/\/i0.wp.com\/1005.com.ar\/wp-content\/uploads\/2021\/11\/5de12f8c6eccd_900.jpg?resize=350%2C200&ssl=1 1x, https:\/\/i0.wp.com\/1005.com.ar\/wp-content\/uploads\/2021\/11\/5de12f8c6eccd_900.jpg?resize=525%2C300&ssl=1 1.5x, https:\/\/i0.wp.com\/1005.com.ar\/wp-content\/uploads\/2021\/11\/5de12f8c6eccd_900.jpg?resize=700%2C400&ssl=1 2x"},"classes":[]},{"id":1769,"url":"https:\/\/1005.com.ar\/index.php\/2021\/03\/05\/ralinqueo-en-el-inicio-de-sesiones-ordinarias-de-la-legislatura-bonaerense\/","url_meta":{"origin":4363,"position":1},"title":"Ralinqueo en el inicio de sesiones ordinarias de la Legislatura Bonaerense","author":"Radio Music","date":"marzo 5, 2021","format":false,"excerpt":"El Intendente de 25 de Mayo, Hern\u00e1n Ralinqueo, particip\u00f3 por videoconferencia del inicio de sesiones ordinarias de la Legislatura Bonaerense en el que el Gobernador Axel Kicillof afirm\u00f3: \u201cquiero invitarlos a trabajar para recuperar lo que le corresponde a la Provincia\u201d. \u201cLa reconstrucci\u00f3n del estado provincial requiere y va a\u2026","rel":"","context":"En \u00abSin categor\u00eda\u00bb","block_context":{"text":"Sin categor\u00eda","link":"https:\/\/1005.com.ar\/index.php\/category\/sin-categoria\/"},"img":{"alt_text":"","src":"https:\/\/i0.wp.com\/1005.com.ar\/wp-content\/uploads\/2021\/03\/25-1-600x264-1.jpg?resize=350%2C200&ssl=1","width":350,"height":200,"srcset":"https:\/\/i0.wp.com\/1005.com.ar\/wp-content\/uploads\/2021\/03\/25-1-600x264-1.jpg?resize=350%2C200&ssl=1 1x, https:\/\/i0.wp.com\/1005.com.ar\/wp-content\/uploads\/2021\/03\/25-1-600x264-1.jpg?resize=525%2C300&ssl=1 1.5x"},"classes":[]},{"id":2082,"url":"https:\/\/1005.com.ar\/index.php\/2021\/06\/16\/alejandro-covello-el-bombardeo-del-55-no-tuvo-un-objetivo-militar-sino-civil\/","url_meta":{"origin":4363,"position":2},"title":"Alejandro Covello: \u00abEl bombardeo del &#8217;55 no tuvo un objetivo militar sino civil\u00bb","author":"Radio Music","date":"junio 16, 2021","format":false,"excerpt":"El 16 de junio de 1955 tuvo lugar el mayor atentado terrorista de la historia argentina.\u00a0Ese d\u00eda, 40 aviones de la Armada descargaron\u00a09 toneladas de bombas\u00a0sobre la poblaci\u00f3n civil que se hallaba en los alrededores de Plaza de Mayo. El realizador\u00a0Alejandro Covello, que adem\u00e1s es piloto aerocomercial, reconstruy\u00f3 todo lo\u2026","rel":"","context":"En \u00abSin categor\u00eda\u00bb","block_context":{"text":"Sin categor\u00eda","link":"https:\/\/1005.com.ar\/index.php\/category\/sin-categoria\/"},"img":{"alt_text":"","src":"https:\/\/i0.wp.com\/1005.com.ar\/wp-content\/uploads\/2021\/06\/descarga-2-1.jpg?resize=350%2C200&ssl=1","width":350,"height":200},"classes":[]},{"id":2008,"url":"https:\/\/1005.com.ar\/index.php\/2021\/05\/09\/hot-sale-comienza-este-lunes-y-habra-descuentos-para-compras-online-en-13-rubros\/","url_meta":{"origin":4363,"position":3},"title":"Hot Sale: comienza este lunes y habr\u00e1 descuentos para compras online en 13 rubros","author":"Radio Music","date":"mayo 9, 2021","format":false,"excerpt":"Este lunes comienza la nueva edici\u00f3n del Hot Sale, con descuentos en compras online\u00a0en trece categor\u00edas, que incluyen\u00a0art\u00edculos para el hogar, indumentaria, electrodom\u00e9sticos, alimentos y bebidas, entre otras. Seg\u00fan indic\u00f3 la C\u00e1mara Argentina de Comercio Electr\u00f3nico (CACE), a cargo de la organizaci\u00f3n, el objetivo es \"seguir fortaleciendo la industria y\u2026","rel":"","context":"En \u00abSin categor\u00eda\u00bb","block_context":{"text":"Sin categor\u00eda","link":"https:\/\/1005.com.ar\/index.php\/category\/sin-categoria\/"},"img":{"alt_text":"","src":"","width":0,"height":0},"classes":[]},{"id":5111,"url":"https:\/\/1005.com.ar\/index.php\/2024\/05\/16\/el-chat-gpt-y-una-inteligencia-artificial-cada-vez-mas-humana\/","url_meta":{"origin":4363,"position":4},"title":"El Chat GPT y una inteligencia artificial cada vez m\u00e1s humana","author":"Julieta Di Rocco","date":"mayo 16, 2024","format":false,"excerpt":"https:\/\/www.pagina12.com.ar\/737298-el-chat-gpt-y-una-inteligencia-artificial-cada-vez-mas-human","rel":"","context":"En \u00abSin categor\u00eda\u00bb","block_context":{"text":"Sin categor\u00eda","link":"https:\/\/1005.com.ar\/index.php\/category\/sin-categoria\/"},"img":{"alt_text":"","src":"https:\/\/i0.wp.com\/1005.com.ar\/wp-content\/uploads\/2024\/05\/839794-21a.jpeg?resize=350%2C200&ssl=1","width":350,"height":200,"srcset":"https:\/\/i0.wp.com\/1005.com.ar\/wp-content\/uploads\/2024\/05\/839794-21a.jpeg?resize=350%2C200&ssl=1 1x, https:\/\/i0.wp.com\/1005.com.ar\/wp-content\/uploads\/2024\/05\/839794-21a.jpeg?resize=525%2C300&ssl=1 1.5x, https:\/\/i0.wp.com\/1005.com.ar\/wp-content\/uploads\/2024\/05\/839794-21a.jpeg?resize=700%2C400&ssl=1 2x"},"classes":[]},{"id":6072,"url":"https:\/\/1005.com.ar\/index.php\/2025\/06\/14\/ricardo-darin-un-recorrido-por-la-carrera-de-una-de-las-figuras-mas-emblematicas-del-cine-nacional\/","url_meta":{"origin":4363,"position":5},"title":"Ricardo Dar\u00edn: un recorrido por la carrera de una de las figuras m\u00e1s emblem\u00e1ticas del cine nacional","author":"Julieta Di Rocco","date":"junio 14, 2025","format":false,"excerpt":"https:\/\/elplanetaurbano.com\/2025\/06\/ricardo-darin-un-recorrido-por-la-carrera-de-una-de-las-figuras-mas-emblematicas-del-cine-nacional","rel":"","context":"En \u00abSin categor\u00eda\u00bb","block_context":{"text":"Sin categor\u00eda","link":"https:\/\/1005.com.ar\/index.php\/category\/sin-categoria\/"},"img":{"alt_text":"","src":"https:\/\/i0.wp.com\/1005.com.ar\/wp-content\/uploads\/2025\/06\/apertura_Ricardo_Darin_planeta_urbano_ARP_2024_11_N0003_Ricardo_Darin_El_Eternauta_01253_R.webp?resize=350%2C200&ssl=1","width":350,"height":200,"srcset":"https:\/\/i0.wp.com\/1005.com.ar\/wp-content\/uploads\/2025\/06\/apertura_Ricardo_Darin_planeta_urbano_ARP_2024_11_N0003_Ricardo_Darin_El_Eternauta_01253_R.webp?resize=350%2C200&ssl=1 1x, https:\/\/i0.wp.com\/1005.com.ar\/wp-content\/uploads\/2025\/06\/apertura_Ricardo_Darin_planeta_urbano_ARP_2024_11_N0003_Ricardo_Darin_El_Eternauta_01253_R.webp?resize=525%2C300&ssl=1 1.5x, https:\/\/i0.wp.com\/1005.com.ar\/wp-content\/uploads\/2025\/06\/apertura_Ricardo_Darin_planeta_urbano_ARP_2024_11_N0003_Ricardo_Darin_El_Eternauta_01253_R.webp?resize=700%2C400&ssl=1 2x, https:\/\/i0.wp.com\/1005.com.ar\/wp-content\/uploads\/2025\/06\/apertura_Ricardo_Darin_planeta_urbano_ARP_2024_11_N0003_Ricardo_Darin_El_Eternauta_01253_R.webp?resize=1050%2C600&ssl=1 3x"},"classes":[]}],"jetpack_likes_enabled":true,"jetpack_sharing_enabled":true,"_links":{"self":[{"href":"https:\/\/1005.com.ar\/index.php\/wp-json\/wp\/v2\/posts\/4363","targetHints":{"allow":["GET"]}}],"collection":[{"href":"https:\/\/1005.com.ar\/index.php\/wp-json\/wp\/v2\/posts"}],"about":[{"href":"https:\/\/1005.com.ar\/index.php\/wp-json\/wp\/v2\/types\/post"}],"author":[{"embeddable":true,"href":"https:\/\/1005.com.ar\/index.php\/wp-json\/wp\/v2\/users\/7"}],"replies":[{"embeddable":true,"href":"https:\/\/1005.com.ar\/index.php\/wp-json\/wp\/v2\/comments?post=4363"}],"version-history":[{"count":1,"href":"https:\/\/1005.com.ar\/index.php\/wp-json\/wp\/v2\/posts\/4363\/revisions"}],"predecessor-version":[{"id":4365,"href":"https:\/\/1005.com.ar\/index.php\/wp-json\/wp\/v2\/posts\/4363\/revisions\/4365"}],"wp:featuredmedia":[{"embeddable":true,"href":"https:\/\/1005.com.ar\/index.php\/wp-json\/wp\/v2\/media\/4364"}],"wp:attachment":[{"href":"https:\/\/1005.com.ar\/index.php\/wp-json\/wp\/v2\/media?parent=4363"}],"wp:term":[{"taxonomy":"category","embeddable":true,"href":"https:\/\/1005.com.ar\/index.php\/wp-json\/wp\/v2\/categories?post=4363"},{"taxonomy":"post_tag","embeddable":true,"href":"https:\/\/1005.com.ar\/index.php\/wp-json\/wp\/v2\/tags?post=4363"}],"curies":[{"name":"wp","href":"https:\/\/api.w.org\/{rel}","templated":true}]}}