{"id":4346,"date":"2023-09-11T11:52:48","date_gmt":"2023-09-11T14:52:48","guid":{"rendered":"https:\/\/1005.com.ar\/?p=4346"},"modified":"2023-09-11T11:52:55","modified_gmt":"2023-09-11T14:52:55","slug":"los-especialistas-siguen-en-shock-por-la-frustracion-de-los-pumas-en-el-mundial-decepcion-falta-de-actitud-errores-y-como-sigue-el-futuro","status":"publish","type":"post","link":"https:\/\/1005.com.ar\/index.php\/2023\/09\/11\/los-especialistas-siguen-en-shock-por-la-frustracion-de-los-pumas-en-el-mundial-decepcion-falta-de-actitud-errores-y-como-sigue-el-futuro\/","title":{"rendered":"Los especialistas siguen en shock por la frustraci\u00f3n de los Pumas en el Mundial: decepci\u00f3n, falta de actitud, errores y c\u00f3mo sigue el futuro"},"content":{"rendered":"\n<p><a href=\"https:\/\/www.lanacion.com.ar\/deportes\/rugby\/los-especialistas-siguen-en-shock-por-la-frustracion-de-los-pumas-en-el-mundial-decepcion-falta-de-nid10092023\/\">https:\/\/www.lanacion.com.ar\/deportes\/rugby\/los-especialistas-siguen-en-shock-por-la-frustracion-de-los-pumas-en-el-mundial-decepcion-falta-de-nid10092023\/<\/a><\/p>\n","protected":false},"excerpt":{"rendered":"<p>https:\/\/www.lanacion.com.ar\/deportes\/rugby\/los-especialistas-siguen-en-shock-por-la-frustracion-de-los-pumas-en-el-mundial-decepcion-falta-de-nid10092023\/<\/p>\n","protected":false},"author":7,"featured_media":4347,"comment_status":"open","ping_status":"closed","sticky":false,"template":"","format":"standard","meta":{"jetpack_post_was_ever_published":false,"_jetpack_newsletter_access":"","_jetpack_dont_email_post_to_subs":false,"_jetpack_newsletter_tier_id":0,"_jetpack_memberships_contains_paywalled_content":false,"_jetpack_memberships_contains_paid_content":false,"footnotes":"","jetpack_publicize_message":"","jetpack_publicize_feature_enabled":true,"jetpack_social_post_already_shared":true,"jetpack_social_options":{"image_generator_settings":{"template":"highway","default_image_id":0,"font":"","enabled":false},"version":2}},"categories":[1],"tags":[],"class_list":["post-4346","post","type-post","status-publish","format-standard","has-post-thumbnail","hentry","category-sin-categoria"],"jetpack_publicize_connections":[],"jetpack_featured_media_url":"https:\/\/1005.com.ar\/wp-content\/uploads\/2023\/09\/descarga-70.jpg","jetpack-related-posts":[{"id":1667,"url":"https:\/\/1005.com.ar\/index.php\/2021\/02\/26\/los-pumas-debutaran-en-la-copa-del-mundo-ante-inglaterra\/","url_meta":{"origin":4346,"position":0},"title":"Los Pumas debutar\u00e1n en la Copa del Mundo ante Inglaterra","author":"Radio Music","date":"febrero 26, 2021","format":false,"excerpt":"El\u00a0seleccionado argentino de rugby,\u00a0 Los Pumas, debutar\u00e1 ante Inglaterra, actual subcampe\u00f3n mundial, en la Copa del Mundo de Rugby de Francia 2023, en un cotejo que se jugar\u00e1 en el Stade Velodrome de Marsella, el 9 de septiembre de ese a\u00f1o, seg\u00fan lo determin\u00f3 el sorteo efectuado este viernes en\u2026","rel":"","context":"En \u00abSin categor\u00eda\u00bb","block_context":{"text":"Sin categor\u00eda","link":"https:\/\/1005.com.ar\/index.php\/category\/sin-categoria\/"},"img":{"alt_text":"","src":"","width":0,"height":0},"classes":[]},{"id":3430,"url":"https:\/\/1005.com.ar\/index.php\/2022\/09\/03\/los-pumas-cayeron-ante-los-all-blacks-que-mostraron-su-supremacia-en-el-juego\/","url_meta":{"origin":4346,"position":1},"title":"Los Pumas cayeron ante los All Blacks que mostraron su supremac\u00eda en el juego","author":"Julieta Di Rocco","date":"septiembre 3, 2022","format":false,"excerpt":"El seleccionado argentino de rugby perdi\u00f3 por 53-3 ante los neocelandeses en el segundo juego entre ambos conjuntos, por el torneo que re\u00fane a los mejores equipos del hemisferio sur.\u00a0 https:\/\/www.telam.com.ar\/notas\/202209\/603723-los-pumas-derrota-all-blacks-rugby-rugby-championship-michael-cheika.html","rel":"","context":"En \u00abSin categor\u00eda\u00bb","block_context":{"text":"Sin categor\u00eda","link":"https:\/\/1005.com.ar\/index.php\/category\/sin-categoria\/"},"img":{"alt_text":"","src":"https:\/\/i0.wp.com\/1005.com.ar\/wp-content\/uploads\/2022\/09\/63130ec479b1a_900.jpg?resize=350%2C200&ssl=1","width":350,"height":200,"srcset":"https:\/\/i0.wp.com\/1005.com.ar\/wp-content\/uploads\/2022\/09\/63130ec479b1a_900.jpg?resize=350%2C200&ssl=1 1x, https:\/\/i0.wp.com\/1005.com.ar\/wp-content\/uploads\/2022\/09\/63130ec479b1a_900.jpg?resize=525%2C300&ssl=1 1.5x, https:\/\/i0.wp.com\/1005.com.ar\/wp-content\/uploads\/2022\/09\/63130ec479b1a_900.jpg?resize=700%2C400&ssl=1 2x"},"classes":[]},{"id":3456,"url":"https:\/\/1005.com.ar\/index.php\/2022\/09\/09\/el-tercera-linea-de-los-pumas-pablo-matera-jugara-en-honda-heat-de-japon\/","url_meta":{"origin":4346,"position":2},"title":"El tercera l\u00ednea de Los Pumas Pablo Matera jugar\u00e1 en Honda Heat de Jap\u00f3n","author":"Julieta Di Rocco","date":"septiembre 9, 2022","format":false,"excerpt":"https:\/\/www.telam.com.ar\/notas\/202209\/604361-rugby-pablo-matera-japon-honda-heat-australiano-tom-banks.html","rel":"","context":"En \u00abSin categor\u00eda\u00bb","block_context":{"text":"Sin categor\u00eda","link":"https:\/\/1005.com.ar\/index.php\/category\/sin-categoria\/"},"img":{"alt_text":"","src":"https:\/\/i0.wp.com\/1005.com.ar\/wp-content\/uploads\/2022\/09\/62c0c67b63cdf_900.jpg?resize=350%2C200&ssl=1","width":350,"height":200,"srcset":"https:\/\/i0.wp.com\/1005.com.ar\/wp-content\/uploads\/2022\/09\/62c0c67b63cdf_900.jpg?resize=350%2C200&ssl=1 1x, https:\/\/i0.wp.com\/1005.com.ar\/wp-content\/uploads\/2022\/09\/62c0c67b63cdf_900.jpg?resize=525%2C300&ssl=1 1.5x, https:\/\/i0.wp.com\/1005.com.ar\/wp-content\/uploads\/2022\/09\/62c0c67b63cdf_900.jpg?resize=700%2C400&ssl=1 2x"},"classes":[]},{"id":2334,"url":"https:\/\/1005.com.ar\/index.php\/2021\/10\/11\/10-de-octubre-en-el-dia-mundial-de-la-salud-mental-anticipan-una-verdadera-epidemia-de-este-tipo-de-trastornos\/","url_meta":{"origin":4346,"position":3},"title":"10 de octubre &#8211; En el D\u00eda Mundial de la Salud Mental, anticipan una verdadera epidemia de este tipo de trastornos","author":"Radio Music","date":"octubre 11, 2021","format":false,"excerpt":"Estr\u00e9s, angustia, ansiedad y depresi\u00f3n, con diversos niveles de complejidad y severidad, son algunas de las condiciones cuya incidencia se increment\u00f3 significativamente durante este a\u00f1o y medio de pandemia La Organizaci\u00f3n Mundial de la Salud (OMS) define a la salud mental como \u2018un estado de bienestar en el que la\u2026","rel":"","context":"En \u00abSin categor\u00eda\u00bb","block_context":{"text":"Sin categor\u00eda","link":"https:\/\/1005.com.ar\/index.php\/category\/sin-categoria\/"},"img":{"alt_text":"","src":"","width":0,"height":0},"classes":[]},{"id":4752,"url":"https:\/\/1005.com.ar\/index.php\/2024\/02\/09\/especialistas-del-conicet-trabajan-en-el-desarrollo-de-un-innovador-filtro-solar-con-accion-repelente-y-antiinflamatoria\/","url_meta":{"origin":4346,"position":4},"title":"Especialistas del CONICET trabajan en el desarrollo de un innovador filtro solar con acci\u00f3n repelente y antiinflamatoria","author":"Julieta Di Rocco","date":"febrero 9, 2024","format":false,"excerpt":"https:\/\/www.conicet.gov.ar\/especialistas-del-conicet-trabajan-en-el-desarrollo-de-un-innovador-filtro-solar-con-accion-repelente-y-antiinflamatoria\/","rel":"","context":"En \u00abSin categor\u00eda\u00bb","block_context":{"text":"Sin categor\u00eda","link":"https:\/\/1005.com.ar\/index.php\/category\/sin-categoria\/"},"img":{"alt_text":"","src":"","width":0,"height":0},"classes":[]},{"id":3740,"url":"https:\/\/1005.com.ar\/index.php\/2023\/01\/12\/calor-e-hipertension-consejos-de-especialistas-para-para-cuidar-tu-presion-en-vacaciones\/","url_meta":{"origin":4346,"position":5},"title":"Calor e hipertensi\u00f3n. Consejos de especialistas para para cuidar tu presi\u00f3n en vacaciones","author":"Julieta Di Rocco","date":"enero 12, 2023","format":false,"excerpt":"En verano la enfermedad que padecen el 42% de los argentinos tiende a empeorar; recomendaciones para evitar cuadros graves https:\/\/www.lanacion.com.ar\/salud\/vida_sana\/calor-e-hipertension-consejos-de-especialistas-para-prevenir-picos-de-presion-en-vacaciones-nid12012023\/","rel":"","context":"En \u00abSin categor\u00eda\u00bb","block_context":{"text":"Sin categor\u00eda","link":"https:\/\/1005.com.ar\/index.php\/category\/sin-categoria\/"},"img":{"alt_text":"","src":"https:\/\/i0.wp.com\/1005.com.ar\/wp-content\/uploads\/2023\/01\/tension-arterial.jpg.webp?resize=350%2C200&ssl=1","width":350,"height":200,"srcset":"https:\/\/i0.wp.com\/1005.com.ar\/wp-content\/uploads\/2023\/01\/tension-arterial.jpg.webp?resize=350%2C200&ssl=1 1x, https:\/\/i0.wp.com\/1005.com.ar\/wp-content\/uploads\/2023\/01\/tension-arterial.jpg.webp?resize=525%2C300&ssl=1 1.5x, https:\/\/i0.wp.com\/1005.com.ar\/wp-content\/uploads\/2023\/01\/tension-arterial.jpg.webp?resize=700%2C400&ssl=1 2x, https:\/\/i0.wp.com\/1005.com.ar\/wp-content\/uploads\/2023\/01\/tension-arterial.jpg.webp?resize=1050%2C600&ssl=1 3x"},"classes":[]}],"jetpack_likes_enabled":true,"jetpack_sharing_enabled":true,"_links":{"self":[{"href":"https:\/\/1005.com.ar\/index.php\/wp-json\/wp\/v2\/posts\/4346","targetHints":{"allow":["GET"]}}],"collection":[{"href":"https:\/\/1005.com.ar\/index.php\/wp-json\/wp\/v2\/posts"}],"about":[{"href":"https:\/\/1005.com.ar\/index.php\/wp-json\/wp\/v2\/types\/post"}],"author":[{"embeddable":true,"href":"https:\/\/1005.com.ar\/index.php\/wp-json\/wp\/v2\/users\/7"}],"replies":[{"embeddable":true,"href":"https:\/\/1005.com.ar\/index.php\/wp-json\/wp\/v2\/comments?post=4346"}],"version-history":[{"count":1,"href":"https:\/\/1005.com.ar\/index.php\/wp-json\/wp\/v2\/posts\/4346\/revisions"}],"predecessor-version":[{"id":4348,"href":"https:\/\/1005.com.ar\/index.php\/wp-json\/wp\/v2\/posts\/4346\/revisions\/4348"}],"wp:featuredmedia":[{"embeddable":true,"href":"https:\/\/1005.com.ar\/index.php\/wp-json\/wp\/v2\/media\/4347"}],"wp:attachment":[{"href":"https:\/\/1005.com.ar\/index.php\/wp-json\/wp\/v2\/media?parent=4346"}],"wp:term":[{"taxonomy":"category","embeddable":true,"href":"https:\/\/1005.com.ar\/index.php\/wp-json\/wp\/v2\/categories?post=4346"},{"taxonomy":"post_tag","embeddable":true,"href":"https:\/\/1005.com.ar\/index.php\/wp-json\/wp\/v2\/tags?post=4346"}],"curies":[{"name":"wp","href":"https:\/\/api.w.org\/{rel}","templated":true}]}}