{"id":4299,"date":"2023-08-30T13:12:30","date_gmt":"2023-08-30T16:12:30","guid":{"rendered":"https:\/\/1005.com.ar\/?p=4299"},"modified":"2023-08-30T13:12:35","modified_gmt":"2023-08-30T16:12:35","slug":"copa-sudamericana-estudiantes-bailo-a-corinthians-pateo-30-remates-pero-solo-gano-1-a-0-y-luego-quedo-eliminado-por-penales","status":"publish","type":"post","link":"https:\/\/1005.com.ar\/index.php\/2023\/08\/30\/copa-sudamericana-estudiantes-bailo-a-corinthians-pateo-30-remates-pero-solo-gano-1-a-0-y-luego-quedo-eliminado-por-penales\/","title":{"rendered":"Copa Sudamericana: Estudiantes bail\u00f3 a Corinthians, pate\u00f3 30 remates, pero solo gan\u00f3 1 a 0 y luego qued\u00f3 eliminado por penales"},"content":{"rendered":"\n<p><a href=\"https:\/\/www.lanacion.com.ar\/deportes\/futbol\/estudiantes-la-plata\/copa-sudamericana-estudiantes-bailo-a-corinthians-pateo-30-remates-pero-solo-gano-1-a-0-y-luego-nid30082023\/\">https:\/\/www.lanacion.com.ar\/deportes\/futbol\/estudiantes-la-plata\/copa-sudamericana-estudiantes-bailo-a-corinthians-pateo-30-remates-pero-solo-gano-1-a-0-y-luego-nid30082023\/<\/a><\/p>\n","protected":false},"excerpt":{"rendered":"<p>https:\/\/www.lanacion.com.ar\/deportes\/futbol\/estudiantes-la-plata\/copa-sudamericana-estudiantes-bailo-a-corinthians-pateo-30-remates-pero-solo-gano-1-a-0-y-luego-nid30082023\/<\/p>\n","protected":false},"author":7,"featured_media":4300,"comment_status":"open","ping_status":"closed","sticky":false,"template":"","format":"standard","meta":{"jetpack_post_was_ever_published":false,"_jetpack_newsletter_access":"","_jetpack_dont_email_post_to_subs":false,"_jetpack_newsletter_tier_id":0,"_jetpack_memberships_contains_paywalled_content":false,"_jetpack_memberships_contains_paid_content":false,"footnotes":"","jetpack_publicize_message":"","jetpack_publicize_feature_enabled":true,"jetpack_social_post_already_shared":true,"jetpack_social_options":{"image_generator_settings":{"template":"highway","default_image_id":0,"font":"","enabled":false},"version":2}},"categories":[1],"tags":[],"class_list":["post-4299","post","type-post","status-publish","format-standard","has-post-thumbnail","hentry","category-sin-categoria"],"jetpack_publicize_connections":[],"jetpack_featured_media_url":"https:\/\/1005.com.ar\/wp-content\/uploads\/2023\/08\/descarga-64.jpg","jetpack-related-posts":[{"id":1612,"url":"https:\/\/1005.com.ar\/index.php\/2021\/02\/20\/river-vuelve-al-monumental-para-enderezar-el-rumbo-en-la-copa-de-la-liga\/","url_meta":{"origin":4299,"position":0},"title":"River vuelve al Monumental para enderezar el rumbo en la Copa de la Liga","author":"Radio Music","date":"febrero 20, 2021","format":false,"excerpt":"El equipo de N\u00fa\u00f1ez jugar\u00e1 en su cancha luego de casi un a\u00f1o","rel":"","context":"En \u00abSin categor\u00eda\u00bb","block_context":{"text":"Sin categor\u00eda","link":"https:\/\/1005.com.ar\/index.php\/category\/sin-categoria\/"},"img":{"alt_text":"","src":"","width":0,"height":0},"classes":[]},{"id":5057,"url":"https:\/\/1005.com.ar\/index.php\/2024\/05\/05\/estudiantes-campeon-de-la-copa-de-la-liga-por-penales\/","url_meta":{"origin":4299,"position":1},"title":"\u00a1Estudiantes campe\u00f3n de la Copa de la Liga por penales!","author":"Julieta Di Rocco","date":"mayo 5, 2024","format":false,"excerpt":"https:\/\/www.pagina12.com.ar\/734141-velez-vs-estudiantes-por-la-copa-de-la-liga-minuto-a-minuto","rel":"","context":"En \u00abSin categor\u00eda\u00bb","block_context":{"text":"Sin categor\u00eda","link":"https:\/\/1005.com.ar\/index.php\/category\/sin-categoria\/"},"img":{"alt_text":"","src":"https:\/\/i0.wp.com\/1005.com.ar\/wp-content\/uploads\/2024\/05\/estudiantes1jpg.webp?resize=350%2C200&ssl=1","width":350,"height":200,"srcset":"https:\/\/i0.wp.com\/1005.com.ar\/wp-content\/uploads\/2024\/05\/estudiantes1jpg.webp?resize=350%2C200&ssl=1 1x, https:\/\/i0.wp.com\/1005.com.ar\/wp-content\/uploads\/2024\/05\/estudiantes1jpg.webp?resize=525%2C300&ssl=1 1.5x, https:\/\/i0.wp.com\/1005.com.ar\/wp-content\/uploads\/2024\/05\/estudiantes1jpg.webp?resize=700%2C400&ssl=1 2x"},"classes":[]},{"id":1570,"url":"https:\/\/1005.com.ar\/index.php\/2021\/02\/14\/river-tendra-una-dura-parada-ante-estudiantes-en-su-debut-en-la-copa-de-la-liga-profesional\/","url_meta":{"origin":4299,"position":2},"title":"River tendr\u00e1 una dura parada ante Estudiantes en su debut en la Copa de la Liga Profesional","author":"Radio Music","date":"febrero 14, 2021","format":false,"excerpt":"El equipo de Marcelo Gallardo har\u00e1 su presentaci\u00f3n en La Plata. El Pincha iniciar\u00e1 la era del Ruso Zielinski","rel":"","context":"En \u00abSin categor\u00eda\u00bb","block_context":{"text":"Sin categor\u00eda","link":"https:\/\/1005.com.ar\/index.php\/category\/sin-categoria\/"},"img":{"alt_text":"","src":"https:\/\/i0.wp.com\/1005.com.ar\/wp-content\/uploads\/2021\/02\/ZYAQZOHTVZABTKK6WT6X4BTY4U.jpg?resize=350%2C200&ssl=1","width":350,"height":200,"srcset":"https:\/\/i0.wp.com\/1005.com.ar\/wp-content\/uploads\/2021\/02\/ZYAQZOHTVZABTKK6WT6X4BTY4U.jpg?resize=350%2C200&ssl=1 1x, https:\/\/i0.wp.com\/1005.com.ar\/wp-content\/uploads\/2021\/02\/ZYAQZOHTVZABTKK6WT6X4BTY4U.jpg?resize=525%2C300&ssl=1 1.5x, https:\/\/i0.wp.com\/1005.com.ar\/wp-content\/uploads\/2021\/02\/ZYAQZOHTVZABTKK6WT6X4BTY4U.jpg?resize=700%2C400&ssl=1 2x"},"classes":[]},{"id":1775,"url":"https:\/\/1005.com.ar\/index.php\/2021\/03\/05\/river-plate-gallardo-presencio-esta-manana-el-partido-de-la-reserva-ante-argentinos\/","url_meta":{"origin":4299,"position":3},"title":"River Plate: Gallardo presenci\u00f3 esta ma\u00f1ana el partido de la reserva ante Argentinos","author":"Radio Music","date":"marzo 5, 2021","format":false,"excerpt":"El\u00a0director t\u00e9cnico de River Plate, Marcelo Gallardo, sorprendi\u00f3 esta ma\u00f1ana al presenciar el partido de la divisi\u00f3n Reserva en el River Camp, horas despu\u00e9s de coronar la Supercopa Argentina que signific\u00f3 el duod\u00e9cimo t\u00edtulo de su gesti\u00f3n en N\u00fa\u00f1ez. Vestido\u00a0con ropa de entrenamiento y provisto de un mate y un\u2026","rel":"","context":"En \u00abSin categor\u00eda\u00bb","block_context":{"text":"Sin categor\u00eda","link":"https:\/\/1005.com.ar\/index.php\/category\/sin-categoria\/"},"img":{"alt_text":"","src":"","width":0,"height":0},"classes":[]},{"id":1740,"url":"https:\/\/1005.com.ar\/index.php\/2021\/03\/03\/el-barcelona-logro-la-hazana-ante-el-sevilla-y-es-finalista-de-la-copa-del-rey\/","url_meta":{"origin":4299,"position":4},"title":"El Barcelona logr\u00f3 la haza\u00f1a ante el Sevilla y es finalista de la Copa del Rey","author":"Radio Music","date":"marzo 3, 2021","format":false,"excerpt":"El\u00a0Barcelona de Ronald Koeman\u00a0dio una muestra de car\u00e1cter y f\u00fatbol este mi\u00e9rcoles en su mejor versi\u00f3n de 2021 para ganarle 3-0 al\u00a0Sevilla\u00a0y obtener el pasaje a la final de la\u00a0Copa del Rey,\u00a0luego de haber ca\u00eddo en el primer partido de la serie. En los momentos iniciales, el local se mostr\u00f3\u2026","rel":"","context":"En \u00abSin categor\u00eda\u00bb","block_context":{"text":"Sin categor\u00eda","link":"https:\/\/1005.com.ar\/index.php\/category\/sin-categoria\/"},"img":{"alt_text":"","src":"https:\/\/i0.wp.com\/1005.com.ar\/wp-content\/uploads\/2021\/03\/2XSO4I4G427IA4E2PWPVEQZNAM.jpg?resize=350%2C200&ssl=1","width":350,"height":200,"srcset":"https:\/\/i0.wp.com\/1005.com.ar\/wp-content\/uploads\/2021\/03\/2XSO4I4G427IA4E2PWPVEQZNAM.jpg?resize=350%2C200&ssl=1 1x, https:\/\/i0.wp.com\/1005.com.ar\/wp-content\/uploads\/2021\/03\/2XSO4I4G427IA4E2PWPVEQZNAM.jpg?resize=525%2C300&ssl=1 1.5x, https:\/\/i0.wp.com\/1005.com.ar\/wp-content\/uploads\/2021\/03\/2XSO4I4G427IA4E2PWPVEQZNAM.jpg?resize=700%2C400&ssl=1 2x"},"classes":[]},{"id":1264,"url":"https:\/\/1005.com.ar\/index.php\/2021\/01\/25\/platense-se-sumo-a-la-lucha-por-el-ascenso-a-primera\/","url_meta":{"origin":4299,"position":5},"title":"Platense se sum\u00f3 a la lucha por el ascenso a Primera","author":"Radio Music","date":"enero 25, 2021","format":false,"excerpt":"El Calamar super\u00f3 por penales a Riestra y es semifinalista del reducido","rel":"","context":"En \u00abSin categor\u00eda\u00bb","block_context":{"text":"Sin categor\u00eda","link":"https:\/\/1005.com.ar\/index.php\/category\/sin-categoria\/"},"img":{"alt_text":"","src":"","width":0,"height":0},"classes":[]}],"jetpack_likes_enabled":true,"jetpack_sharing_enabled":true,"_links":{"self":[{"href":"https:\/\/1005.com.ar\/index.php\/wp-json\/wp\/v2\/posts\/4299","targetHints":{"allow":["GET"]}}],"collection":[{"href":"https:\/\/1005.com.ar\/index.php\/wp-json\/wp\/v2\/posts"}],"about":[{"href":"https:\/\/1005.com.ar\/index.php\/wp-json\/wp\/v2\/types\/post"}],"author":[{"embeddable":true,"href":"https:\/\/1005.com.ar\/index.php\/wp-json\/wp\/v2\/users\/7"}],"replies":[{"embeddable":true,"href":"https:\/\/1005.com.ar\/index.php\/wp-json\/wp\/v2\/comments?post=4299"}],"version-history":[{"count":1,"href":"https:\/\/1005.com.ar\/index.php\/wp-json\/wp\/v2\/posts\/4299\/revisions"}],"predecessor-version":[{"id":4301,"href":"https:\/\/1005.com.ar\/index.php\/wp-json\/wp\/v2\/posts\/4299\/revisions\/4301"}],"wp:featuredmedia":[{"embeddable":true,"href":"https:\/\/1005.com.ar\/index.php\/wp-json\/wp\/v2\/media\/4300"}],"wp:attachment":[{"href":"https:\/\/1005.com.ar\/index.php\/wp-json\/wp\/v2\/media?parent=4299"}],"wp:term":[{"taxonomy":"category","embeddable":true,"href":"https:\/\/1005.com.ar\/index.php\/wp-json\/wp\/v2\/categories?post=4299"},{"taxonomy":"post_tag","embeddable":true,"href":"https:\/\/1005.com.ar\/index.php\/wp-json\/wp\/v2\/tags?post=4299"}],"curies":[{"name":"wp","href":"https:\/\/api.w.org\/{rel}","templated":true}]}}