{"id":4133,"date":"2023-05-24T20:36:11","date_gmt":"2023-05-24T23:36:11","guid":{"rendered":"https:\/\/1005.com.ar\/?p=4133"},"modified":"2023-05-24T20:36:12","modified_gmt":"2023-05-24T23:36:12","slug":"telam-presenta-una-muestra-sobre-los-momentos-emblematicos-de-nestor-kirchner","status":"publish","type":"post","link":"https:\/\/1005.com.ar\/index.php\/2023\/05\/24\/telam-presenta-una-muestra-sobre-los-momentos-emblematicos-de-nestor-kirchner\/","title":{"rendered":"T\u00e9lam presenta una muestra sobre los momentos emblem\u00e1ticos de N\u00e9stor Kirchner"},"content":{"rendered":"\n<p>La exposici\u00f3n fotogr\u00e1fica y audiovisual se llama \u00abN\u00e9stor Kirchner. La imaginaci\u00f3n y el poder popular\u00bb; y ser\u00e1 inaugurada este mi\u00e9rcoles en conmemoraci\u00f3n de los 20 a\u00f1os de la asunci\u00f3n del expresidente.l.<\/p>\n\n\n\n<p><a href=\"https:\/\/www.telam.com.ar\/notas\/202305\/629197-telam-muestra-presidencia-nestor-kirchner.html\">https:\/\/www.telam.com.ar\/notas\/202305\/629197-telam-muestra-presidencia-nestor-kirchner.html<\/a><\/p>\n","protected":false},"excerpt":{"rendered":"<p>La exposici\u00f3n fotogr\u00e1fica y audiovisual se llama \u00abN\u00e9stor Kirchner. La imaginaci\u00f3n y el poder popular\u00bb; y ser\u00e1 inaugurada este mi\u00e9rcoles<\/p>\n","protected":false},"author":7,"featured_media":4134,"comment_status":"open","ping_status":"closed","sticky":false,"template":"","format":"standard","meta":{"jetpack_post_was_ever_published":false,"_jetpack_newsletter_access":"","_jetpack_dont_email_post_to_subs":false,"_jetpack_newsletter_tier_id":0,"_jetpack_memberships_contains_paywalled_content":false,"_jetpack_memberships_contains_paid_content":false,"footnotes":"","jetpack_publicize_message":"","jetpack_publicize_feature_enabled":true,"jetpack_social_post_already_shared":true,"jetpack_social_options":{"image_generator_settings":{"template":"highway","default_image_id":0,"font":"","enabled":false},"version":2}},"categories":[1],"tags":[],"class_list":["post-4133","post","type-post","status-publish","format-standard","has-post-thumbnail","hentry","category-sin-categoria"],"jetpack_publicize_connections":[],"jetpack_featured_media_url":"https:\/\/1005.com.ar\/wp-content\/uploads\/2023\/05\/descarga-2-1.jpg","jetpack-related-posts":[{"id":3424,"url":"https:\/\/1005.com.ar\/index.php\/2022\/09\/03\/abrio-sus-puertas-ateneo-nestor-kirchner\/","url_meta":{"origin":4133,"position":0},"title":"Abri\u00f3 sus puertas Ateneo N\u00e9stor Kirchner","author":"Julieta Di Rocco","date":"septiembre 3, 2022","format":false,"excerpt":"Un espacio en el que todos tienen lugar...","rel":"","context":"En \u00abSin categor\u00eda\u00bb","block_context":{"text":"Sin categor\u00eda","link":"https:\/\/1005.com.ar\/index.php\/category\/sin-categoria\/"},"img":{"alt_text":"","src":"https:\/\/i0.wp.com\/1005.com.ar\/wp-content\/uploads\/2022\/09\/303344342_10224383439387659_4392426144947250003_n.jpg?resize=350%2C200&ssl=1","width":350,"height":200,"srcset":"https:\/\/i0.wp.com\/1005.com.ar\/wp-content\/uploads\/2022\/09\/303344342_10224383439387659_4392426144947250003_n.jpg?resize=350%2C200&ssl=1 1x, https:\/\/i0.wp.com\/1005.com.ar\/wp-content\/uploads\/2022\/09\/303344342_10224383439387659_4392426144947250003_n.jpg?resize=525%2C300&ssl=1 1.5x, https:\/\/i0.wp.com\/1005.com.ar\/wp-content\/uploads\/2022\/09\/303344342_10224383439387659_4392426144947250003_n.jpg?resize=700%2C400&ssl=1 2x, https:\/\/i0.wp.com\/1005.com.ar\/wp-content\/uploads\/2022\/09\/303344342_10224383439387659_4392426144947250003_n.jpg?resize=1050%2C600&ssl=1 3x"},"classes":[]},{"id":3259,"url":"https:\/\/1005.com.ar\/index.php\/2022\/08\/01\/juicio-a-cristina-kirchner-en-vivo-el-fiscal-aseguro-que-nestor-y-cristina-instalaron-una-de-las-matrices-mas-extraordinarias-de-corrupcion\/","url_meta":{"origin":4133,"position":1},"title":"Juicio a Cristina Kirchner, EN VIVO: el fiscal asegur\u00f3 que \u201cN\u00e9stor y Cristina instalaron una de las matrices m\u00e1s extraordinarias de corrupci\u00f3n\u201d","author":"Julieta Di Rocco","date":"agosto 1, 2022","format":false,"excerpt":"La ex presidenta est\u00e1 conectada desde su despacho en el Senado. https:\/\/www.clarin.com\/politica\/juicio-cristina-kirchner-vivo-fiscal-aseguro-nestor-cristina-instalaron-matrices-extraordinarias-corrupcion-_0_89kgnjl6fi.html","rel":"","context":"En \u00abSin categor\u00eda\u00bb","block_context":{"text":"Sin categor\u00eda","link":"https:\/\/1005.com.ar\/index.php\/category\/sin-categoria\/"},"img":{"alt_text":"","src":"https:\/\/i0.wp.com\/1005.com.ar\/wp-content\/uploads\/2022\/08\/RRKLJCZ6NRG63DMDLRLKAVPPLQ.webp?resize=350%2C200&ssl=1","width":350,"height":200},"classes":[]},{"id":3344,"url":"https:\/\/1005.com.ar\/index.php\/2022\/08\/20\/conformaron-la-mesa-petrolera-para-asegurar-el-gas-para-el-gasoducto-nestor-kirchner-en-2023\/","url_meta":{"origin":4133,"position":2},"title":"Conformaron la mesa petrolera para asegurar el gas para el gasoducto N\u00e9stor Kirchner en 2023","author":"Julieta Di Rocco","date":"agosto 20, 2022","format":false,"excerpt":"La Secretaria de Energ\u00eda, Flavia Roy\u00f3n, se reuni\u00f3 con operadores del sector hidrocarburos para comenzar con el llenado del Gasoducto, lo que permitir\u00e1 garantizar el abastecimiento de gas a precios razonables y disminuir las importaciones de combustibles. https:\/\/www.telam.com.ar\/notas\/202208\/602237-mesa-petrolera-gas-gasoducto-nestor-kirchner-2023.html","rel":"","context":"En \u00abSin categor\u00eda\u00bb","block_context":{"text":"Sin categor\u00eda","link":"https:\/\/1005.com.ar\/index.php\/category\/sin-categoria\/"},"img":{"alt_text":"","src":"https:\/\/i0.wp.com\/1005.com.ar\/wp-content\/uploads\/2022\/08\/63002029dd0f4_900.jpg?resize=350%2C200&ssl=1","width":350,"height":200,"srcset":"https:\/\/i0.wp.com\/1005.com.ar\/wp-content\/uploads\/2022\/08\/63002029dd0f4_900.jpg?resize=350%2C200&ssl=1 1x, https:\/\/i0.wp.com\/1005.com.ar\/wp-content\/uploads\/2022\/08\/63002029dd0f4_900.jpg?resize=525%2C300&ssl=1 1.5x, https:\/\/i0.wp.com\/1005.com.ar\/wp-content\/uploads\/2022\/08\/63002029dd0f4_900.jpg?resize=700%2C400&ssl=1 2x"},"classes":[]},{"id":3299,"url":"https:\/\/1005.com.ar\/index.php\/2022\/08\/09\/este-miercoles-se-firman-los-contratos-para-construir-el-gasoducto-nestor-kirchner\/","url_meta":{"origin":4133,"position":3},"title":"Este mi\u00e9rcoles se firman los contratos para construir el gasoducto N\u00e9stor Kirchner","author":"Julieta Di Rocco","date":"agosto 9, 2022","format":false,"excerpt":"La obra se extender\u00e1 por 558 kll\u00f3metros, desde Vaca Muerta a Saliquel\u00f3, en la provincia de Buenos Aires, y\u00a0permitir\u00e1 ampliar un 25% la capacidad del sistema de transporte de gas natural. https:\/\/www.telam.com.ar\/notas\/202208\/601068-construccion-gasoducto-kirchner-vaca-muerta-saliquelo-licitacion.html","rel":"","context":"En \u00abSin categor\u00eda\u00bb","block_context":{"text":"Sin categor\u00eda","link":"https:\/\/1005.com.ar\/index.php\/category\/sin-categoria\/"},"img":{"alt_text":"","src":"https:\/\/i0.wp.com\/1005.com.ar\/wp-content\/uploads\/2022\/08\/62192a654b20b_900.jpg?resize=350%2C200&ssl=1","width":350,"height":200,"srcset":"https:\/\/i0.wp.com\/1005.com.ar\/wp-content\/uploads\/2022\/08\/62192a654b20b_900.jpg?resize=350%2C200&ssl=1 1x, https:\/\/i0.wp.com\/1005.com.ar\/wp-content\/uploads\/2022\/08\/62192a654b20b_900.jpg?resize=525%2C300&ssl=1 1.5x"},"classes":[]},{"id":3798,"url":"https:\/\/1005.com.ar\/index.php\/2023\/01\/23\/que-dijo-lula-da-silva-sobre-la-moneda-comun-y-el-gasoducto-nestor-kirchner\/","url_meta":{"origin":4133,"position":4},"title":"Qu\u00e9 dijo Lula Da Silva sobre la moneda c\u00f3mun y el Gasoducto N\u00e9stor Kirchner","author":"Julieta Di Rocco","date":"enero 23, 2023","format":false,"excerpt":"https:\/\/www.pagina12.com.ar\/517830-que-dijo-lula-da-silva-sobre-la-moneda-comun-y-el-gasoducto-","rel":"","context":"En \u00abSin categor\u00eda\u00bb","block_context":{"text":"Sin categor\u00eda","link":"https:\/\/1005.com.ar\/index.php\/category\/sin-categoria\/"},"img":{"alt_text":"","src":"https:\/\/i0.wp.com\/1005.com.ar\/wp-content\/uploads\/2023\/01\/690830-f2be854a-1f10-4d31-93a5-867dc1e6f60c_0.jpg?resize=350%2C200&ssl=1","width":350,"height":200,"srcset":"https:\/\/i0.wp.com\/1005.com.ar\/wp-content\/uploads\/2023\/01\/690830-f2be854a-1f10-4d31-93a5-867dc1e6f60c_0.jpg?resize=350%2C200&ssl=1 1x, https:\/\/i0.wp.com\/1005.com.ar\/wp-content\/uploads\/2023\/01\/690830-f2be854a-1f10-4d31-93a5-867dc1e6f60c_0.jpg?resize=525%2C300&ssl=1 1.5x, https:\/\/i0.wp.com\/1005.com.ar\/wp-content\/uploads\/2023\/01\/690830-f2be854a-1f10-4d31-93a5-867dc1e6f60c_0.jpg?resize=700%2C400&ssl=1 2x"},"classes":[]},{"id":3532,"url":"https:\/\/1005.com.ar\/index.php\/2022\/10\/08\/proyectos-del-taller-de-derechos-humanos\/","url_meta":{"origin":4133,"position":5},"title":"PROYECTOS DEL TALLER DE DERECHOS HUMANOS","author":"Julieta Di Rocco","date":"octubre 8, 2022","format":false,"excerpt":"El Taller de Derechos Humanos funciona todos los mi\u00e9rcoles de 19 a 20 en el Ateneo N\u00e9stor Kirchner, Cabral 3155 entre Rivadavia y San Mart\u00edn. ACERCATE En el abordaje de los derechos humanos el derecho a la vida es seguramente el esencial. Al respecto se organizar\u00e1 una muestra con las\u2026","rel":"","context":"En \u00abSin categor\u00eda\u00bb","block_context":{"text":"Sin categor\u00eda","link":"https:\/\/1005.com.ar\/index.php\/category\/sin-categoria\/"},"img":{"alt_text":"","src":"https:\/\/i0.wp.com\/1005.com.ar\/wp-content\/uploads\/2022\/10\/309704428_118500477675389_1068684510623250871_n.jpg?resize=350%2C200&ssl=1","width":350,"height":200,"srcset":"https:\/\/i0.wp.com\/1005.com.ar\/wp-content\/uploads\/2022\/10\/309704428_118500477675389_1068684510623250871_n.jpg?resize=350%2C200&ssl=1 1x, https:\/\/i0.wp.com\/1005.com.ar\/wp-content\/uploads\/2022\/10\/309704428_118500477675389_1068684510623250871_n.jpg?resize=525%2C300&ssl=1 1.5x, https:\/\/i0.wp.com\/1005.com.ar\/wp-content\/uploads\/2022\/10\/309704428_118500477675389_1068684510623250871_n.jpg?resize=700%2C400&ssl=1 2x, https:\/\/i0.wp.com\/1005.com.ar\/wp-content\/uploads\/2022\/10\/309704428_118500477675389_1068684510623250871_n.jpg?resize=1050%2C600&ssl=1 3x, https:\/\/i0.wp.com\/1005.com.ar\/wp-content\/uploads\/2022\/10\/309704428_118500477675389_1068684510623250871_n.jpg?resize=1400%2C800&ssl=1 4x"},"classes":[]}],"jetpack_likes_enabled":true,"jetpack_sharing_enabled":true,"_links":{"self":[{"href":"https:\/\/1005.com.ar\/index.php\/wp-json\/wp\/v2\/posts\/4133","targetHints":{"allow":["GET"]}}],"collection":[{"href":"https:\/\/1005.com.ar\/index.php\/wp-json\/wp\/v2\/posts"}],"about":[{"href":"https:\/\/1005.com.ar\/index.php\/wp-json\/wp\/v2\/types\/post"}],"author":[{"embeddable":true,"href":"https:\/\/1005.com.ar\/index.php\/wp-json\/wp\/v2\/users\/7"}],"replies":[{"embeddable":true,"href":"https:\/\/1005.com.ar\/index.php\/wp-json\/wp\/v2\/comments?post=4133"}],"version-history":[{"count":1,"href":"https:\/\/1005.com.ar\/index.php\/wp-json\/wp\/v2\/posts\/4133\/revisions"}],"predecessor-version":[{"id":4135,"href":"https:\/\/1005.com.ar\/index.php\/wp-json\/wp\/v2\/posts\/4133\/revisions\/4135"}],"wp:featuredmedia":[{"embeddable":true,"href":"https:\/\/1005.com.ar\/index.php\/wp-json\/wp\/v2\/media\/4134"}],"wp:attachment":[{"href":"https:\/\/1005.com.ar\/index.php\/wp-json\/wp\/v2\/media?parent=4133"}],"wp:term":[{"taxonomy":"category","embeddable":true,"href":"https:\/\/1005.com.ar\/index.php\/wp-json\/wp\/v2\/categories?post=4133"},{"taxonomy":"post_tag","embeddable":true,"href":"https:\/\/1005.com.ar\/index.php\/wp-json\/wp\/v2\/tags?post=4133"}],"curies":[{"name":"wp","href":"https:\/\/api.w.org\/{rel}","templated":true}]}}