{"id":4056,"date":"2023-03-29T11:48:07","date_gmt":"2023-03-29T14:48:07","guid":{"rendered":"https:\/\/1005.com.ar\/?p=4056"},"modified":"2023-03-29T11:48:09","modified_gmt":"2023-03-29T14:48:09","slug":"dengue-la-curva-crece-y-ya-preocupa-a-las-autoridades-sanitarias","status":"publish","type":"post","link":"https:\/\/1005.com.ar\/index.php\/2023\/03\/29\/dengue-la-curva-crece-y-ya-preocupa-a-las-autoridades-sanitarias\/","title":{"rendered":"Dengue: la curva crece y ya preocupa a las autoridades sanitarias"},"content":{"rendered":"\n<p><a href=\"https:\/\/www.pagina12.com.ar\/535934-dengue-la-curva-crece-y-ya-preocupa-a-las-autoridades-sanita\">https:\/\/www.pagina12.com.ar\/535934-dengue-la-curva-crece-y-ya-preocupa-a-las-autoridades-sanita<\/a><\/p>\n","protected":false},"excerpt":{"rendered":"<p>https:\/\/www.pagina12.com.ar\/535934-dengue-la-curva-crece-y-ya-preocupa-a-las-autoridades-sanita<\/p>\n","protected":false},"author":7,"featured_media":4057,"comment_status":"open","ping_status":"closed","sticky":false,"template":"","format":"standard","meta":{"jetpack_post_was_ever_published":false,"_jetpack_newsletter_access":"","_jetpack_dont_email_post_to_subs":false,"_jetpack_newsletter_tier_id":0,"_jetpack_memberships_contains_paywalled_content":false,"_jetpack_memberships_contains_paid_content":false,"footnotes":"","jetpack_publicize_message":"","jetpack_publicize_feature_enabled":true,"jetpack_social_post_already_shared":true,"jetpack_social_options":{"image_generator_settings":{"template":"highway","default_image_id":0,"font":"","enabled":false},"version":2}},"categories":[1],"tags":[],"class_list":["post-4056","post","type-post","status-publish","format-standard","has-post-thumbnail","hentry","category-sin-categoria"],"jetpack_publicize_connections":[],"jetpack_featured_media_url":"https:\/\/1005.com.ar\/wp-content\/uploads\/2023\/03\/descarga-60.jpg","jetpack-related-posts":[{"id":4872,"url":"https:\/\/1005.com.ar\/index.php\/2024\/03\/24\/ya-son-41-los-municipios-bonaerenses-con-casos-de-dengue\/","url_meta":{"origin":4056,"position":0},"title":"Ya son 41 los municipios bonaerenses con casos de dengue","author":"Julieta Di Rocco","date":"marzo 24, 2024","format":false,"excerpt":"https:\/\/diariohoy.net\/interes-general\/ya-son-41-los-municipios-bonaerenses-con-casos-de-dengue-252822","rel":"","context":"En \u00abSin categor\u00eda\u00bb","block_context":{"text":"Sin categor\u00eda","link":"https:\/\/1005.com.ar\/index.php\/category\/sin-categoria\/"},"img":{"alt_text":"","src":"https:\/\/i0.wp.com\/1005.com.ar\/wp-content\/uploads\/2024\/03\/0000606960.jpg?resize=350%2C200&ssl=1","width":350,"height":200,"srcset":"https:\/\/i0.wp.com\/1005.com.ar\/wp-content\/uploads\/2024\/03\/0000606960.jpg?resize=350%2C200&ssl=1 1x, https:\/\/i0.wp.com\/1005.com.ar\/wp-content\/uploads\/2024\/03\/0000606960.jpg?resize=525%2C300&ssl=1 1.5x, https:\/\/i0.wp.com\/1005.com.ar\/wp-content\/uploads\/2024\/03\/0000606960.jpg?resize=700%2C400&ssl=1 2x, https:\/\/i0.wp.com\/1005.com.ar\/wp-content\/uploads\/2024\/03\/0000606960.jpg?resize=1050%2C600&ssl=1 3x, https:\/\/i0.wp.com\/1005.com.ar\/wp-content\/uploads\/2024\/03\/0000606960.jpg?resize=1400%2C800&ssl=1 4x"},"classes":[]},{"id":4859,"url":"https:\/\/1005.com.ar\/index.php\/2024\/03\/19\/brote-de-dengue-fuerte-aumento-de-consultas-en-las-guardias-de-los-hospitales-del-amba\/","url_meta":{"origin":4056,"position":1},"title":"Brote de dengue: fuerte aumento de consultas en las guardias de los hospitales del AMBA","author":"Julieta Di Rocco","date":"marzo 19, 2024","format":false,"excerpt":"https:\/\/www.infobae.com\/salud\/2024\/03\/19\/brote-de-dengue-fuerte-suba-de-consultas-y-filas-en-las-guardias-del-amba\/","rel":"","context":"En \u00abSin categor\u00eda\u00bb","block_context":{"text":"Sin categor\u00eda","link":"https:\/\/1005.com.ar\/index.php\/category\/sin-categoria\/"},"img":{"alt_text":"","src":"","width":0,"height":0},"classes":[]},{"id":4107,"url":"https:\/\/1005.com.ar\/index.php\/2023\/05\/13\/como-son-las-causas-de-identidades-usurpadas-un-problema-que-crece-en-los-tribunales\/","url_meta":{"origin":4056,"position":2},"title":"C\u00f3mo son las causas de identidades usurpadas, un problema que crece en los tribunales","author":"Julieta Di Rocco","date":"mayo 13, 2023","format":false,"excerpt":"https:\/\/www.infobae.com\/salud\/2023\/05\/13\/la-nueva-peste-de-hoy-es-la-epidemia-psicologica-dice-un-reconocido-psiquiatra-espanol\/","rel":"","context":"En \u00abSin categor\u00eda\u00bb","block_context":{"text":"Sin categor\u00eda","link":"https:\/\/1005.com.ar\/index.php\/category\/sin-categoria\/"},"img":{"alt_text":"","src":"","width":0,"height":0},"classes":[]},{"id":4482,"url":"https:\/\/1005.com.ar\/index.php\/2023\/11\/03\/crece-el-sindrome-de-burnout-en-el-pais-y-la-mayoria-coincide-en-una-frase-particular\/","url_meta":{"origin":4056,"position":3},"title":"Crece el s\u00edndrome de burnout en el pa\u00eds y la mayor\u00eda coincide en una frase particular","author":"Julieta Di Rocco","date":"noviembre 3, 2023","format":false,"excerpt":"Dicen que aunque comunican su padecimiento en el trabajo, en general las empresas \"no hacen nada\".Otro problema preocupante es que el 43 por ciento afirma que no se puede desenchufar. https:\/\/www.clarin.com\/sociedad\/crece-sindrome-burnout-pais-mayoria-coincide-frase-particular_0_Gd8ExiV1do.html","rel":"","context":"En \u00abSin categor\u00eda\u00bb","block_context":{"text":"Sin categor\u00eda","link":"https:\/\/1005.com.ar\/index.php\/category\/sin-categoria\/"},"img":{"alt_text":"","src":"","width":0,"height":0},"classes":[]},{"id":4783,"url":"https:\/\/1005.com.ar\/index.php\/2024\/02\/26\/como-saber-si-una-persona-tiene-dengue-los-sintomas-que-despiertan-el-alerta\/","url_meta":{"origin":4056,"position":4},"title":"\u00bfC\u00f3mo saber si una persona tiene dengue? Los s\u00edntomas que despiertan el alerta","author":"Julieta Di Rocco","date":"febrero 26, 2024","format":false,"excerpt":"https:\/\/www.infobae.com\/salud\/2024\/02\/26\/como-saber-si-una-persona-tiene-dengue-los-sintomas-que-despiertan-el-alerta\/","rel":"","context":"En \u00abSin categor\u00eda\u00bb","block_context":{"text":"Sin categor\u00eda","link":"https:\/\/1005.com.ar\/index.php\/category\/sin-categoria\/"},"img":{"alt_text":"","src":"","width":0,"height":0},"classes":[]},{"id":5451,"url":"https:\/\/1005.com.ar\/index.php\/2024\/10\/27\/cuatro-claves-sobre-el-dengue-que-tener-en-cuenta-para-los-meses-mas-calurosos-del-ano\/","url_meta":{"origin":4056,"position":5},"title":"Cuatro claves sobre el dengue: qu\u00e9 tener en cuenta para los meses m\u00e1s calurosos del a\u00f1o","author":"Julieta Di Rocco","date":"octubre 27, 2024","format":false,"excerpt":"https:\/\/www.infobae.com\/salud\/2024\/10\/27\/cuatro-claves-sobre-el-dengue-que-tener-en-cuenta-para-los-meses-mas-calurosos-del-ano","rel":"","context":"En \u00abSin categor\u00eda\u00bb","block_context":{"text":"Sin categor\u00eda","link":"https:\/\/1005.com.ar\/index.php\/category\/sin-categoria\/"},"img":{"alt_text":"","src":"https:\/\/i0.wp.com\/1005.com.ar\/wp-content\/uploads\/2024\/10\/T6XFGCKK2FDLNFKANVAPHA4NMA.png?resize=350%2C200&ssl=1","width":350,"height":200,"srcset":"https:\/\/i0.wp.com\/1005.com.ar\/wp-content\/uploads\/2024\/10\/T6XFGCKK2FDLNFKANVAPHA4NMA.png?resize=350%2C200&ssl=1 1x, https:\/\/i0.wp.com\/1005.com.ar\/wp-content\/uploads\/2024\/10\/T6XFGCKK2FDLNFKANVAPHA4NMA.png?resize=525%2C300&ssl=1 1.5x, https:\/\/i0.wp.com\/1005.com.ar\/wp-content\/uploads\/2024\/10\/T6XFGCKK2FDLNFKANVAPHA4NMA.png?resize=700%2C400&ssl=1 2x"},"classes":[]}],"jetpack_likes_enabled":true,"jetpack_sharing_enabled":true,"_links":{"self":[{"href":"https:\/\/1005.com.ar\/index.php\/wp-json\/wp\/v2\/posts\/4056","targetHints":{"allow":["GET"]}}],"collection":[{"href":"https:\/\/1005.com.ar\/index.php\/wp-json\/wp\/v2\/posts"}],"about":[{"href":"https:\/\/1005.com.ar\/index.php\/wp-json\/wp\/v2\/types\/post"}],"author":[{"embeddable":true,"href":"https:\/\/1005.com.ar\/index.php\/wp-json\/wp\/v2\/users\/7"}],"replies":[{"embeddable":true,"href":"https:\/\/1005.com.ar\/index.php\/wp-json\/wp\/v2\/comments?post=4056"}],"version-history":[{"count":1,"href":"https:\/\/1005.com.ar\/index.php\/wp-json\/wp\/v2\/posts\/4056\/revisions"}],"predecessor-version":[{"id":4058,"href":"https:\/\/1005.com.ar\/index.php\/wp-json\/wp\/v2\/posts\/4056\/revisions\/4058"}],"wp:featuredmedia":[{"embeddable":true,"href":"https:\/\/1005.com.ar\/index.php\/wp-json\/wp\/v2\/media\/4057"}],"wp:attachment":[{"href":"https:\/\/1005.com.ar\/index.php\/wp-json\/wp\/v2\/media?parent=4056"}],"wp:term":[{"taxonomy":"category","embeddable":true,"href":"https:\/\/1005.com.ar\/index.php\/wp-json\/wp\/v2\/categories?post=4056"},{"taxonomy":"post_tag","embeddable":true,"href":"https:\/\/1005.com.ar\/index.php\/wp-json\/wp\/v2\/tags?post=4056"}],"curies":[{"name":"wp","href":"https:\/\/api.w.org\/{rel}","templated":true}]}}