{"id":3750,"date":"2023-01-17T14:35:01","date_gmt":"2023-01-17T17:35:01","guid":{"rendered":"https:\/\/1005.com.ar\/?p=3750"},"modified":"2023-01-17T14:35:03","modified_gmt":"2023-01-17T17:35:03","slug":"villa-gesell-celebra-su-propia-temporada-record","status":"publish","type":"post","link":"https:\/\/1005.com.ar\/index.php\/2023\/01\/17\/villa-gesell-celebra-su-propia-temporada-record\/","title":{"rendered":"Villa Gesell celebra su propia temporada record"},"content":{"rendered":"\n<p>La localidad balnearia alcanz\u00f3 m\u00e1s de un 95% de ocupaci\u00f3n, lo que signific\u00f3 un gasto de m\u00e1s de 30 mil millones de pesos que fomenta la econom\u00eda local. \u00abEsto es producto de un trabajo de fidelizaci\u00f3n del turista\u201d, se\u00f1alaron.\u00a0<\/p>\n\n\n\n<p><a href=\"https:\/\/www.pagina12.com.ar\/516343-villa-gesell-celebra-su-propia-temporada-record\">https:\/\/www.pagina12.com.ar\/516343-villa-gesell-celebra-su-propia-temporada-record<\/a><\/p>\n","protected":false},"excerpt":{"rendered":"<p>La localidad balnearia alcanz\u00f3 m\u00e1s de un 95% de ocupaci\u00f3n, lo que signific\u00f3 un gasto de m\u00e1s de 30 mil<\/p>\n","protected":false},"author":7,"featured_media":3751,"comment_status":"open","ping_status":"closed","sticky":false,"template":"","format":"standard","meta":{"jetpack_post_was_ever_published":false,"_jetpack_newsletter_access":"","_jetpack_dont_email_post_to_subs":false,"_jetpack_newsletter_tier_id":0,"_jetpack_memberships_contains_paywalled_content":false,"_jetpack_memberships_contains_paid_content":false,"footnotes":"","jetpack_publicize_message":"","jetpack_publicize_feature_enabled":true,"jetpack_social_post_already_shared":true,"jetpack_social_options":{"image_generator_settings":{"template":"highway","default_image_id":0,"font":"","enabled":false},"version":2}},"categories":[1],"tags":[],"class_list":["post-3750","post","type-post","status-publish","format-standard","has-post-thumbnail","hentry","category-sin-categoria"],"jetpack_publicize_connections":[],"jetpack_featured_media_url":"https:\/\/1005.com.ar\/wp-content\/uploads\/2023\/01\/689177-playa-20gesell.jpeg","jetpack-related-posts":[{"id":5863,"url":"https:\/\/1005.com.ar\/index.php\/2025\/03\/30\/en-villa-gesell-piden-justicia\/","url_meta":{"origin":3750,"position":0},"title":"En Villa Gesell piden justicia","author":"Julieta Di Rocco","date":"marzo 30, 2025","format":false,"excerpt":"A 5 meses del derrumbe del Hotel Dubrovnik, la causa va muy lenta https:\/\/www.pagina12.com.ar\/814437-en-villa-gesell-piden-justicia","rel":"","context":"En \u00abSin categor\u00eda\u00bb","block_context":{"text":"Sin categor\u00eda","link":"https:\/\/1005.com.ar\/index.php\/category\/sin-categoria\/"},"img":{"alt_text":"","src":"https:\/\/i0.wp.com\/1005.com.ar\/wp-content\/uploads\/2025\/03\/925111-afp-0.jpg?resize=350%2C200&ssl=1","width":350,"height":200,"srcset":"https:\/\/i0.wp.com\/1005.com.ar\/wp-content\/uploads\/2025\/03\/925111-afp-0.jpg?resize=350%2C200&ssl=1 1x, https:\/\/i0.wp.com\/1005.com.ar\/wp-content\/uploads\/2025\/03\/925111-afp-0.jpg?resize=525%2C300&ssl=1 1.5x, https:\/\/i0.wp.com\/1005.com.ar\/wp-content\/uploads\/2025\/03\/925111-afp-0.jpg?resize=700%2C400&ssl=1 2x"},"classes":[]},{"id":3692,"url":"https:\/\/1005.com.ar\/index.php\/2023\/01\/01\/fernando-baez-villa-gesell-entre-la-indiferencia-y-el-olvido\/","url_meta":{"origin":3750,"position":1},"title":"Fernando B\u00e1ez: Villa Gesell, entre la indiferencia y el olvido","author":"Julieta Di Rocco","date":"enero 1, 2023","format":false,"excerpt":"https:\/\/www.pagina12.com.ar\/512537-fernando-baez-villa-gesell-entre-la-indiferencia-y-el-olvido","rel":"","context":"En \u00abSin categor\u00eda\u00bb","block_context":{"text":"Sin categor\u00eda","link":"https:\/\/1005.com.ar\/index.php\/category\/sin-categoria\/"},"img":{"alt_text":"","src":"https:\/\/i0.wp.com\/1005.com.ar\/wp-content\/uploads\/2023\/01\/684842-whatsapp-20image-202023-01-01-20at-2020-17-01-20-281-29.jpeg?resize=350%2C200&ssl=1","width":350,"height":200,"srcset":"https:\/\/i0.wp.com\/1005.com.ar\/wp-content\/uploads\/2023\/01\/684842-whatsapp-20image-202023-01-01-20at-2020-17-01-20-281-29.jpeg?resize=350%2C200&ssl=1 1x, https:\/\/i0.wp.com\/1005.com.ar\/wp-content\/uploads\/2023\/01\/684842-whatsapp-20image-202023-01-01-20at-2020-17-01-20-281-29.jpeg?resize=525%2C300&ssl=1 1.5x, https:\/\/i0.wp.com\/1005.com.ar\/wp-content\/uploads\/2023\/01\/684842-whatsapp-20image-202023-01-01-20at-2020-17-01-20-281-29.jpeg?resize=700%2C400&ssl=1 2x"},"classes":[]},{"id":1437,"url":"https:\/\/1005.com.ar\/index.php\/2021\/02\/01\/crimen-de-villa-gesell-los-rugbiers-no-quieren-ser-juzgados-por-un-jurado-popular\/","url_meta":{"origin":3750,"position":2},"title":"Crimen de Villa Gesell: los rugbiers no quieren ser juzgados por un jurado popular","author":"Radio Music","date":"febrero 1, 2021","format":false,"excerpt":"Bajo el argumento que existe sobre ellos \"una incuestionable y lapidaria condena social\"","rel":"","context":"En \u00abSin categor\u00eda\u00bb","block_context":{"text":"Sin categor\u00eda","link":"https:\/\/1005.com.ar\/index.php\/category\/sin-categoria\/"},"img":{"alt_text":"","src":"https:\/\/i0.wp.com\/1005.com.ar\/wp-content\/uploads\/2021\/02\/Rugbiers-Villa-Gesell-1024x682-1.jpg?resize=350%2C200&ssl=1","width":350,"height":200,"srcset":"https:\/\/i0.wp.com\/1005.com.ar\/wp-content\/uploads\/2021\/02\/Rugbiers-Villa-Gesell-1024x682-1.jpg?resize=350%2C200&ssl=1 1x, https:\/\/i0.wp.com\/1005.com.ar\/wp-content\/uploads\/2021\/02\/Rugbiers-Villa-Gesell-1024x682-1.jpg?resize=525%2C300&ssl=1 1.5x, https:\/\/i0.wp.com\/1005.com.ar\/wp-content\/uploads\/2021\/02\/Rugbiers-Villa-Gesell-1024x682-1.jpg?resize=700%2C400&ssl=1 2x"},"classes":[]},{"id":1086,"url":"https:\/\/1005.com.ar\/index.php\/2021\/01\/18\/a-un-ano-del-asesinato-de-fernando-baez-sosa\/","url_meta":{"origin":3750,"position":3},"title":"A un a\u00f1o del asesinato de Fernando B\u00e1ez Sosa","author":"Radio Music","date":"enero 18, 2021","format":false,"excerpt":"Est\u00e1 lista para ir a juicio la causa contra los ocho rugbiers por el crimen cometido en Villa Gesell","rel":"","context":"En \u00abSin categor\u00eda\u00bb","block_context":{"text":"Sin categor\u00eda","link":"https:\/\/1005.com.ar\/index.php\/category\/sin-categoria\/"},"img":{"alt_text":"","src":"","width":0,"height":0},"classes":[]},{"id":4940,"url":"https:\/\/1005.com.ar\/index.php\/2024\/04\/11\/no-contamos-con-ningun-recurso-de-nacion\/","url_meta":{"origin":3750,"position":4},"title":"\u00abNo contamos con ning\u00fan recurso de Naci\u00f3n\u00bb","author":"Julieta Di Rocco","date":"abril 11, 2024","format":false,"excerpt":"Gustavo Barrera, intendente de Villa Gesell, sobre la obra p\u00fablica","rel":"","context":"En \u00abSin categor\u00eda\u00bb","block_context":{"text":"Sin categor\u00eda","link":"https:\/\/1005.com.ar\/index.php\/category\/sin-categoria\/"},"img":{"alt_text":"","src":"https:\/\/i0.wp.com\/1005.com.ar\/wp-content\/uploads\/2024\/04\/830342-whatsapp-20image-202024-04-10-20at-2018-25-56.jpeg?resize=350%2C200&ssl=1","width":350,"height":200,"srcset":"https:\/\/i0.wp.com\/1005.com.ar\/wp-content\/uploads\/2024\/04\/830342-whatsapp-20image-202024-04-10-20at-2018-25-56.jpeg?resize=350%2C200&ssl=1 1x, https:\/\/i0.wp.com\/1005.com.ar\/wp-content\/uploads\/2024\/04\/830342-whatsapp-20image-202024-04-10-20at-2018-25-56.jpeg?resize=525%2C300&ssl=1 1.5x, https:\/\/i0.wp.com\/1005.com.ar\/wp-content\/uploads\/2024\/04\/830342-whatsapp-20image-202024-04-10-20at-2018-25-56.jpeg?resize=700%2C400&ssl=1 2x"},"classes":[]},{"id":4269,"url":"https:\/\/1005.com.ar\/index.php\/2023\/08\/27\/dia-de-la-radio-por-que-se-celebra-hoy-27-de-agosto-y-como-fue-su-origen-en-argentina\/","url_meta":{"origin":3750,"position":5},"title":"D\u00eda de la Radio: por qu\u00e9 se celebra hoy, 27 de agosto, y c\u00f3mo fue su origen en Argentina","author":"Julieta Di Rocco","date":"agosto 27, 2023","format":false,"excerpt":"https:\/\/www.rionegro.com.ar\/redes\/dia-de-la-radio-por-que-se-celebra-hoy-27-de-agosto-y-como-fue-su-origen-en-argentina-3105664\/","rel":"","context":"En \u00abSin categor\u00eda\u00bb","block_context":{"text":"Sin categor\u00eda","link":"https:\/\/1005.com.ar\/index.php\/category\/sin-categoria\/"},"img":{"alt_text":"","src":"https:\/\/i0.wp.com\/1005.com.ar\/wp-content\/uploads\/2023\/08\/radiox.jpg?resize=350%2C200&ssl=1","width":350,"height":200,"srcset":"https:\/\/i0.wp.com\/1005.com.ar\/wp-content\/uploads\/2023\/08\/radiox.jpg?resize=350%2C200&ssl=1 1x, https:\/\/i0.wp.com\/1005.com.ar\/wp-content\/uploads\/2023\/08\/radiox.jpg?resize=525%2C300&ssl=1 1.5x, https:\/\/i0.wp.com\/1005.com.ar\/wp-content\/uploads\/2023\/08\/radiox.jpg?resize=700%2C400&ssl=1 2x"},"classes":[]}],"jetpack_likes_enabled":true,"jetpack_sharing_enabled":true,"_links":{"self":[{"href":"https:\/\/1005.com.ar\/index.php\/wp-json\/wp\/v2\/posts\/3750","targetHints":{"allow":["GET"]}}],"collection":[{"href":"https:\/\/1005.com.ar\/index.php\/wp-json\/wp\/v2\/posts"}],"about":[{"href":"https:\/\/1005.com.ar\/index.php\/wp-json\/wp\/v2\/types\/post"}],"author":[{"embeddable":true,"href":"https:\/\/1005.com.ar\/index.php\/wp-json\/wp\/v2\/users\/7"}],"replies":[{"embeddable":true,"href":"https:\/\/1005.com.ar\/index.php\/wp-json\/wp\/v2\/comments?post=3750"}],"version-history":[{"count":1,"href":"https:\/\/1005.com.ar\/index.php\/wp-json\/wp\/v2\/posts\/3750\/revisions"}],"predecessor-version":[{"id":3752,"href":"https:\/\/1005.com.ar\/index.php\/wp-json\/wp\/v2\/posts\/3750\/revisions\/3752"}],"wp:featuredmedia":[{"embeddable":true,"href":"https:\/\/1005.com.ar\/index.php\/wp-json\/wp\/v2\/media\/3751"}],"wp:attachment":[{"href":"https:\/\/1005.com.ar\/index.php\/wp-json\/wp\/v2\/media?parent=3750"}],"wp:term":[{"taxonomy":"category","embeddable":true,"href":"https:\/\/1005.com.ar\/index.php\/wp-json\/wp\/v2\/categories?post=3750"},{"taxonomy":"post_tag","embeddable":true,"href":"https:\/\/1005.com.ar\/index.php\/wp-json\/wp\/v2\/tags?post=3750"}],"curies":[{"name":"wp","href":"https:\/\/api.w.org\/{rel}","templated":true}]}}