{"id":3747,"date":"2023-01-17T14:33:07","date_gmt":"2023-01-17T17:33:07","guid":{"rendered":"https:\/\/1005.com.ar\/?p=3747"},"modified":"2023-01-17T14:33:09","modified_gmt":"2023-01-17T17:33:09","slug":"lionel-scaloni-conto-que-no-volvio-a-ver-la-final-mundial-y-que-en-los-proximos-dias-resolvera-si-sigue-al-frente-de-la-seleccion","status":"publish","type":"post","link":"https:\/\/1005.com.ar\/index.php\/2023\/01\/17\/lionel-scaloni-conto-que-no-volvio-a-ver-la-final-mundial-y-que-en-los-proximos-dias-resolvera-si-sigue-al-frente-de-la-seleccion\/","title":{"rendered":"Lionel Scaloni cont\u00f3 que no volvi\u00f3 a ver la final Mundial y que en los pr\u00f3ximos d\u00edas resolver\u00e1 si sigue al frente de la Selecci\u00f3n"},"content":{"rendered":"\n<h2 class=\"wp-block-heading\"><\/h2>\n\n\n\n<p><a href=\"https:\/\/www.pagina12.com.ar\/516324-lionel-scaloni-conto-que-no-volvio-a-ver-la-final-mundial-y-\">https:\/\/www.pagina12.com.ar\/516324-lionel-scaloni-conto-que-no-volvio-a-ver-la-final-mundial-y-<\/a><\/p>\n","protected":false},"excerpt":{"rendered":"<p>https:\/\/www.pagina12.com.ar\/516324-lionel-scaloni-conto-que-no-volvio-a-ver-la-final-mundial-y-<\/p>\n","protected":false},"author":7,"featured_media":3748,"comment_status":"open","ping_status":"closed","sticky":false,"template":"","format":"standard","meta":{"jetpack_post_was_ever_published":false,"_jetpack_newsletter_access":"","_jetpack_dont_email_post_to_subs":false,"_jetpack_newsletter_tier_id":0,"_jetpack_memberships_contains_paywalled_content":false,"_jetpack_memberships_contains_paid_content":false,"footnotes":"","jetpack_publicize_message":"","jetpack_publicize_feature_enabled":true,"jetpack_social_post_already_shared":true,"jetpack_social_options":{"image_generator_settings":{"template":"highway","default_image_id":0,"font":"","enabled":false},"version":2}},"categories":[1],"tags":[],"class_list":["post-3747","post","type-post","status-publish","format-standard","has-post-thumbnail","hentry","category-sin-categoria"],"jetpack_publicize_connections":[],"jetpack_featured_media_url":"https:\/\/1005.com.ar\/wp-content\/uploads\/2023\/01\/689182-48788-lionel-2520scaloni.jpg","jetpack-related-posts":[{"id":3743,"url":"https:\/\/1005.com.ar\/index.php\/2023\/01\/12\/premios-the-best-lionel-messi-julian-alvarez-scaloni-y-dibu-martinez-fueron-nominados-por-la-fifa\/","url_meta":{"origin":3747,"position":0},"title":"Premios The Best: Lionel Messi, Juli\u00e1n \u00c1lvarez, Scaloni y Dibu Mart\u00ednez fueron nominados por la FIFA","author":"Julieta Di Rocco","date":"enero 12, 2023","format":false,"excerpt":"https:\/\/www.lanacion.com.ar\/deportes\/futbol\/premios-the-best-lionel-messi-julian-alvarez-scaloni-y-dibu-martinez-fueron-nominados-por-la-fifa-nid12012023\/","rel":"","context":"En \u00abSin categor\u00eda\u00bb","block_context":{"text":"Sin categor\u00eda","link":"https:\/\/1005.com.ar\/index.php\/category\/sin-categoria\/"},"img":{"alt_text":"","src":"","width":0,"height":0},"classes":[]},{"id":2130,"url":"https:\/\/1005.com.ar\/index.php\/2021\/07\/04\/lionel-scaloni-el-equipo-jugo-el-partido-que-tenia-que-jugar\/","url_meta":{"origin":3747,"position":1},"title":"Lionel Scaloni: \u00abEl equipo jug\u00f3 el partido que ten\u00eda que jugar\u00bb","author":"Radio Music","date":"julio 4, 2021","format":false,"excerpt":"El DT del seleccionado argentino de f\u00fatbol, Lionel Scaloni, dijo que el equipo \"jug\u00f3 el partido que ten\u00eda que jugar\", tras la victoria 3-0 sobre Ecuador para pasar a las semifinales de la Copa Am\u00e9rica. \"Jugamos el partido que ten\u00edamos que jugar. No quiero ser reiterativo con el tema de\u2026","rel":"","context":"En \u00abSin categor\u00eda\u00bb","block_context":{"text":"Sin categor\u00eda","link":"https:\/\/1005.com.ar\/index.php\/category\/sin-categoria\/"},"img":{"alt_text":"","src":"","width":0,"height":0},"classes":[]},{"id":3502,"url":"https:\/\/1005.com.ar\/index.php\/2022\/09\/23\/argentina-vs-honduras-hoy-a-que-hora-juegan-tv-y-formaciones\/","url_meta":{"origin":3747,"position":2},"title":"Argentina vs Honduras hoy: a qu\u00e9 hora juegan, TV y formaciones","author":"Julieta Di Rocco","date":"septiembre 23, 2022","format":false,"excerpt":"La lista de convocados, con la presencia de Lionel Messi, \u00c1ngel Di Mar\u00eda y Lautaro Mart\u00ednez. La formaci\u00f3n que pondr\u00eda Lionel Scaloni en la cancha. Los duelos posteriores de la Selecci\u00f3n ante Jamaica y Emiratos \u00c1rabes Unidos de cara a la Copa del Mundo. \u00bfCu\u00e1ndo fue la \u00faltima vez que\u2026","rel":"","context":"En \u00abSin categor\u00eda\u00bb","block_context":{"text":"Sin categor\u00eda","link":"https:\/\/1005.com.ar\/index.php\/category\/sin-categoria\/"},"img":{"alt_text":"","src":"https:\/\/i0.wp.com\/1005.com.ar\/wp-content\/uploads\/2022\/09\/653249-arg-20getty.jpg?resize=350%2C200&ssl=1","width":350,"height":200,"srcset":"https:\/\/i0.wp.com\/1005.com.ar\/wp-content\/uploads\/2022\/09\/653249-arg-20getty.jpg?resize=350%2C200&ssl=1 1x, https:\/\/i0.wp.com\/1005.com.ar\/wp-content\/uploads\/2022\/09\/653249-arg-20getty.jpg?resize=525%2C300&ssl=1 1.5x, https:\/\/i0.wp.com\/1005.com.ar\/wp-content\/uploads\/2022\/09\/653249-arg-20getty.jpg?resize=700%2C400&ssl=1 2x"},"classes":[]},{"id":3663,"url":"https:\/\/1005.com.ar\/index.php\/2022\/12\/25\/scaloni-campeon-que-hacemos-con-tantas-teorias\/","url_meta":{"origin":3747,"position":3},"title":"Scaloni campe\u00f3n: \u00bfQu\u00e9 hacemos con tantas teor\u00edas?","author":"Julieta Di Rocco","date":"diciembre 25, 2022","format":false,"excerpt":"Los mitos alrededor de los t\u00e9cnicos que derrib\u00f3 el t\u00edtulo de Argentina https:\/\/www.pagina12.com.ar\/510968-scaloni-campeon-que-hacemos-con-tantas-teorias","rel":"","context":"En \u00abSin categor\u00eda\u00bb","block_context":{"text":"Sin categor\u00eda","link":"https:\/\/1005.com.ar\/index.php\/category\/sin-categoria\/"},"img":{"alt_text":"","src":"https:\/\/i0.wp.com\/1005.com.ar\/wp-content\/uploads\/2022\/12\/682928-whatsapp-20image-202022-12-25-20at-2018-53-45.jpeg?resize=350%2C200&ssl=1","width":350,"height":200,"srcset":"https:\/\/i0.wp.com\/1005.com.ar\/wp-content\/uploads\/2022\/12\/682928-whatsapp-20image-202022-12-25-20at-2018-53-45.jpeg?resize=350%2C200&ssl=1 1x, https:\/\/i0.wp.com\/1005.com.ar\/wp-content\/uploads\/2022\/12\/682928-whatsapp-20image-202022-12-25-20at-2018-53-45.jpeg?resize=525%2C300&ssl=1 1.5x, https:\/\/i0.wp.com\/1005.com.ar\/wp-content\/uploads\/2022\/12\/682928-whatsapp-20image-202022-12-25-20at-2018-53-45.jpeg?resize=700%2C400&ssl=1 2x"},"classes":[]},{"id":6825,"url":"https:\/\/1005.com.ar\/index.php\/2026\/04\/09\/panorama-de-la-seleccion-argentina\/","url_meta":{"origin":3747,"position":4},"title":"Panorama de la Selecci\u00f3n Argentina","author":"Julieta Di Rocco","date":"abril 9, 2026","format":false,"excerpt":"Scaloni recupera futbolistas que tienen altas chances de jugar el Mundial 2026 https:\/\/www.pagina12.com.ar\/2026\/04\/09\/panorama-de-la-seleccion-argentina","rel":"","context":"En \u00abSin categor\u00eda\u00bb","block_context":{"text":"Sin categor\u00eda","link":"https:\/\/1005.com.ar\/index.php\/category\/sin-categoria\/"},"img":{"alt_text":"","src":"https:\/\/1005.com.ar\/wp-content\/uploads\/2026\/04\/MNSGCNJZHE4TEYJYHAYWEODBG4.avif","width":350,"height":200,"srcset":"https:\/\/1005.com.ar\/wp-content\/uploads\/2026\/04\/MNSGCNJZHE4TEYJYHAYWEODBG4.avif 1x, https:\/\/1005.com.ar\/wp-content\/uploads\/2026\/04\/MNSGCNJZHE4TEYJYHAYWEODBG4.avif 1.5x, https:\/\/1005.com.ar\/wp-content\/uploads\/2026\/04\/MNSGCNJZHE4TEYJYHAYWEODBG4.avif 2x"},"classes":[]},{"id":5294,"url":"https:\/\/1005.com.ar\/index.php\/2024\/06\/30\/argentina-sin-messi-ni-scaloni-vencio-a-peru-paso-a-cuartos-como-primera-y-espera-rival-en-la-copa-america\/","url_meta":{"origin":3747,"position":5},"title":"Argentina, sin Messi ni Scaloni, venci\u00f3 a Per\u00fa, pas\u00f3 a cuartos como primera y espera rival en la Copa Am\u00e9rica","author":"Julieta Di Rocco","date":"junio 30, 2024","format":false,"excerpt":"https:\/\/www.lanacion.com.ar\/deportes\/futbol\/argentina-sin-messi-ni-scaloni-vencio-a-peru-paso-a-cuartos-como-primera-y-espera-rival-en-la-copa-nid2906202","rel":"","context":"En \u00abSin categor\u00eda\u00bb","block_context":{"text":"Sin categor\u00eda","link":"https:\/\/1005.com.ar\/index.php\/category\/sin-categoria\/"},"img":{"alt_text":"","src":"https:\/\/1005.com.ar\/wp-content\/uploads\/2024\/06\/el-abrazo-de-la-figura-y-el-goleador-di-maria-y-WKLKCAHTABBPZATIGKIPSIPOXY.avif","width":350,"height":200,"srcset":"https:\/\/1005.com.ar\/wp-content\/uploads\/2024\/06\/el-abrazo-de-la-figura-y-el-goleador-di-maria-y-WKLKCAHTABBPZATIGKIPSIPOXY.avif 1x, https:\/\/1005.com.ar\/wp-content\/uploads\/2024\/06\/el-abrazo-de-la-figura-y-el-goleador-di-maria-y-WKLKCAHTABBPZATIGKIPSIPOXY.avif 1.5x, https:\/\/1005.com.ar\/wp-content\/uploads\/2024\/06\/el-abrazo-de-la-figura-y-el-goleador-di-maria-y-WKLKCAHTABBPZATIGKIPSIPOXY.avif 2x"},"classes":[]}],"jetpack_likes_enabled":true,"jetpack_sharing_enabled":true,"_links":{"self":[{"href":"https:\/\/1005.com.ar\/index.php\/wp-json\/wp\/v2\/posts\/3747","targetHints":{"allow":["GET"]}}],"collection":[{"href":"https:\/\/1005.com.ar\/index.php\/wp-json\/wp\/v2\/posts"}],"about":[{"href":"https:\/\/1005.com.ar\/index.php\/wp-json\/wp\/v2\/types\/post"}],"author":[{"embeddable":true,"href":"https:\/\/1005.com.ar\/index.php\/wp-json\/wp\/v2\/users\/7"}],"replies":[{"embeddable":true,"href":"https:\/\/1005.com.ar\/index.php\/wp-json\/wp\/v2\/comments?post=3747"}],"version-history":[{"count":1,"href":"https:\/\/1005.com.ar\/index.php\/wp-json\/wp\/v2\/posts\/3747\/revisions"}],"predecessor-version":[{"id":3749,"href":"https:\/\/1005.com.ar\/index.php\/wp-json\/wp\/v2\/posts\/3747\/revisions\/3749"}],"wp:featuredmedia":[{"embeddable":true,"href":"https:\/\/1005.com.ar\/index.php\/wp-json\/wp\/v2\/media\/3748"}],"wp:attachment":[{"href":"https:\/\/1005.com.ar\/index.php\/wp-json\/wp\/v2\/media?parent=3747"}],"wp:term":[{"taxonomy":"category","embeddable":true,"href":"https:\/\/1005.com.ar\/index.php\/wp-json\/wp\/v2\/categories?post=3747"},{"taxonomy":"post_tag","embeddable":true,"href":"https:\/\/1005.com.ar\/index.php\/wp-json\/wp\/v2\/tags?post=3747"}],"curies":[{"name":"wp","href":"https:\/\/api.w.org\/{rel}","templated":true}]}}