{"id":3674,"date":"2023-01-01T20:23:13","date_gmt":"2023-01-01T23:23:13","guid":{"rendered":"https:\/\/1005.com.ar\/?p=3674"},"modified":"2023-01-01T20:23:37","modified_gmt":"2023-01-01T23:23:37","slug":"primera-bilateral-entre-lula-y-alberto-fernandez-la-reconstruccion-de-una-alianza-geopolitica","status":"publish","type":"post","link":"https:\/\/1005.com.ar\/index.php\/2023\/01\/01\/primera-bilateral-entre-lula-y-alberto-fernandez-la-reconstruccion-de-una-alianza-geopolitica\/","title":{"rendered":"Primera bilateral entre Lula y Alberto Fern\u00e1ndez: La reconstrucci\u00f3n de una alianza geopol\u00edtica"},"content":{"rendered":"\n<p>La comitiva argentina viaj\u00f3 a Brasilia sin tener confirmado el encuentro que finalmente se anuncio poco antes de la jura de Lula Da Silva. El objetivo es avanzar en un acuerdo de integraci\u00f3n energ\u00e9tica, financiera y de intercambio comercial. Los detalles. El viaje de AF y el saludo de CFK.<\/p>\n\n\n\n<p><a href=\"https:\/\/www.pagina12.com.ar\/512531-primera-bilateral-entre-lula-y-alberto-fernandez-la-reconstr\">https:\/\/www.pagina12.com.ar\/512531-primera-bilateral-entre-lula-y-alberto-fernandez-la-reconstr<\/a><\/p>\n","protected":false},"excerpt":{"rendered":"<p>La comitiva argentina viaj\u00f3 a Brasilia sin tener confirmado el encuentro que finalmente se anuncio poco antes de la jura<\/p>\n","protected":false},"author":7,"featured_media":3675,"comment_status":"open","ping_status":"closed","sticky":false,"template":"","format":"standard","meta":{"jetpack_post_was_ever_published":false,"_jetpack_newsletter_access":"","_jetpack_dont_email_post_to_subs":false,"_jetpack_newsletter_tier_id":0,"_jetpack_memberships_contains_paywalled_content":false,"_jetpack_memberships_contains_paid_content":false,"footnotes":"","jetpack_publicize_message":"","jetpack_publicize_feature_enabled":true,"jetpack_social_post_already_shared":true,"jetpack_social_options":{"image_generator_settings":{"template":"highway","default_image_id":0,"font":"","enabled":false},"version":2}},"categories":[1],"tags":[],"class_list":["post-3674","post","type-post","status-publish","format-standard","has-post-thumbnail","hentry","category-sin-categoria"],"jetpack_publicize_connections":[],"jetpack_featured_media_url":"https:\/\/1005.com.ar\/wp-content\/uploads\/2023\/01\/684865-whatsapp-20image-202023-01-01-20at-2019-50-17.jpeg","jetpack-related-posts":[{"id":2897,"url":"https:\/\/1005.com.ar\/index.php\/2022\/06\/02\/joe-biden-invito-a-alberto-fernandez-a-una-reunion-bilateral-en-washington-para-el-25-de-julio\/","url_meta":{"origin":3674,"position":0},"title":"Joe Biden invit\u00f3 a Alberto Fern\u00e1ndez a una reuni\u00f3n bilateral en Washington para el 25 de julio","author":"Julieta Di Rocco","date":"junio 2, 2022","format":false,"excerpt":"Justo cuando Argentina se quedaba con la Copa Intercontinental, Joe Biden se comunic\u00f3 por tel\u00e9fono con Alberto Fern\u00e1ndez para invitarlo a primera reuni\u00f3n entre ambos. La conversaci\u00f3n dur\u00f3 25 minutos. La llamada lleg\u00f3 despu\u00e9s de la confirmaci\u00f3n de que Fern\u00e1ndez asistir\u00e1 a la Cumbre de las Am\u00e9ricas https:\/\/www.pagina12.com.ar\/425992-joe-biden-invito-a-alberto-fernandez-a-una-reunion-bilateral","rel":"","context":"En \u00abSin categor\u00eda\u00bb","block_context":{"text":"Sin categor\u00eda","link":"https:\/\/1005.com.ar\/index.php\/category\/sin-categoria\/"},"img":{"alt_text":"","src":"https:\/\/i0.wp.com\/1005.com.ar\/wp-content\/uploads\/2022\/06\/548036-joe_0.jpeg?resize=350%2C200&ssl=1","width":350,"height":200,"srcset":"https:\/\/i0.wp.com\/1005.com.ar\/wp-content\/uploads\/2022\/06\/548036-joe_0.jpeg?resize=350%2C200&ssl=1 1x, https:\/\/i0.wp.com\/1005.com.ar\/wp-content\/uploads\/2022\/06\/548036-joe_0.jpeg?resize=525%2C300&ssl=1 1.5x, https:\/\/i0.wp.com\/1005.com.ar\/wp-content\/uploads\/2022\/06\/548036-joe_0.jpeg?resize=700%2C400&ssl=1 2x"},"classes":[]},{"id":1797,"url":"https:\/\/1005.com.ar\/index.php\/2021\/03\/10\/fui-victima-de-la-mentira-juridica-mas-grande-dijo-lula-y-agradecio-el-apoyo-de-alberto-fernandez\/","url_meta":{"origin":3674,"position":1},"title":"\u00abFui v\u00edctima de la mentira jur\u00eddica m\u00e1s grande\u00bb, dijo Lula y agradeci\u00f3 el apoyo de Alberto Fern\u00e1ndez","author":"Radio Music","date":"marzo 10, 2021","format":false,"excerpt":"Habl\u00f3 por primera vez tras la anulaci\u00f3n de sus condenas","rel":"","context":"En \u00abSin categor\u00eda\u00bb","block_context":{"text":"Sin categor\u00eda","link":"https:\/\/1005.com.ar\/index.php\/category\/sin-categoria\/"},"img":{"alt_text":"","src":"","width":0,"height":0},"classes":[]},{"id":1916,"url":"https:\/\/1005.com.ar\/index.php\/2021\/04\/09\/alberto-fernandez-las-visitas-de-jueces-a-olivos-son-de-una-gravedad-inusual\/","url_meta":{"origin":3674,"position":2},"title":"Alberto Fern\u00e1ndez: \u00abLas visitas de jueces a Olivos son de una gravedad inusual\u00bb","author":"Radio Music","date":"abril 9, 2021","format":false,"excerpt":"El presidente\u00a0Alberto Fern\u00e1ndez afirm\u00f3 que \"las visitas de los jueces a Olivos\" durante el gobierno de Mauricio Macri son de una \"gravedad inusual\" y advirti\u00f3 que en la Argentina se est\u00e1 viviendo \"un proceso parecido al de Lula da Silva y los Telegram entre Moro y la fiscal\u00eda\".\u00a0\u201cCristina no me\u2026","rel":"","context":"En \u00abSin categor\u00eda\u00bb","block_context":{"text":"Sin categor\u00eda","link":"https:\/\/1005.com.ar\/index.php\/category\/sin-categoria\/"},"img":{"alt_text":"","src":"","width":0,"height":0},"classes":[]},{"id":1169,"url":"https:\/\/1005.com.ar\/index.php\/2021\/01\/21\/coronavirus-en-la-argentina-alberto-fernandez-recibio-la-primera-dosis-de-la-vacuna-sputnik-v\/","url_meta":{"origin":3674,"position":3},"title":"Coronavirus en la Argentina: Alberto Fern\u00e1ndez recibi\u00f3 la primera dosis de la vacuna Sputnik V","author":"Radio Music","date":"enero 21, 2021","format":false,"excerpt":"El presidente Alberto Fern\u00e1ndez recibi\u00f3 esta ma\u00f1ana en el Hospital Posadas la primera dosis de la vacuna Sputnik V contra el Covid-19. La vacuna fue aplicada en su brazo izquierdo por Marcela Yanni, licenciada en enfermer\u00eda.","rel":"","context":"En \u00abSin categor\u00eda\u00bb","block_context":{"text":"Sin categor\u00eda","link":"https:\/\/1005.com.ar\/index.php\/category\/sin-categoria\/"},"img":{"alt_text":"","src":"https:\/\/i0.wp.com\/1005.com.ar\/wp-content\/uploads\/2021\/01\/3587503h864.jpg?resize=350%2C200&ssl=1","width":350,"height":200,"srcset":"https:\/\/i0.wp.com\/1005.com.ar\/wp-content\/uploads\/2021\/01\/3587503h864.jpg?resize=350%2C200&ssl=1 1x, https:\/\/i0.wp.com\/1005.com.ar\/wp-content\/uploads\/2021\/01\/3587503h864.jpg?resize=525%2C300&ssl=1 1.5x, https:\/\/i0.wp.com\/1005.com.ar\/wp-content\/uploads\/2021\/01\/3587503h864.jpg?resize=700%2C400&ssl=1 2x, https:\/\/i0.wp.com\/1005.com.ar\/wp-content\/uploads\/2021\/01\/3587503h864.jpg?resize=1050%2C600&ssl=1 3x"},"classes":[]},{"id":2339,"url":"https:\/\/1005.com.ar\/index.php\/2021\/11\/15\/las-elecciones-legislativas-y-la-segunda-etapa-del-gobierno-de-alberto-fernandez\/","url_meta":{"origin":3674,"position":4},"title":"Las elecciones legislativas y la segunda etapa del gobierno de Alberto Fern\u00e1ndez","author":"Radio Music","date":"noviembre 15, 2021","format":false,"excerpt":"CUESTA ARRIBA El Frente de Todos mantiene la primera minor\u00eda en ambas C\u00e1maras. Redujo al m\u00ednimo la diferencia en provincia de Buenos Aires. Juntos por el Cambio y un festejo acotado. https:\/\/www.pagina12.com.ar\/382695-cuesta-arriba","rel":"","context":"En \u00abSin categor\u00eda\u00bb","block_context":{"text":"Sin categor\u00eda","link":"https:\/\/1005.com.ar\/index.php\/category\/sin-categoria\/"},"img":{"alt_text":"","src":"https:\/\/i0.wp.com\/1005.com.ar\/wp-content\/uploads\/2021\/11\/289217-3-a-leandroteysseire.jpg?resize=350%2C200&ssl=1","width":350,"height":200,"srcset":"https:\/\/i0.wp.com\/1005.com.ar\/wp-content\/uploads\/2021\/11\/289217-3-a-leandroteysseire.jpg?resize=350%2C200&ssl=1 1x, https:\/\/i0.wp.com\/1005.com.ar\/wp-content\/uploads\/2021\/11\/289217-3-a-leandroteysseire.jpg?resize=525%2C300&ssl=1 1.5x, https:\/\/i0.wp.com\/1005.com.ar\/wp-content\/uploads\/2021\/11\/289217-3-a-leandroteysseire.jpg?resize=700%2C400&ssl=1 2x"},"classes":[]},{"id":2833,"url":"https:\/\/1005.com.ar\/index.php\/2022\/04\/11\/alberto-fernandez-dio-detalles-del-nacimiento-de-su-hijo\/","url_meta":{"origin":3674,"position":5},"title":"Alberto Fern\u00e1ndez dio detalles del nacimiento de su hijo","author":"Julieta Di Rocco","date":"abril 11, 2022","format":false,"excerpt":"Tambi\u00e9n habl\u00f3 del mensaje de Cristina Kirchner y la relaci\u00f3n entre ambos https:\/\/www.pagina12.com.ar\/414574-alberto-fernandez-dio-detalles-del-nacimiento-de-su-hijo","rel":"","context":"En \u00abSin categor\u00eda\u00bb","block_context":{"text":"Sin categor\u00eda","link":"https:\/\/1005.com.ar\/index.php\/category\/sin-categoria\/"},"img":{"alt_text":"","src":"https:\/\/i0.wp.com\/1005.com.ar\/wp-content\/uploads\/2022\/04\/461674-g0068539.jpg?resize=350%2C200&ssl=1","width":350,"height":200,"srcset":"https:\/\/i0.wp.com\/1005.com.ar\/wp-content\/uploads\/2022\/04\/461674-g0068539.jpg?resize=350%2C200&ssl=1 1x, https:\/\/i0.wp.com\/1005.com.ar\/wp-content\/uploads\/2022\/04\/461674-g0068539.jpg?resize=525%2C300&ssl=1 1.5x, https:\/\/i0.wp.com\/1005.com.ar\/wp-content\/uploads\/2022\/04\/461674-g0068539.jpg?resize=700%2C400&ssl=1 2x"},"classes":[]}],"jetpack_likes_enabled":true,"jetpack_sharing_enabled":true,"_links":{"self":[{"href":"https:\/\/1005.com.ar\/index.php\/wp-json\/wp\/v2\/posts\/3674","targetHints":{"allow":["GET"]}}],"collection":[{"href":"https:\/\/1005.com.ar\/index.php\/wp-json\/wp\/v2\/posts"}],"about":[{"href":"https:\/\/1005.com.ar\/index.php\/wp-json\/wp\/v2\/types\/post"}],"author":[{"embeddable":true,"href":"https:\/\/1005.com.ar\/index.php\/wp-json\/wp\/v2\/users\/7"}],"replies":[{"embeddable":true,"href":"https:\/\/1005.com.ar\/index.php\/wp-json\/wp\/v2\/comments?post=3674"}],"version-history":[{"count":1,"href":"https:\/\/1005.com.ar\/index.php\/wp-json\/wp\/v2\/posts\/3674\/revisions"}],"predecessor-version":[{"id":3676,"href":"https:\/\/1005.com.ar\/index.php\/wp-json\/wp\/v2\/posts\/3674\/revisions\/3676"}],"wp:featuredmedia":[{"embeddable":true,"href":"https:\/\/1005.com.ar\/index.php\/wp-json\/wp\/v2\/media\/3675"}],"wp:attachment":[{"href":"https:\/\/1005.com.ar\/index.php\/wp-json\/wp\/v2\/media?parent=3674"}],"wp:term":[{"taxonomy":"category","embeddable":true,"href":"https:\/\/1005.com.ar\/index.php\/wp-json\/wp\/v2\/categories?post=3674"},{"taxonomy":"post_tag","embeddable":true,"href":"https:\/\/1005.com.ar\/index.php\/wp-json\/wp\/v2\/tags?post=3674"}],"curies":[{"name":"wp","href":"https:\/\/api.w.org\/{rel}","templated":true}]}}