{"id":3468,"date":"2022-09-12T10:33:45","date_gmt":"2022-09-12T13:33:45","guid":{"rendered":"https:\/\/1005.com.ar\/?p=3468"},"modified":"2022-09-12T10:33:47","modified_gmt":"2022-09-12T13:33:47","slug":"ateneo-nestor-kirchner","status":"publish","type":"post","link":"https:\/\/1005.com.ar\/index.php\/2022\/09\/12\/ateneo-nestor-kirchner\/","title":{"rendered":"Ateneo N\u00e9stor Kirchner"},"content":{"rendered":"\n<p>El pasado viernes nos reunimos con los compa\u00f1eros y las compa\u00f1eras del Ateneo N\u00e9stor Kirchner a analizar y debatir acerca de los distintos programas y fondos de financiamiento en obras para escuelas, salud, comercios, emprendedores, etc. de Saladillo.<br>En dicha oportunidad se analiz\u00f3 lo referente a la situaci\u00f3n de cr\u00e9ditos a empresas y los diferentes programas que llegan a trav\u00e9s del gobierno de la Provincia por medio del Banco Provincia como herramienta financiera.<br>Nos parece fundamental que todos y todas tomemos conocimiento de las distintas herramientas que tiene el Banco Provincia para financiar micro emprendimientos a empresas y dem\u00e1s. En los \u00faltimos 2 a\u00f1os, la provincia ha entregado cr\u00e9ditos a Saladillo a Pymes, MiPymes, emprendedores, etc por un monto que asciende a los 2.900 millones de pesos.<br>Otras de las herramientas que el Banco de la Provincia dispone para el consumo directo en los comercios de Saladillo es Cuenta DNI que por ejemplo en el mes de junio tuvo un nivel de comercializaci\u00f3n de 600 millones de pesos que lo utilizaron m\u00e1s de 8.000 vecinos y vecinas.<br>Adem\u00e1s desde el FOGABA (Fondo Garant\u00edas Buenos Aires) se facilita el acceso al financiamiento de MiPymes bonaerenses para la adquisici\u00f3n de maquinarias y bienes de capital, en el caso de Saladillo la han solicitado 127 empresas por un monto de alrededor de 100 millones de pesos.<br>Continuaremos analizando los diferentes programas e informando a la poblaci\u00f3n en general acerca de las distintas herramientas &nbsp;con las que cuenta el gobierno provincial del gobernador Axel Kicillof para los diferentes distritos de la misma.<br>FOGABA\u2026\u2026\u2026\u2026\u2026\u2026\u2026\u2026\u2026\u2026\u2026\u2026\u2026\u2026..$ 102.068.598 (ciento dos millones sesenta y ocho mil quinientos noventa y ocho)<br>CREDITOS A &nbsp;MI PYMES Y EMPRENDEDORES\u2026\u2026\u2026\u2026\u2026\u2026\u2026\u2026\u2026 $ 2.976.221.163 (dos mil novecientos setenta y seis millones doscientos veinti\u00fan mil ciento sesenta y tres)<br>CUENTA DNI\u2026\u2026\u2026\u2026\u2026\u2026\u2026\u2026\u2026\u2026&#8230;.\u2026 $ 601.189.098 (seiscientos un millones ciento ochenta y nueve mil noventa y ocho)<\/p>\n","protected":false},"excerpt":{"rendered":"<p>El pasado viernes nos reunimos con los compa\u00f1eros y las compa\u00f1eras del Ateneo N\u00e9stor Kirchner a analizar y debatir acerca<\/p>\n","protected":false},"author":7,"featured_media":3469,"comment_status":"open","ping_status":"closed","sticky":false,"template":"","format":"standard","meta":{"jetpack_post_was_ever_published":false,"_jetpack_newsletter_access":"","_jetpack_dont_email_post_to_subs":false,"_jetpack_newsletter_tier_id":0,"_jetpack_memberships_contains_paywalled_content":false,"_jetpack_memberships_contains_paid_content":false,"footnotes":"","jetpack_publicize_message":"","jetpack_publicize_feature_enabled":true,"jetpack_social_post_already_shared":true,"jetpack_social_options":{"image_generator_settings":{"template":"highway","default_image_id":0,"font":"","enabled":false},"version":2}},"categories":[1],"tags":[],"class_list":["post-3468","post","type-post","status-publish","format-standard","has-post-thumbnail","hentry","category-sin-categoria"],"jetpack_publicize_connections":[],"jetpack_featured_media_url":"https:\/\/1005.com.ar\/wp-content\/uploads\/2022\/09\/LOGO-ateneo1.png","jetpack-related-posts":[{"id":3424,"url":"https:\/\/1005.com.ar\/index.php\/2022\/09\/03\/abrio-sus-puertas-ateneo-nestor-kirchner\/","url_meta":{"origin":3468,"position":0},"title":"Abri\u00f3 sus puertas Ateneo N\u00e9stor Kirchner","author":"Julieta Di Rocco","date":"septiembre 3, 2022","format":false,"excerpt":"Un espacio en el que todos tienen lugar...","rel":"","context":"En \u00abSin categor\u00eda\u00bb","block_context":{"text":"Sin categor\u00eda","link":"https:\/\/1005.com.ar\/index.php\/category\/sin-categoria\/"},"img":{"alt_text":"","src":"https:\/\/i0.wp.com\/1005.com.ar\/wp-content\/uploads\/2022\/09\/303344342_10224383439387659_4392426144947250003_n.jpg?resize=350%2C200&ssl=1","width":350,"height":200,"srcset":"https:\/\/i0.wp.com\/1005.com.ar\/wp-content\/uploads\/2022\/09\/303344342_10224383439387659_4392426144947250003_n.jpg?resize=350%2C200&ssl=1 1x, https:\/\/i0.wp.com\/1005.com.ar\/wp-content\/uploads\/2022\/09\/303344342_10224383439387659_4392426144947250003_n.jpg?resize=525%2C300&ssl=1 1.5x, https:\/\/i0.wp.com\/1005.com.ar\/wp-content\/uploads\/2022\/09\/303344342_10224383439387659_4392426144947250003_n.jpg?resize=700%2C400&ssl=1 2x, https:\/\/i0.wp.com\/1005.com.ar\/wp-content\/uploads\/2022\/09\/303344342_10224383439387659_4392426144947250003_n.jpg?resize=1050%2C600&ssl=1 3x"},"classes":[]},{"id":3560,"url":"https:\/\/1005.com.ar\/index.php\/2022\/10\/28\/desde-el-instituto-de-cultura-de-la-provincia-de-buenos-aires-invitamos-a-la-comunidad-a-la-proyeccion-de-la-pelicula-caidos-del-mapa\/","url_meta":{"origin":3468,"position":1},"title":"Desde el Instituto de Cultura de la Provincia de Buenos Aires, invitamos a la comunidad a la proyecci\u00f3n de la pel\u00edcula \u00abCa\u00eddos del mapa\u00bb","author":"Julieta Di Rocco","date":"octubre 28, 2022","format":false,"excerpt":"s\u00e1bado 29 de octubre 19.30 horas Volont\u00e9 2343 \"La casita de la v\u00eda\" Organiza Ateneo N\u00e9stor Kirchner Saladillo","rel":"","context":"En \u00abSin categor\u00eda\u00bb","block_context":{"text":"Sin categor\u00eda","link":"https:\/\/1005.com.ar\/index.php\/category\/sin-categoria\/"},"img":{"alt_text":"","src":"https:\/\/i0.wp.com\/1005.com.ar\/wp-content\/uploads\/2022\/10\/311570191_125259256999511_2574859083402406169_n.jpg?resize=350%2C200&ssl=1","width":350,"height":200,"srcset":"https:\/\/i0.wp.com\/1005.com.ar\/wp-content\/uploads\/2022\/10\/311570191_125259256999511_2574859083402406169_n.jpg?resize=350%2C200&ssl=1 1x, https:\/\/i0.wp.com\/1005.com.ar\/wp-content\/uploads\/2022\/10\/311570191_125259256999511_2574859083402406169_n.jpg?resize=525%2C300&ssl=1 1.5x, https:\/\/i0.wp.com\/1005.com.ar\/wp-content\/uploads\/2022\/10\/311570191_125259256999511_2574859083402406169_n.jpg?resize=700%2C400&ssl=1 2x, https:\/\/i0.wp.com\/1005.com.ar\/wp-content\/uploads\/2022\/10\/311570191_125259256999511_2574859083402406169_n.jpg?resize=1050%2C600&ssl=1 3x"},"classes":[]},{"id":3299,"url":"https:\/\/1005.com.ar\/index.php\/2022\/08\/09\/este-miercoles-se-firman-los-contratos-para-construir-el-gasoducto-nestor-kirchner\/","url_meta":{"origin":3468,"position":2},"title":"Este mi\u00e9rcoles se firman los contratos para construir el gasoducto N\u00e9stor Kirchner","author":"Julieta Di Rocco","date":"agosto 9, 2022","format":false,"excerpt":"La obra se extender\u00e1 por 558 kll\u00f3metros, desde Vaca Muerta a Saliquel\u00f3, en la provincia de Buenos Aires, y\u00a0permitir\u00e1 ampliar un 25% la capacidad del sistema de transporte de gas natural. https:\/\/www.telam.com.ar\/notas\/202208\/601068-construccion-gasoducto-kirchner-vaca-muerta-saliquelo-licitacion.html","rel":"","context":"En \u00abSin categor\u00eda\u00bb","block_context":{"text":"Sin categor\u00eda","link":"https:\/\/1005.com.ar\/index.php\/category\/sin-categoria\/"},"img":{"alt_text":"","src":"https:\/\/i0.wp.com\/1005.com.ar\/wp-content\/uploads\/2022\/08\/62192a654b20b_900.jpg?resize=350%2C200&ssl=1","width":350,"height":200,"srcset":"https:\/\/i0.wp.com\/1005.com.ar\/wp-content\/uploads\/2022\/08\/62192a654b20b_900.jpg?resize=350%2C200&ssl=1 1x, https:\/\/i0.wp.com\/1005.com.ar\/wp-content\/uploads\/2022\/08\/62192a654b20b_900.jpg?resize=525%2C300&ssl=1 1.5x"},"classes":[]},{"id":3532,"url":"https:\/\/1005.com.ar\/index.php\/2022\/10\/08\/proyectos-del-taller-de-derechos-humanos\/","url_meta":{"origin":3468,"position":3},"title":"PROYECTOS DEL TALLER DE DERECHOS HUMANOS","author":"Julieta Di Rocco","date":"octubre 8, 2022","format":false,"excerpt":"El Taller de Derechos Humanos funciona todos los mi\u00e9rcoles de 19 a 20 en el Ateneo N\u00e9stor Kirchner, Cabral 3155 entre Rivadavia y San Mart\u00edn. ACERCATE En el abordaje de los derechos humanos el derecho a la vida es seguramente el esencial. Al respecto se organizar\u00e1 una muestra con las\u2026","rel":"","context":"En \u00abSin categor\u00eda\u00bb","block_context":{"text":"Sin categor\u00eda","link":"https:\/\/1005.com.ar\/index.php\/category\/sin-categoria\/"},"img":{"alt_text":"","src":"https:\/\/i0.wp.com\/1005.com.ar\/wp-content\/uploads\/2022\/10\/309704428_118500477675389_1068684510623250871_n.jpg?resize=350%2C200&ssl=1","width":350,"height":200,"srcset":"https:\/\/i0.wp.com\/1005.com.ar\/wp-content\/uploads\/2022\/10\/309704428_118500477675389_1068684510623250871_n.jpg?resize=350%2C200&ssl=1 1x, https:\/\/i0.wp.com\/1005.com.ar\/wp-content\/uploads\/2022\/10\/309704428_118500477675389_1068684510623250871_n.jpg?resize=525%2C300&ssl=1 1.5x, https:\/\/i0.wp.com\/1005.com.ar\/wp-content\/uploads\/2022\/10\/309704428_118500477675389_1068684510623250871_n.jpg?resize=700%2C400&ssl=1 2x, https:\/\/i0.wp.com\/1005.com.ar\/wp-content\/uploads\/2022\/10\/309704428_118500477675389_1068684510623250871_n.jpg?resize=1050%2C600&ssl=1 3x, https:\/\/i0.wp.com\/1005.com.ar\/wp-content\/uploads\/2022\/10\/309704428_118500477675389_1068684510623250871_n.jpg?resize=1400%2C800&ssl=1 4x"},"classes":[]},{"id":3259,"url":"https:\/\/1005.com.ar\/index.php\/2022\/08\/01\/juicio-a-cristina-kirchner-en-vivo-el-fiscal-aseguro-que-nestor-y-cristina-instalaron-una-de-las-matrices-mas-extraordinarias-de-corrupcion\/","url_meta":{"origin":3468,"position":4},"title":"Juicio a Cristina Kirchner, EN VIVO: el fiscal asegur\u00f3 que \u201cN\u00e9stor y Cristina instalaron una de las matrices m\u00e1s extraordinarias de corrupci\u00f3n\u201d","author":"Julieta Di Rocco","date":"agosto 1, 2022","format":false,"excerpt":"La ex presidenta est\u00e1 conectada desde su despacho en el Senado. https:\/\/www.clarin.com\/politica\/juicio-cristina-kirchner-vivo-fiscal-aseguro-nestor-cristina-instalaron-matrices-extraordinarias-corrupcion-_0_89kgnjl6fi.html","rel":"","context":"En \u00abSin categor\u00eda\u00bb","block_context":{"text":"Sin categor\u00eda","link":"https:\/\/1005.com.ar\/index.php\/category\/sin-categoria\/"},"img":{"alt_text":"","src":"https:\/\/i0.wp.com\/1005.com.ar\/wp-content\/uploads\/2022\/08\/RRKLJCZ6NRG63DMDLRLKAVPPLQ.webp?resize=350%2C200&ssl=1","width":350,"height":200},"classes":[]},{"id":3344,"url":"https:\/\/1005.com.ar\/index.php\/2022\/08\/20\/conformaron-la-mesa-petrolera-para-asegurar-el-gas-para-el-gasoducto-nestor-kirchner-en-2023\/","url_meta":{"origin":3468,"position":5},"title":"Conformaron la mesa petrolera para asegurar el gas para el gasoducto N\u00e9stor Kirchner en 2023","author":"Julieta Di Rocco","date":"agosto 20, 2022","format":false,"excerpt":"La Secretaria de Energ\u00eda, Flavia Roy\u00f3n, se reuni\u00f3 con operadores del sector hidrocarburos para comenzar con el llenado del Gasoducto, lo que permitir\u00e1 garantizar el abastecimiento de gas a precios razonables y disminuir las importaciones de combustibles. https:\/\/www.telam.com.ar\/notas\/202208\/602237-mesa-petrolera-gas-gasoducto-nestor-kirchner-2023.html","rel":"","context":"En \u00abSin categor\u00eda\u00bb","block_context":{"text":"Sin categor\u00eda","link":"https:\/\/1005.com.ar\/index.php\/category\/sin-categoria\/"},"img":{"alt_text":"","src":"https:\/\/i0.wp.com\/1005.com.ar\/wp-content\/uploads\/2022\/08\/63002029dd0f4_900.jpg?resize=350%2C200&ssl=1","width":350,"height":200,"srcset":"https:\/\/i0.wp.com\/1005.com.ar\/wp-content\/uploads\/2022\/08\/63002029dd0f4_900.jpg?resize=350%2C200&ssl=1 1x, https:\/\/i0.wp.com\/1005.com.ar\/wp-content\/uploads\/2022\/08\/63002029dd0f4_900.jpg?resize=525%2C300&ssl=1 1.5x, https:\/\/i0.wp.com\/1005.com.ar\/wp-content\/uploads\/2022\/08\/63002029dd0f4_900.jpg?resize=700%2C400&ssl=1 2x"},"classes":[]}],"jetpack_likes_enabled":true,"jetpack_sharing_enabled":true,"_links":{"self":[{"href":"https:\/\/1005.com.ar\/index.php\/wp-json\/wp\/v2\/posts\/3468","targetHints":{"allow":["GET"]}}],"collection":[{"href":"https:\/\/1005.com.ar\/index.php\/wp-json\/wp\/v2\/posts"}],"about":[{"href":"https:\/\/1005.com.ar\/index.php\/wp-json\/wp\/v2\/types\/post"}],"author":[{"embeddable":true,"href":"https:\/\/1005.com.ar\/index.php\/wp-json\/wp\/v2\/users\/7"}],"replies":[{"embeddable":true,"href":"https:\/\/1005.com.ar\/index.php\/wp-json\/wp\/v2\/comments?post=3468"}],"version-history":[{"count":1,"href":"https:\/\/1005.com.ar\/index.php\/wp-json\/wp\/v2\/posts\/3468\/revisions"}],"predecessor-version":[{"id":3470,"href":"https:\/\/1005.com.ar\/index.php\/wp-json\/wp\/v2\/posts\/3468\/revisions\/3470"}],"wp:featuredmedia":[{"embeddable":true,"href":"https:\/\/1005.com.ar\/index.php\/wp-json\/wp\/v2\/media\/3469"}],"wp:attachment":[{"href":"https:\/\/1005.com.ar\/index.php\/wp-json\/wp\/v2\/media?parent=3468"}],"wp:term":[{"taxonomy":"category","embeddable":true,"href":"https:\/\/1005.com.ar\/index.php\/wp-json\/wp\/v2\/categories?post=3468"},{"taxonomy":"post_tag","embeddable":true,"href":"https:\/\/1005.com.ar\/index.php\/wp-json\/wp\/v2\/tags?post=3468"}],"curies":[{"name":"wp","href":"https:\/\/api.w.org\/{rel}","templated":true}]}}