{"id":3418,"date":"2022-09-03T12:33:43","date_gmt":"2022-09-03T15:33:43","guid":{"rendered":"https:\/\/1005.com.ar\/?p=3418"},"modified":"2022-09-03T12:33:46","modified_gmt":"2022-09-03T15:33:46","slug":"cerruti-critico-a-patricia-bullrich-por-no-repudiar-un-intento-de-magnicidio","status":"publish","type":"post","link":"https:\/\/1005.com.ar\/index.php\/2022\/09\/03\/cerruti-critico-a-patricia-bullrich-por-no-repudiar-un-intento-de-magnicidio\/","title":{"rendered":"Cerruti critic\u00f3 a Patricia Bullrich por no \u00abrepudiar un intento de magnicidio\u00bb"},"content":{"rendered":"\n<p>La portavoz de la Presidencia\u00a0respondi\u00f3 de esta manera una publicaci\u00f3n en redes sociales de la titular del PRO, en la que\u00a0cuestion\u00f3 el feriado sin pronunciarse respecto del ataque a la Vicepresidenta.\u00a0<\/p>\n\n\n\n<p><a href=\"https:\/\/www.telam.com.ar\/notas\/202209\/603746-atentado-cristina-repudio-apoyo-cerruti-criticas-bullrich.html\">https:\/\/www.telam.com.ar\/notas\/202209\/603746-atentado-cristina-repudio-apoyo-cerruti-criticas-bullrich.html<\/a><\/p>\n","protected":false},"excerpt":{"rendered":"<p>La portavoz de la Presidencia\u00a0respondi\u00f3 de esta manera una publicaci\u00f3n en redes sociales de la titular del PRO, en la<\/p>\n","protected":false},"author":7,"featured_media":3419,"comment_status":"open","ping_status":"closed","sticky":false,"template":"","format":"standard","meta":{"jetpack_post_was_ever_published":false,"_jetpack_newsletter_access":"","_jetpack_dont_email_post_to_subs":false,"_jetpack_newsletter_tier_id":0,"_jetpack_memberships_contains_paywalled_content":false,"_jetpack_memberships_contains_paid_content":false,"footnotes":"","jetpack_publicize_message":"","jetpack_publicize_feature_enabled":true,"jetpack_social_post_already_shared":true,"jetpack_social_options":{"image_generator_settings":{"template":"highway","default_image_id":0,"font":"","enabled":false},"version":2}},"categories":[1],"tags":[],"class_list":["post-3418","post","type-post","status-publish","format-standard","has-post-thumbnail","hentry","category-sin-categoria"],"jetpack_publicize_connections":[],"jetpack_featured_media_url":"https:\/\/1005.com.ar\/wp-content\/uploads\/2022\/09\/63077350a597e_900.jpg","jetpack-related-posts":[{"id":1677,"url":"https:\/\/1005.com.ar\/index.php\/2021\/02\/28\/repudio-a-la-violencia-macrista\/","url_meta":{"origin":3418,"position":0},"title":"Repudio a la violencia macrista","author":"Radio Music","date":"febrero 28, 2021","format":false,"excerpt":"Despu\u00e9s de las im\u00e1genes f\u00fanebres de la marcha opositora a Plaza de Mayo","rel":"","context":"En \u00abSin categor\u00eda\u00bb","block_context":{"text":"Sin categor\u00eda","link":"https:\/\/1005.com.ar\/index.php\/category\/sin-categoria\/"},"img":{"alt_text":"","src":"","width":0,"height":0},"classes":[]}],"jetpack_likes_enabled":true,"jetpack_sharing_enabled":true,"_links":{"self":[{"href":"https:\/\/1005.com.ar\/index.php\/wp-json\/wp\/v2\/posts\/3418","targetHints":{"allow":["GET"]}}],"collection":[{"href":"https:\/\/1005.com.ar\/index.php\/wp-json\/wp\/v2\/posts"}],"about":[{"href":"https:\/\/1005.com.ar\/index.php\/wp-json\/wp\/v2\/types\/post"}],"author":[{"embeddable":true,"href":"https:\/\/1005.com.ar\/index.php\/wp-json\/wp\/v2\/users\/7"}],"replies":[{"embeddable":true,"href":"https:\/\/1005.com.ar\/index.php\/wp-json\/wp\/v2\/comments?post=3418"}],"version-history":[{"count":1,"href":"https:\/\/1005.com.ar\/index.php\/wp-json\/wp\/v2\/posts\/3418\/revisions"}],"predecessor-version":[{"id":3420,"href":"https:\/\/1005.com.ar\/index.php\/wp-json\/wp\/v2\/posts\/3418\/revisions\/3420"}],"wp:featuredmedia":[{"embeddable":true,"href":"https:\/\/1005.com.ar\/index.php\/wp-json\/wp\/v2\/media\/3419"}],"wp:attachment":[{"href":"https:\/\/1005.com.ar\/index.php\/wp-json\/wp\/v2\/media?parent=3418"}],"wp:term":[{"taxonomy":"category","embeddable":true,"href":"https:\/\/1005.com.ar\/index.php\/wp-json\/wp\/v2\/categories?post=3418"},{"taxonomy":"post_tag","embeddable":true,"href":"https:\/\/1005.com.ar\/index.php\/wp-json\/wp\/v2\/tags?post=3418"}],"curies":[{"name":"wp","href":"https:\/\/api.w.org\/{rel}","templated":true}]}}