{"id":3366,"date":"2022-08-24T23:05:46","date_gmt":"2022-08-25T02:05:46","guid":{"rendered":"https:\/\/1005.com.ar\/?p=3366"},"modified":"2022-08-24T23:05:47","modified_gmt":"2022-08-25T02:05:47","slug":"massa-pesce-y-tombolini-se-reunieron-con-empresas-de-alimentos-bebidas-e-higiene-personal","status":"publish","type":"post","link":"https:\/\/1005.com.ar\/index.php\/2022\/08\/24\/massa-pesce-y-tombolini-se-reunieron-con-empresas-de-alimentos-bebidas-e-higiene-personal\/","title":{"rendered":"Massa, Pesce y Tombolini se reunieron con empresas de alimentos, bebidas e higiene personal"},"content":{"rendered":"\n<p>El encuentro que mantuvieron en el Palacio de Hacienda fue para reforzar el trabajo en conjunto en torno al ordenamiento de precios, el abastecimiento y la previsibilidad en materia de importaciones.<\/p>\n\n\n\n<p><a href=\"https:\/\/www.telam.com.ar\/notas\/202208\/602708-massa-pesce-y-tombolini-empresas-alimentos-precios-bebidas-cuidado-personal.html\">https:\/\/www.telam.com.ar\/notas\/202208\/602708-massa-pesce-y-tombolini-empresas-alimentos-precios-bebidas-cuidado-personal.html<\/a><\/p>\n","protected":false},"excerpt":{"rendered":"<p>El encuentro que mantuvieron en el Palacio de Hacienda fue para reforzar el trabajo en conjunto en torno al ordenamiento<\/p>\n","protected":false},"author":7,"featured_media":3367,"comment_status":"open","ping_status":"closed","sticky":false,"template":"","format":"standard","meta":{"jetpack_post_was_ever_published":false,"_jetpack_newsletter_access":"","_jetpack_dont_email_post_to_subs":false,"_jetpack_newsletter_tier_id":0,"_jetpack_memberships_contains_paywalled_content":false,"_jetpack_memberships_contains_paid_content":false,"footnotes":"","jetpack_publicize_message":"","jetpack_publicize_feature_enabled":true,"jetpack_social_post_already_shared":true,"jetpack_social_options":{"image_generator_settings":{"template":"highway","default_image_id":0,"font":"","enabled":false},"version":2}},"categories":[1],"tags":[],"class_list":["post-3366","post","type-post","status-publish","format-standard","has-post-thumbnail","hentry","category-sin-categoria"],"jetpack_publicize_connections":[],"jetpack_featured_media_url":"https:\/\/1005.com.ar\/wp-content\/uploads\/2022\/08\/6306a9695fbbe_900.jpg","jetpack-related-posts":[{"id":3465,"url":"https:\/\/1005.com.ar\/index.php\/2022\/09\/12\/massa-se-reune-con-georgieva-en-el-fmi-y-con-funcionarios-del-tesoro\/","url_meta":{"origin":3366,"position":0},"title":"Massa se re\u00fane con Georgieva en el FMI y con funcionarios del Tesoro","author":"Julieta Di Rocco","date":"septiembre 12, 2022","format":false,"excerpt":"https:\/\/www.telam.com.ar\/notas\/202209\/604577-massa-washington-georgieva-fmi-pesce-batakis.html","rel":"","context":"En \u00abSin categor\u00eda\u00bb","block_context":{"text":"Sin categor\u00eda","link":"https:\/\/1005.com.ar\/index.php\/category\/sin-categoria\/"},"img":{"alt_text":"","src":"https:\/\/i0.wp.com\/1005.com.ar\/wp-content\/uploads\/2022\/09\/631c8a933d8fb_900.jpg?resize=350%2C200&ssl=1","width":350,"height":200,"srcset":"https:\/\/i0.wp.com\/1005.com.ar\/wp-content\/uploads\/2022\/09\/631c8a933d8fb_900.jpg?resize=350%2C200&ssl=1 1x, https:\/\/i0.wp.com\/1005.com.ar\/wp-content\/uploads\/2022\/09\/631c8a933d8fb_900.jpg?resize=525%2C300&ssl=1 1.5x, https:\/\/i0.wp.com\/1005.com.ar\/wp-content\/uploads\/2022\/09\/631c8a933d8fb_900.jpg?resize=700%2C400&ssl=1 2x"},"classes":[]},{"id":1447,"url":"https:\/\/1005.com.ar\/index.php\/2021\/02\/03\/el-gobierno-convocara-la-semana-que-viene-a-gremios-y-empresas-para-avanzar-en-un-acuerdo-de-precios-y-salarios\/","url_meta":{"origin":3366,"position":1},"title":"El Gobierno convocar\u00e1 la semana que viene a gremios y empresas para avanzar en un acuerdo de precios y salarios","author":"Radio Music","date":"febrero 3, 2021","format":false,"excerpt":"As\u00ed lo resolvi\u00f3 este mi\u00e9rcoles el gabinete econ\u00f3mico. El Poder Ejecutivo busca alinear expectativas de inflaci\u00f3n y de negociaciones paritarias suba de ingresos y aclar\u00f3 que las paritarias no tendr\u00e1n \u201ctecho\u201d","rel":"","context":"En \u00abSin categor\u00eda\u00bb","block_context":{"text":"Sin categor\u00eda","link":"https:\/\/1005.com.ar\/index.php\/category\/sin-categoria\/"},"img":{"alt_text":"","src":"https:\/\/i0.wp.com\/1005.com.ar\/wp-content\/uploads\/2021\/02\/GABINETE_ECONOMICO.jpg?resize=350%2C200&ssl=1","width":350,"height":200,"srcset":"https:\/\/i0.wp.com\/1005.com.ar\/wp-content\/uploads\/2021\/02\/GABINETE_ECONOMICO.jpg?resize=350%2C200&ssl=1 1x, https:\/\/i0.wp.com\/1005.com.ar\/wp-content\/uploads\/2021\/02\/GABINETE_ECONOMICO.jpg?resize=525%2C300&ssl=1 1.5x, https:\/\/i0.wp.com\/1005.com.ar\/wp-content\/uploads\/2021\/02\/GABINETE_ECONOMICO.jpg?resize=700%2C400&ssl=1 2x"},"classes":[]},{"id":3071,"url":"https:\/\/1005.com.ar\/index.php\/2022\/07\/09\/pesce-no-tengo-miedo-a-una-hiperinflacion-no-estan-dadas-las-condiciones\/","url_meta":{"origin":3366,"position":2},"title":"Pesce: \u00abNo tengo miedo a una hiperinflaci\u00f3n, no est\u00e1n dadas las condiciones\u00bb","author":"Julieta Di Rocco","date":"julio 9, 2022","format":false,"excerpt":"El funcionario descart\u00f3 que exista un atraso cambiario y dijo que una de las mayores dificultades que afronta la econom\u00eda es la restricci\u00f3n energ\u00e9tica. https:\/\/www.pagina12.com.ar\/435756-pesce-no-tengo-miedo-a-una-hiperinflacion-no-estan-dadas-las","rel":"","context":"En \u00abSin categor\u00eda\u00bb","block_context":{"text":"Sin categor\u00eda","link":"https:\/\/1005.com.ar\/index.php\/category\/sin-categoria\/"},"img":{"alt_text":"","src":"https:\/\/i0.wp.com\/1005.com.ar\/wp-content\/uploads\/2022\/07\/578033-1637784007211124653-20-281-29.jpg?resize=350%2C200&ssl=1","width":350,"height":200,"srcset":"https:\/\/i0.wp.com\/1005.com.ar\/wp-content\/uploads\/2022\/07\/578033-1637784007211124653-20-281-29.jpg?resize=350%2C200&ssl=1 1x, https:\/\/i0.wp.com\/1005.com.ar\/wp-content\/uploads\/2022\/07\/578033-1637784007211124653-20-281-29.jpg?resize=525%2C300&ssl=1 1.5x, https:\/\/i0.wp.com\/1005.com.ar\/wp-content\/uploads\/2022\/07\/578033-1637784007211124653-20-281-29.jpg?resize=700%2C400&ssl=1 2x"},"classes":[]},{"id":3040,"url":"https:\/\/1005.com.ar\/index.php\/2022\/07\/05\/batakis-se-reunio-con-el-presidente-con-pesce-y-guzman-el-ministro-saliente\/","url_meta":{"origin":3366,"position":3},"title":"Batakis se reuni\u00f3 con el Presidente, con Pesce y Guzm\u00e1n, el ministro saliente","author":"Julieta Di Rocco","date":"julio 5, 2022","format":false,"excerpt":"El futuro, los d\u00f3lares y la herencia Fern\u00e1ndez le pidi\u00f3 objetivos puntuales y coordin\u00f3 el manejo de divisas con el jefe del BCRA. El encuentro con su antecesor. https:\/\/www.pagina12.com.ar\/434448-el-futuro-los-dolares-y-la-herencia","rel":"","context":"En \u00abSin categor\u00eda\u00bb","block_context":{"text":"Sin categor\u00eda","link":"https:\/\/1005.com.ar\/index.php\/category\/sin-categoria\/"},"img":{"alt_text":"","src":"https:\/\/i0.wp.com\/1005.com.ar\/wp-content\/uploads\/2022\/07\/569543-alberto-20batakis.jpg?resize=350%2C200&ssl=1","width":350,"height":200,"srcset":"https:\/\/i0.wp.com\/1005.com.ar\/wp-content\/uploads\/2022\/07\/569543-alberto-20batakis.jpg?resize=350%2C200&ssl=1 1x, https:\/\/i0.wp.com\/1005.com.ar\/wp-content\/uploads\/2022\/07\/569543-alberto-20batakis.jpg?resize=525%2C300&ssl=1 1.5x, https:\/\/i0.wp.com\/1005.com.ar\/wp-content\/uploads\/2022\/07\/569543-alberto-20batakis.jpg?resize=700%2C400&ssl=1 2x"},"classes":[]},{"id":2619,"url":"https:\/\/1005.com.ar\/index.php\/2022\/01\/09\/vuelve-precios-cuidados-la-semana-proxima-con-una-canasta-de-1300-productos\/","url_meta":{"origin":3366,"position":4},"title":"Vuelve Precios Cuidados la semana pr\u00f3xima, con una canasta de 1300 productos","author":"Radio Music","date":"enero 9, 2022","format":false,"excerpt":"Acuerdo con cien empresas tras el congelamiento Se pautaron aumentos mensuales del 2% para el primer trimestre del a\u00f1o, sobre una lista ampliada al doble de productos inclu\u00eddos en el acuerdo vigente hasta octubre pasado. https:\/\/www.pagina12.com.ar\/394070-acuerdo-con-cien-empresas-tras-el-congelamiento","rel":"","context":"En \u00abSin categor\u00eda\u00bb","block_context":{"text":"Sin categor\u00eda","link":"https:\/\/1005.com.ar\/index.php\/category\/sin-categoria\/"},"img":{"alt_text":"","src":"https:\/\/i0.wp.com\/1005.com.ar\/wp-content\/uploads\/2022\/01\/302937-whatsapp-20image-202022-01-07-20at-2018-54-16.jpeg?resize=350%2C200&ssl=1","width":350,"height":200,"srcset":"https:\/\/i0.wp.com\/1005.com.ar\/wp-content\/uploads\/2022\/01\/302937-whatsapp-20image-202022-01-07-20at-2018-54-16.jpeg?resize=350%2C200&ssl=1 1x, https:\/\/i0.wp.com\/1005.com.ar\/wp-content\/uploads\/2022\/01\/302937-whatsapp-20image-202022-01-07-20at-2018-54-16.jpeg?resize=525%2C300&ssl=1 1.5x, https:\/\/i0.wp.com\/1005.com.ar\/wp-content\/uploads\/2022\/01\/302937-whatsapp-20image-202022-01-07-20at-2018-54-16.jpeg?resize=700%2C400&ssl=1 2x"},"classes":[]},{"id":6255,"url":"https:\/\/1005.com.ar\/index.php\/2025\/08\/10\/dolar-y-precios-juntos-a-la-par\/","url_meta":{"origin":3366,"position":5},"title":"D\u00f3lar y precios, juntos a la par","author":"Julieta Di Rocco","date":"agosto 10, 2025","format":false,"excerpt":"Los c\u00e1lculos falsos del Gobierno y el \"desgramaje\" de las empresas, un enga\u00f1o al consumidor https:\/\/www.pagina12.com.ar\/848581-dolar-y-precios-juntos-a-la-par","rel":"","context":"En \u00abSin categor\u00eda\u00bb","block_context":{"text":"Sin categor\u00eda","link":"https:\/\/1005.com.ar\/index.php\/category\/sin-categoria\/"},"img":{"alt_text":"","src":"https:\/\/i0.wp.com\/1005.com.ar\/wp-content\/uploads\/2025\/08\/961882-gondola_0.jpg?resize=350%2C200&ssl=1","width":350,"height":200,"srcset":"https:\/\/i0.wp.com\/1005.com.ar\/wp-content\/uploads\/2025\/08\/961882-gondola_0.jpg?resize=350%2C200&ssl=1 1x, https:\/\/i0.wp.com\/1005.com.ar\/wp-content\/uploads\/2025\/08\/961882-gondola_0.jpg?resize=525%2C300&ssl=1 1.5x, https:\/\/i0.wp.com\/1005.com.ar\/wp-content\/uploads\/2025\/08\/961882-gondola_0.jpg?resize=700%2C400&ssl=1 2x"},"classes":[]}],"jetpack_likes_enabled":true,"jetpack_sharing_enabled":true,"_links":{"self":[{"href":"https:\/\/1005.com.ar\/index.php\/wp-json\/wp\/v2\/posts\/3366","targetHints":{"allow":["GET"]}}],"collection":[{"href":"https:\/\/1005.com.ar\/index.php\/wp-json\/wp\/v2\/posts"}],"about":[{"href":"https:\/\/1005.com.ar\/index.php\/wp-json\/wp\/v2\/types\/post"}],"author":[{"embeddable":true,"href":"https:\/\/1005.com.ar\/index.php\/wp-json\/wp\/v2\/users\/7"}],"replies":[{"embeddable":true,"href":"https:\/\/1005.com.ar\/index.php\/wp-json\/wp\/v2\/comments?post=3366"}],"version-history":[{"count":1,"href":"https:\/\/1005.com.ar\/index.php\/wp-json\/wp\/v2\/posts\/3366\/revisions"}],"predecessor-version":[{"id":3368,"href":"https:\/\/1005.com.ar\/index.php\/wp-json\/wp\/v2\/posts\/3366\/revisions\/3368"}],"wp:featuredmedia":[{"embeddable":true,"href":"https:\/\/1005.com.ar\/index.php\/wp-json\/wp\/v2\/media\/3367"}],"wp:attachment":[{"href":"https:\/\/1005.com.ar\/index.php\/wp-json\/wp\/v2\/media?parent=3366"}],"wp:term":[{"taxonomy":"category","embeddable":true,"href":"https:\/\/1005.com.ar\/index.php\/wp-json\/wp\/v2\/categories?post=3366"},{"taxonomy":"post_tag","embeddable":true,"href":"https:\/\/1005.com.ar\/index.php\/wp-json\/wp\/v2\/tags?post=3366"}],"curies":[{"name":"wp","href":"https:\/\/api.w.org\/{rel}","templated":true}]}}