{"id":3302,"date":"2022-08-09T10:07:04","date_gmt":"2022-08-09T13:07:04","guid":{"rendered":"https:\/\/1005.com.ar\/?p=3302"},"modified":"2022-08-09T10:07:07","modified_gmt":"2022-08-09T13:07:07","slug":"chiquito-romero-realiza-su-primera-practica-en-boca","status":"publish","type":"post","link":"https:\/\/1005.com.ar\/index.php\/2022\/08\/09\/chiquito-romero-realiza-su-primera-practica-en-boca\/","title":{"rendered":"\u00abChiquito\u00bb Romero realiza su primera pr\u00e1ctica en Boca"},"content":{"rendered":"\n<p>La dirigencia xenieze apur\u00f3 la contrataci\u00f3n de Romero por la situaci\u00f3n del arquero titular, Agust\u00edn Rossi, quien no arregl\u00f3 la renovaci\u00f3n de su contrato y podr\u00e1 quedar libre el 30 de junio de 2023.<\/p>\n\n\n\n<p><\/p>\n","protected":false},"excerpt":{"rendered":"<p>La dirigencia xenieze apur\u00f3 la contrataci\u00f3n de Romero por la situaci\u00f3n del arquero titular, Agust\u00edn Rossi, quien no arregl\u00f3 la<\/p>\n","protected":false},"author":7,"featured_media":3303,"comment_status":"open","ping_status":"closed","sticky":false,"template":"","format":"standard","meta":{"jetpack_post_was_ever_published":false,"_jetpack_newsletter_access":"","_jetpack_dont_email_post_to_subs":false,"_jetpack_newsletter_tier_id":0,"_jetpack_memberships_contains_paywalled_content":false,"_jetpack_memberships_contains_paid_content":false,"footnotes":"","jetpack_publicize_message":"","jetpack_publicize_feature_enabled":true,"jetpack_social_post_already_shared":true,"jetpack_social_options":{"image_generator_settings":{"template":"highway","default_image_id":0,"font":"","enabled":false},"version":2}},"categories":[1],"tags":[],"class_list":["post-3302","post","type-post","status-publish","format-standard","has-post-thumbnail","hentry","category-sin-categoria"],"jetpack_publicize_connections":[],"jetpack_featured_media_url":"https:\/\/1005.com.ar\/wp-content\/uploads\/2022\/08\/FZrZ30LWYAIQKG-.jpg","jetpack-related-posts":[{"id":4340,"url":"https:\/\/1005.com.ar\/index.php\/2023\/09\/11\/boca-penales-y-chiquito-romero-para-que-mas\/","url_meta":{"origin":3302,"position":0},"title":"Boca: penales y Chiquito Romero, \u00bfpara qu\u00e9 m\u00e1s?","author":"Julieta Di Rocco","date":"septiembre 11, 2023","format":false,"excerpt":"https:\/\/www.pagina12.com.ar\/586778-penales-y-chiquito-romero-la-formula-ganadora-de-boca-una-ve","rel":"","context":"En \u00abSin categor\u00eda\u00bb","block_context":{"text":"Sin categor\u00eda","link":"https:\/\/1005.com.ar\/index.php\/category\/sin-categoria\/"},"img":{"alt_text":"","src":"https:\/\/i0.wp.com\/1005.com.ar\/wp-content\/uploads\/2023\/09\/766600-whatsapp-20image-202023-09-10-20at-2019-58-47.jpeg?resize=350%2C200&ssl=1","width":350,"height":200,"srcset":"https:\/\/i0.wp.com\/1005.com.ar\/wp-content\/uploads\/2023\/09\/766600-whatsapp-20image-202023-09-10-20at-2019-58-47.jpeg?resize=350%2C200&ssl=1 1x, https:\/\/i0.wp.com\/1005.com.ar\/wp-content\/uploads\/2023\/09\/766600-whatsapp-20image-202023-09-10-20at-2019-58-47.jpeg?resize=525%2C300&ssl=1 1.5x, https:\/\/i0.wp.com\/1005.com.ar\/wp-content\/uploads\/2023\/09\/766600-whatsapp-20image-202023-09-10-20at-2019-58-47.jpeg?resize=700%2C400&ssl=1 2x"},"classes":[]},{"id":1437,"url":"https:\/\/1005.com.ar\/index.php\/2021\/02\/01\/crimen-de-villa-gesell-los-rugbiers-no-quieren-ser-juzgados-por-un-jurado-popular\/","url_meta":{"origin":3302,"position":1},"title":"Crimen de Villa Gesell: los rugbiers no quieren ser juzgados por un jurado popular","author":"Radio Music","date":"febrero 1, 2021","format":false,"excerpt":"Bajo el argumento que existe sobre ellos \"una incuestionable y lapidaria condena social\"","rel":"","context":"En \u00abSin categor\u00eda\u00bb","block_context":{"text":"Sin categor\u00eda","link":"https:\/\/1005.com.ar\/index.php\/category\/sin-categoria\/"},"img":{"alt_text":"","src":"https:\/\/i0.wp.com\/1005.com.ar\/wp-content\/uploads\/2021\/02\/Rugbiers-Villa-Gesell-1024x682-1.jpg?resize=350%2C200&ssl=1","width":350,"height":200,"srcset":"https:\/\/i0.wp.com\/1005.com.ar\/wp-content\/uploads\/2021\/02\/Rugbiers-Villa-Gesell-1024x682-1.jpg?resize=350%2C200&ssl=1 1x, https:\/\/i0.wp.com\/1005.com.ar\/wp-content\/uploads\/2021\/02\/Rugbiers-Villa-Gesell-1024x682-1.jpg?resize=525%2C300&ssl=1 1.5x, https:\/\/i0.wp.com\/1005.com.ar\/wp-content\/uploads\/2021\/02\/Rugbiers-Villa-Gesell-1024x682-1.jpg?resize=700%2C400&ssl=1 2x"},"classes":[]},{"id":5355,"url":"https:\/\/1005.com.ar\/index.php\/2024\/07\/28\/la-emocion-de-martin-demichelis-al-ingresar-al-banco-en-su-ultimo-partido-como-dt-en-river-de-la-ovacion-y-su-look-a-las-lagrimas-de-su-hijo-bastian\/","url_meta":{"origin":3302,"position":2},"title":"La emoci\u00f3n de Mart\u00edn Demichelis al ingresar al banco en su \u00faltimo partido como DT en River: de la ovaci\u00f3n y su look a las l\u00e1grimas de su hijo Bastian","author":"Julieta Di Rocco","date":"julio 28, 2024","format":false,"excerpt":"https:\/\/www.infobae.com\/deportes\/2024\/07\/28\/la-emocion-de-martin-demichelis-al-ingresar-al-banco-en-su-ultimo-partido-como-dt-en-river-de-la-ovacion-y-su-look-a-las-lagrimas-de-su-hijo-bastian","rel":"","context":"En \u00abSin categor\u00eda\u00bb","block_context":{"text":"Sin categor\u00eda","link":"https:\/\/1005.com.ar\/index.php\/category\/sin-categoria\/"},"img":{"alt_text":"","src":"https:\/\/i0.wp.com\/1005.com.ar\/wp-content\/uploads\/2024\/07\/YE6J5DKSLBCYVN6FVB77OGJ7JQ.jpg?resize=350%2C200&ssl=1","width":350,"height":200,"srcset":"https:\/\/i0.wp.com\/1005.com.ar\/wp-content\/uploads\/2024\/07\/YE6J5DKSLBCYVN6FVB77OGJ7JQ.jpg?resize=350%2C200&ssl=1 1x, https:\/\/i0.wp.com\/1005.com.ar\/wp-content\/uploads\/2024\/07\/YE6J5DKSLBCYVN6FVB77OGJ7JQ.jpg?resize=525%2C300&ssl=1 1.5x, https:\/\/i0.wp.com\/1005.com.ar\/wp-content\/uploads\/2024\/07\/YE6J5DKSLBCYVN6FVB77OGJ7JQ.jpg?resize=700%2C400&ssl=1 2x"},"classes":[]},{"id":2600,"url":"https:\/\/1005.com.ar\/index.php\/2022\/01\/01\/lionel-messi-su-balance-del-ano-el-virus-de-mierda-y-su-deseo-para-este-2022\/","url_meta":{"origin":3302,"position":3},"title":"Lionel Messi: su balance del a\u00f1o, \u201cel virus de mierda\u201d y su deseo para este 2022","author":"Radio Music","date":"enero 1, 2022","format":false,"excerpt":"La Pulga vivi\u00f3 una monta\u00f1a rusa de sentimientos. De su salida del Barcelona al desembarco en el Par\u00eds Saint Germain y su gran alegr\u00eda: la Copa Am\u00e9rica https:\/\/www.infobae.com\/america\/deportes\/2022\/01\/01\/lionel-messi-su-balance-del-ano-el-virus-de-mierda-y-su-deseo-para-este-2022\/","rel":"","context":"En \u00abSin categor\u00eda\u00bb","block_context":{"text":"Sin categor\u00eda","link":"https:\/\/1005.com.ar\/index.php\/category\/sin-categoria\/"},"img":{"alt_text":"","src":"","width":0,"height":0},"classes":[]},{"id":3722,"url":"https:\/\/1005.com.ar\/index.php\/2023\/01\/12\/polemica-por-la-cancion-de-shakira-su-letra-contra-pique-y-su-novia-genero-una-nueva-grieta\/","url_meta":{"origin":3302,"position":4},"title":"Pol\u00e9mica por la canci\u00f3n de Shakira: su letra contra Piqu\u00e9 y su novia gener\u00f3 una nueva grieta","author":"Julieta Di Rocco","date":"enero 12, 2023","format":false,"excerpt":"https:\/\/www.infobae.com\/teleshow\/2023\/01\/12\/polemica-por-la-cancion-de-shakira-su-letra-contra-pique-y-su-novia-genero-una-nueva-grieta\/","rel":"","context":"En \u00abSin categor\u00eda\u00bb","block_context":{"text":"Sin categor\u00eda","link":"https:\/\/1005.com.ar\/index.php\/category\/sin-categoria\/"},"img":{"alt_text":"","src":"https:\/\/i0.wp.com\/1005.com.ar\/wp-content\/uploads\/2023\/01\/images-73.jpg?resize=350%2C200&ssl=1","width":350,"height":200},"classes":[]},{"id":6381,"url":"https:\/\/1005.com.ar\/index.php\/2025\/09\/14\/colapinto-intimo-su-mejor-amigo-en-la-f1-las-tres-leyendas-que-invitaria-a-cenar-y-el-mejor-momento-desde-su-debut\/","url_meta":{"origin":3302,"position":5},"title":"Colapinto, \u00edntimo: su mejor amigo en la F1, las tres leyendas que invitar\u00eda a cenar y el mejor momento desde su debut","author":"Julieta Di Rocco","date":"septiembre 14, 2025","format":false,"excerpt":"https:\/\/www.infobae.com\/deportes\/2025\/09\/14\/colapinto-intimo-su-mejor-amigo-en-la-f1-las-tres-leyendas-que-invitaria-a-cenar-y-el-mejor-momento-desde-su-debut","rel":"","context":"En \u00abSin categor\u00eda\u00bb","block_context":{"text":"Sin categor\u00eda","link":"https:\/\/1005.com.ar\/index.php\/category\/sin-categoria\/"},"img":{"alt_text":"","src":"","width":0,"height":0},"classes":[]}],"jetpack_likes_enabled":true,"jetpack_sharing_enabled":true,"_links":{"self":[{"href":"https:\/\/1005.com.ar\/index.php\/wp-json\/wp\/v2\/posts\/3302","targetHints":{"allow":["GET"]}}],"collection":[{"href":"https:\/\/1005.com.ar\/index.php\/wp-json\/wp\/v2\/posts"}],"about":[{"href":"https:\/\/1005.com.ar\/index.php\/wp-json\/wp\/v2\/types\/post"}],"author":[{"embeddable":true,"href":"https:\/\/1005.com.ar\/index.php\/wp-json\/wp\/v2\/users\/7"}],"replies":[{"embeddable":true,"href":"https:\/\/1005.com.ar\/index.php\/wp-json\/wp\/v2\/comments?post=3302"}],"version-history":[{"count":1,"href":"https:\/\/1005.com.ar\/index.php\/wp-json\/wp\/v2\/posts\/3302\/revisions"}],"predecessor-version":[{"id":3304,"href":"https:\/\/1005.com.ar\/index.php\/wp-json\/wp\/v2\/posts\/3302\/revisions\/3304"}],"wp:featuredmedia":[{"embeddable":true,"href":"https:\/\/1005.com.ar\/index.php\/wp-json\/wp\/v2\/media\/3303"}],"wp:attachment":[{"href":"https:\/\/1005.com.ar\/index.php\/wp-json\/wp\/v2\/media?parent=3302"}],"wp:term":[{"taxonomy":"category","embeddable":true,"href":"https:\/\/1005.com.ar\/index.php\/wp-json\/wp\/v2\/categories?post=3302"},{"taxonomy":"post_tag","embeddable":true,"href":"https:\/\/1005.com.ar\/index.php\/wp-json\/wp\/v2\/tags?post=3302"}],"curies":[{"name":"wp","href":"https:\/\/api.w.org\/{rel}","templated":true}]}}