{"id":3265,"date":"2022-08-03T16:15:36","date_gmt":"2022-08-03T19:15:36","guid":{"rendered":"https:\/\/1005.com.ar\/?p=3265"},"modified":"2022-08-03T16:15:39","modified_gmt":"2022-08-03T19:15:39","slug":"la-familia-de-santiago-maldonado-apelo-el-archivo-de-la-causa-por-espionaje","status":"publish","type":"post","link":"https:\/\/1005.com.ar\/index.php\/2022\/08\/03\/la-familia-de-santiago-maldonado-apelo-el-archivo-de-la-causa-por-espionaje\/","title":{"rendered":"La familia de Santiago Maldonado apel\u00f3 el archivo de la causa por espionaje"},"content":{"rendered":"\n<p>La presentaci\u00f3n ante la C\u00e1mara Federal busca revertir el fallo que benefici\u00f3 a exfuncionarios de Patricia Bullrich<\/p>\n\n\n\n<p><a href=\"https:\/\/www.pagina12.com.ar\/442110-la-familia-de-santiago-maldonado-apelo-el-archivo-de-la-caus\">https:\/\/www.pagina12.com.ar\/442110-la-familia-de-santiago-maldonado-apelo-el-archivo-de-la-caus<\/a><\/p>\n","protected":false},"excerpt":{"rendered":"<p>La presentaci\u00f3n ante la C\u00e1mara Federal busca revertir el fallo que benefici\u00f3 a exfuncionarios de Patricia Bullrich https:\/\/www.pagina12.com.ar\/442110-la-familia-de-santiago-maldonado-apelo-el-archivo-de-la-caus<\/p>\n","protected":false},"author":7,"featured_media":3266,"comment_status":"open","ping_status":"closed","sticky":false,"template":"","format":"standard","meta":{"jetpack_post_was_ever_published":false,"_jetpack_newsletter_access":"","_jetpack_dont_email_post_to_subs":false,"_jetpack_newsletter_tier_id":0,"_jetpack_memberships_contains_paywalled_content":false,"_jetpack_memberships_contains_paid_content":false,"footnotes":"","jetpack_publicize_message":"","jetpack_publicize_feature_enabled":true,"jetpack_social_post_already_shared":true,"jetpack_social_options":{"image_generator_settings":{"template":"highway","default_image_id":0,"font":"","enabled":false},"version":2}},"categories":[1],"tags":[],"class_list":["post-3265","post","type-post","status-publish","format-standard","has-post-thumbnail","hentry","category-sin-categoria"],"jetpack_publicize_connections":[],"jetpack_featured_media_url":"https:\/\/1005.com.ar\/wp-content\/uploads\/2022\/08\/594812-14bb_0.jpg","jetpack-related-posts":[{"id":3899,"url":"https:\/\/1005.com.ar\/index.php\/2023\/02\/08\/caso-santiago-maldonado-el-intendente-de-25-de-mayo-revelo-amenazas-que-recibio-de-patricia-bullrich-y-milman\/","url_meta":{"origin":3265,"position":0},"title":"Caso Santiago Maldonado: el intendente de 25 de Mayo revel\u00f3 amenazas que recibi\u00f3 de Patricia Bullrich y Milman","author":"Julieta Di Rocco","date":"febrero 8, 2023","format":false,"excerpt":"https:\/\/www.c5n.com\/politica\/caso-santiago-maldonado-el-intendente-25-mayo-revelo-amenazas-que-recibio-patricia-bullrich-y-milman-n98798","rel":"","context":"En \u00abSin categor\u00eda\u00bb","block_context":{"text":"Sin categor\u00eda","link":"https:\/\/1005.com.ar\/index.php\/category\/sin-categoria\/"},"img":{"alt_text":"","src":"","width":0,"height":0},"classes":[]},{"id":2127,"url":"https:\/\/1005.com.ar\/index.php\/2021\/07\/04\/astor-piazzolla-momentos-el-libro-de-maria-seoane-y-victor-hugo-morales\/","url_meta":{"origin":3265,"position":1},"title":"\u00abAstor Piazzolla. Momentos\u00bb: el libro de Mar\u00eda Seoane y V\u00edctor Hugo Morales","author":"Radio Music","date":"julio 4, 2021","format":false,"excerpt":"Dos lanzamientos de Editorial Octubre celebran al gran bandoneonista y compositor en el centenario de su nacimiento: \"Astor Piazzolla. Momentos\", el libro de Mar\u00eda Seoane y V\u00edctor Hugo Morales, con encuadernaci\u00f3n de lujo y gran despliegue fotogr\u00e1fico, y la reedici\u00f3n en vinilo de \"Piazzolla y su Quinteto en el Teatro\u2026","rel":"","context":"En \u00abSin categor\u00eda\u00bb","block_context":{"text":"Sin categor\u00eda","link":"https:\/\/1005.com.ar\/index.php\/category\/sin-categoria\/"},"img":{"alt_text":"","src":"","width":0,"height":0},"classes":[]},{"id":4840,"url":"https:\/\/1005.com.ar\/index.php\/2024\/03\/16\/asi-se-invento-el-camino-de-santiago-la-operacion-politica-franquista-para-armar-un-destino-turistico\/","url_meta":{"origin":3265,"position":2},"title":"As\u00ed se invent\u00f3 el Camino de Santiago: la operaci\u00f3n pol\u00edtica franquista para armar un destino tur\u00edstico","author":"Julieta Di Rocco","date":"marzo 16, 2024","format":false,"excerpt":"Mitos y falsedades de las peregrinaciones a Compostela https:\/\/www.pagina12.com.ar\/708196-asi-se-invento-el-camino-de-santiago-la-operacion-politica-f","rel":"","context":"En \u00abSin categor\u00eda\u00bb","block_context":{"text":"Sin categor\u00eda","link":"https:\/\/1005.com.ar\/index.php\/category\/sin-categoria\/"},"img":{"alt_text":"","src":"https:\/\/i0.wp.com\/1005.com.ar\/wp-content\/uploads\/2024\/03\/811520-whatsapp-20image-202024-01-29-20at-2010-16-41-20am.jpeg?resize=350%2C200&ssl=1","width":350,"height":200,"srcset":"https:\/\/i0.wp.com\/1005.com.ar\/wp-content\/uploads\/2024\/03\/811520-whatsapp-20image-202024-01-29-20at-2010-16-41-20am.jpeg?resize=350%2C200&ssl=1 1x, https:\/\/i0.wp.com\/1005.com.ar\/wp-content\/uploads\/2024\/03\/811520-whatsapp-20image-202024-01-29-20at-2010-16-41-20am.jpeg?resize=525%2C300&ssl=1 1.5x, https:\/\/i0.wp.com\/1005.com.ar\/wp-content\/uploads\/2024\/03\/811520-whatsapp-20image-202024-01-29-20at-2010-16-41-20am.jpeg?resize=700%2C400&ssl=1 2x"},"classes":[]},{"id":2672,"url":"https:\/\/1005.com.ar\/index.php\/2022\/02\/24\/se-estrena-este-jueves-24\/","url_meta":{"origin":3265,"position":3},"title":"Se estrena este jueves 24","author":"Radio Music","date":"febrero 24, 2022","format":false,"excerpt":"\u201cBilardo: el doctor del f\u00fatbol\u201d en HBO Max: Gatorei para todos Con un impactante trabajo de producci\u00f3n y archivo, el documental recorre la vida y obra del t\u00e9cnico que marc\u00f3 una bisagra en la historia del f\u00fatbol argentino. Y no escapa a sus claroscuros. https:\/\/www.pagina12.com.ar\/403535-bilardo-el-doctor-del-futbol-en-hbo-max-gatorei-para-todos","rel":"","context":"En \u00abSin categor\u00eda\u00bb","block_context":{"text":"Sin categor\u00eda","link":"https:\/\/1005.com.ar\/index.php\/category\/sin-categoria\/"},"img":{"alt_text":"","src":"https:\/\/i0.wp.com\/1005.com.ar\/wp-content\/uploads\/2022\/02\/368279-bilardo.jpeg?resize=350%2C200&ssl=1","width":350,"height":200,"srcset":"https:\/\/i0.wp.com\/1005.com.ar\/wp-content\/uploads\/2022\/02\/368279-bilardo.jpeg?resize=350%2C200&ssl=1 1x, https:\/\/i0.wp.com\/1005.com.ar\/wp-content\/uploads\/2022\/02\/368279-bilardo.jpeg?resize=525%2C300&ssl=1 1.5x, https:\/\/i0.wp.com\/1005.com.ar\/wp-content\/uploads\/2022\/02\/368279-bilardo.jpeg?resize=700%2C400&ssl=1 2x"},"classes":[]},{"id":2097,"url":"https:\/\/1005.com.ar\/index.php\/2021\/06\/20\/santiago-cafiero-nunca-pensamos-que-macri-pudiera-llegar-a-ese-nivel-de-crueldad\/","url_meta":{"origin":3265,"position":4},"title":"Santiago Cafiero:  \u201cNunca pensamos que Macri pudiera llegar a ese nivel de crueldad\u00bb","author":"Radio Music","date":"junio 20, 2021","format":false,"excerpt":"El jefe de Gabinete de Ministros de la Naci\u00f3n,\u00a0Santiago Cafiero\u00a0cuestion\u00f3\u00a0los \u00faltimos dichos del expresidente\u00a0Mauricio Macri\u00a0sobre el coronavirus, quien defini\u00f3 a la enfermedad que caus\u00f3 m\u00e1s de 80 mil muertes en el pa\u00eds como una \"gripe\".\u00a0 \u201cLa insensibilidad del ex presidente no nos llama la atenci\u00f3n pero nunca pensamos que pudiera\u2026","rel":"","context":"En \u00abSin categor\u00eda\u00bb","block_context":{"text":"Sin categor\u00eda","link":"https:\/\/1005.com.ar\/index.php\/category\/sin-categoria\/"},"img":{"alt_text":"","src":"","width":0,"height":0},"classes":[]},{"id":1425,"url":"https:\/\/1005.com.ar\/index.php\/2021\/02\/01\/santiago-cafiero-y-la-discusion-sobre-las-vacunas-contra-el-coronavirus-ha-sido-nefasta\/","url_meta":{"origin":3265,"position":5},"title":"Santiago Cafiero y la discusi\u00f3n sobre las vacunas contra el coronavirus: \u00abHa sido nefasta\u00bb","author":"Radio Music","date":"febrero 1, 2021","format":false,"excerpt":"El jefe de Gabinete dijo que la oposici\u00f3n intent\u00f3 ideologizar el tema","rel":"","context":"En \u00abSin categor\u00eda\u00bb","block_context":{"text":"Sin categor\u00eda","link":"https:\/\/1005.com.ar\/index.php\/category\/sin-categoria\/"},"img":{"alt_text":"","src":"","width":0,"height":0},"classes":[]}],"jetpack_likes_enabled":true,"jetpack_sharing_enabled":true,"_links":{"self":[{"href":"https:\/\/1005.com.ar\/index.php\/wp-json\/wp\/v2\/posts\/3265","targetHints":{"allow":["GET"]}}],"collection":[{"href":"https:\/\/1005.com.ar\/index.php\/wp-json\/wp\/v2\/posts"}],"about":[{"href":"https:\/\/1005.com.ar\/index.php\/wp-json\/wp\/v2\/types\/post"}],"author":[{"embeddable":true,"href":"https:\/\/1005.com.ar\/index.php\/wp-json\/wp\/v2\/users\/7"}],"replies":[{"embeddable":true,"href":"https:\/\/1005.com.ar\/index.php\/wp-json\/wp\/v2\/comments?post=3265"}],"version-history":[{"count":1,"href":"https:\/\/1005.com.ar\/index.php\/wp-json\/wp\/v2\/posts\/3265\/revisions"}],"predecessor-version":[{"id":3267,"href":"https:\/\/1005.com.ar\/index.php\/wp-json\/wp\/v2\/posts\/3265\/revisions\/3267"}],"wp:featuredmedia":[{"embeddable":true,"href":"https:\/\/1005.com.ar\/index.php\/wp-json\/wp\/v2\/media\/3266"}],"wp:attachment":[{"href":"https:\/\/1005.com.ar\/index.php\/wp-json\/wp\/v2\/media?parent=3265"}],"wp:term":[{"taxonomy":"category","embeddable":true,"href":"https:\/\/1005.com.ar\/index.php\/wp-json\/wp\/v2\/categories?post=3265"},{"taxonomy":"post_tag","embeddable":true,"href":"https:\/\/1005.com.ar\/index.php\/wp-json\/wp\/v2\/tags?post=3265"}],"curies":[{"name":"wp","href":"https:\/\/api.w.org\/{rel}","templated":true}]}}