{"id":3259,"date":"2022-08-01T12:43:18","date_gmt":"2022-08-01T15:43:18","guid":{"rendered":"https:\/\/1005.com.ar\/?p=3259"},"modified":"2022-08-01T12:43:20","modified_gmt":"2022-08-01T15:43:20","slug":"juicio-a-cristina-kirchner-en-vivo-el-fiscal-aseguro-que-nestor-y-cristina-instalaron-una-de-las-matrices-mas-extraordinarias-de-corrupcion","status":"publish","type":"post","link":"https:\/\/1005.com.ar\/index.php\/2022\/08\/01\/juicio-a-cristina-kirchner-en-vivo-el-fiscal-aseguro-que-nestor-y-cristina-instalaron-una-de-las-matrices-mas-extraordinarias-de-corrupcion\/","title":{"rendered":"Juicio a Cristina Kirchner, EN VIVO: el fiscal asegur\u00f3 que \u201cN\u00e9stor y Cristina instalaron una de las matrices m\u00e1s extraordinarias de corrupci\u00f3n\u201d"},"content":{"rendered":"\n<p>La ex presidenta est\u00e1 conectada desde su despacho en el Senado.<\/p>\n\n\n\n<p><a href=\"https:\/\/www.clarin.com\/politica\/juicio-cristina-kirchner-vivo-fiscal-aseguro-nestor-cristina-instalaron-matrices-extraordinarias-corrupcion-_0_89kgnjl6fi.html\">https:\/\/www.clarin.com\/politica\/juicio-cristina-kirchner-vivo-fiscal-aseguro-nestor-cristina-instalaron-matrices-extraordinarias-corrupcion-_0_89kgnjl6fi.html<\/a><\/p>\n","protected":false},"excerpt":{"rendered":"<p>La ex presidenta est\u00e1 conectada desde su despacho en el Senado. https:\/\/www.clarin.com\/politica\/juicio-cristina-kirchner-vivo-fiscal-aseguro-nestor-cristina-instalaron-matrices-extraordinarias-corrupcion-_0_89kgnjl6fi.html<\/p>\n","protected":false},"author":7,"featured_media":3260,"comment_status":"open","ping_status":"closed","sticky":false,"template":"","format":"standard","meta":{"jetpack_post_was_ever_published":false,"_jetpack_newsletter_access":"","_jetpack_dont_email_post_to_subs":false,"_jetpack_newsletter_tier_id":0,"_jetpack_memberships_contains_paywalled_content":false,"_jetpack_memberships_contains_paid_content":false,"footnotes":"","jetpack_publicize_message":"","jetpack_publicize_feature_enabled":true,"jetpack_social_post_already_shared":true,"jetpack_social_options":{"image_generator_settings":{"template":"highway","default_image_id":0,"font":"","enabled":false},"version":2}},"categories":[1],"tags":[],"class_list":["post-3259","post","type-post","status-publish","format-standard","has-post-thumbnail","hentry","category-sin-categoria"],"jetpack_publicize_connections":[],"jetpack_featured_media_url":"https:\/\/1005.com.ar\/wp-content\/uploads\/2022\/08\/RRKLJCZ6NRG63DMDLRLKAVPPLQ.webp","jetpack-related-posts":[{"id":3318,"url":"https:\/\/1005.com.ar\/index.php\/2022\/08\/11\/las-pruebas-que-el-fiscal-luciani-nunca-probo-en-el-juicio-contra-cristina-kirchner\/","url_meta":{"origin":3259,"position":0},"title":"Las \u00abpruebas\u00bb que el fiscal Luciani nunca prob\u00f3 en el juicio contra Cristina Kirchner\u00a0","author":"Julieta Di Rocco","date":"agosto 11, 2022","format":false,"excerpt":"El sorprendente show por los pagos anticipados de las obras https:\/\/www.pagina12.com.ar\/472431-las-pruebas-que-el-fiscal-luciani-nunca-probo-en-el-juicio-c","rel":"","context":"En \u00abSin categor\u00eda\u00bb","block_context":{"text":"Sin categor\u00eda","link":"https:\/\/1005.com.ar\/index.php\/category\/sin-categoria\/"},"img":{"alt_text":"","src":"https:\/\/i0.wp.com\/1005.com.ar\/wp-content\/uploads\/2022\/08\/603802-whatsapp-20image-202022-08-10-20at-208-35-37-20pm-0.jpeg?resize=350%2C200&ssl=1","width":350,"height":200,"srcset":"https:\/\/i0.wp.com\/1005.com.ar\/wp-content\/uploads\/2022\/08\/603802-whatsapp-20image-202022-08-10-20at-208-35-37-20pm-0.jpeg?resize=350%2C200&ssl=1 1x, https:\/\/i0.wp.com\/1005.com.ar\/wp-content\/uploads\/2022\/08\/603802-whatsapp-20image-202022-08-10-20at-208-35-37-20pm-0.jpeg?resize=525%2C300&ssl=1 1.5x, https:\/\/i0.wp.com\/1005.com.ar\/wp-content\/uploads\/2022\/08\/603802-whatsapp-20image-202022-08-10-20at-208-35-37-20pm-0.jpeg?resize=700%2C400&ssl=1 2x"},"classes":[]},{"id":3290,"url":"https:\/\/1005.com.ar\/index.php\/2022\/08\/09\/por-que-cristina-kirchner-recuso-al-juez-y-al-fiscal-que-jugaban-al-futbol-en-la-quinta-de-macri\/","url_meta":{"origin":3259,"position":1},"title":"Por qu\u00e9 Cristina Kirchner recus\u00f3 al juez y al fiscal que jugaban al f\u00fatbol en la quinta de Macri","author":"Julieta Di Rocco","date":"agosto 9, 2022","format":false,"excerpt":"\"Impulsar una causa como fiscal para que la resuelva un Juez amigo, no es un comportamiento inocuo\", asegur\u00f3 la defensa de la ex presidenta, que tambi\u00e9n destac\u00f3 que el camarista Llorens, que frena las causas contra Macri e impulsa las de sus enemigos, juega como arquero en el mismo equipo.\u2026","rel":"","context":"En \u00abSin categor\u00eda\u00bb","block_context":{"text":"Sin categor\u00eda","link":"https:\/\/1005.com.ar\/index.php\/category\/sin-categoria\/"},"img":{"alt_text":"","src":"","width":0,"height":0},"classes":[]},{"id":3487,"url":"https:\/\/1005.com.ar\/index.php\/2022\/09\/23\/juicio-por-la-causa-vialidad-cristina-kirchner-dijo-que-se-desmontaron-las-mentiras-de-los-fiscales-luciani-y-mola\/","url_meta":{"origin":3259,"position":2},"title":"Juicio por la causa Vialidad: Cristina Kirchner dijo que\u00a0\u00abse desmontaron las mentiras de los fiscales Luciani y Mola\u201d","author":"Julieta Di Rocco","date":"septiembre 23, 2022","format":false,"excerpt":"La vicepresidenta tom\u00f3 la palabra como abogada de s\u00ed misma https:\/\/www.pagina12.com.ar\/484196-cristina-kirchner-declara-como-abogada-de-si-misma-en-vialid","rel":"","context":"En \u00abSin categor\u00eda\u00bb","block_context":{"text":"Sin categor\u00eda","link":"https:\/\/1005.com.ar\/index.php\/category\/sin-categoria\/"},"img":{"alt_text":"","src":"","width":0,"height":0},"classes":[]},{"id":3584,"url":"https:\/\/1005.com.ar\/index.php\/2022\/11\/14\/la-reaccion-de-cristina-kirchner-ante-la-negativa-del-fiscal-diego-luciani-de-replicar-los-alegatos-de-la-defensa\/","url_meta":{"origin":3259,"position":3},"title":"La reacci\u00f3n de Cristina Kirchner ante la negativa del fiscal Diego Luciani de replicar los alegatos de la defensa","author":"Julieta Di Rocco","date":"noviembre 14, 2022","format":false,"excerpt":"La vicepresidenta dej\u00f3 en evidencia la actitud de Luciani: el fiscal no quiso dar respuesta ante las pruebas\u00a0documentales, testimoniales y periciales que derrumbaron la acusaci\u00f3n de los funcionarios del Ministerio P\u00fablico Fiscal. https:\/\/www.pagina12.com.ar\/497616-la-reaccion-de-cristina-kirchner-ante-la-negativa-del-fiscal","rel":"","context":"En \u00abSin categor\u00eda\u00bb","block_context":{"text":"Sin categor\u00eda","link":"https:\/\/1005.com.ar\/index.php\/category\/sin-categoria\/"},"img":{"alt_text":"","src":"https:\/\/i0.wp.com\/1005.com.ar\/wp-content\/uploads\/2022\/11\/668769-whatsapp-20image-202022-11-14-20at-204-35-49-20pm.jpeg?resize=350%2C200&ssl=1","width":350,"height":200,"srcset":"https:\/\/i0.wp.com\/1005.com.ar\/wp-content\/uploads\/2022\/11\/668769-whatsapp-20image-202022-11-14-20at-204-35-49-20pm.jpeg?resize=350%2C200&ssl=1 1x, https:\/\/i0.wp.com\/1005.com.ar\/wp-content\/uploads\/2022\/11\/668769-whatsapp-20image-202022-11-14-20at-204-35-49-20pm.jpeg?resize=525%2C300&ssl=1 1.5x, https:\/\/i0.wp.com\/1005.com.ar\/wp-content\/uploads\/2022\/11\/668769-whatsapp-20image-202022-11-14-20at-204-35-49-20pm.jpeg?resize=700%2C400&ssl=1 2x"},"classes":[]},{"id":4130,"url":"https:\/\/1005.com.ar\/index.php\/2023\/05\/24\/el-fiscal-guillermo-marijuan-pidio-el-sobreseimiento-de-cristina-kirchner-en-la-ruta-del-dinero-k\/","url_meta":{"origin":3259,"position":4},"title":"El fiscal Guillermo Mariju\u00e1n pidi\u00f3 el sobreseimiento de Cristina Kirchner en \u201cLa ruta del dinero K\u201d","author":"Julieta Di Rocco","date":"mayo 24, 2023","format":false,"excerpt":"El funcionario judicial sostuvo que es innegable la relaci\u00f3n entre la Vicepresidenta y L\u00e1zaro B\u00e1ez, pero que no se pudo comprobar la participaci\u00f3n de la ex mandataria en las millonarias maniobras de lavado por las que fue condenado el empresario. Critic\u00f3 un fallo de Casaci\u00f3n https:\/\/www.infobae.com\/judiciales\/2023\/05\/24\/el-fiscal-guillermo-marijuan-pidio-el-sobreseimiento-de-cristina-kirchner-en-la-ruta-del-dinero-k\/","rel":"","context":"En \u00abSin categor\u00eda\u00bb","block_context":{"text":"Sin categor\u00eda","link":"https:\/\/1005.com.ar\/index.php\/category\/sin-categoria\/"},"img":{"alt_text":"","src":"","width":0,"height":0},"classes":[]},{"id":2446,"url":"https:\/\/1005.com.ar\/index.php\/2021\/12\/08\/deuda-con-el-fmi-alberto-fernandez-agradecio-el-apoyo-de-cristina-kirchner-y-ratifico-el-rumbo-de-las-negociaciones\/","url_meta":{"origin":3259,"position":5},"title":"Deuda con el FMI: Alberto Fern\u00e1ndez agradeci\u00f3 el apoyo de Cristina Kirchner y ratific\u00f3 el rumbo de las negociaciones","author":"Radio Music","date":"diciembre 8, 2021","format":false,"excerpt":"\"Ajustando dejamos afuera a millones de argentinos\", resalt\u00f3 El presidente\u00a0Alberto Fern\u00e1ndez se refiri\u00f3 este mi\u00e9rcoles a las negociaciones con el Fondo Monetario Internacional (FMI) al afirmar que est\u00e1 \"muy seguro\" respecto del rumbo que deben tomar, al tiempo que asegur\u00f3 tener la certeza de que\u00a0es \"el mismo que quiere\" la\u2026","rel":"","context":"En \u00abSin categor\u00eda\u00bb","block_context":{"text":"Sin categor\u00eda","link":"https:\/\/1005.com.ar\/index.php\/category\/sin-categoria\/"},"img":{"alt_text":"","src":"https:\/\/i0.wp.com\/1005.com.ar\/wp-content\/uploads\/2021\/12\/295939-alberto-20fern-c3-a1ndez-20-284-29.jpeg?resize=350%2C200&ssl=1","width":350,"height":200,"srcset":"https:\/\/i0.wp.com\/1005.com.ar\/wp-content\/uploads\/2021\/12\/295939-alberto-20fern-c3-a1ndez-20-284-29.jpeg?resize=350%2C200&ssl=1 1x, https:\/\/i0.wp.com\/1005.com.ar\/wp-content\/uploads\/2021\/12\/295939-alberto-20fern-c3-a1ndez-20-284-29.jpeg?resize=525%2C300&ssl=1 1.5x, https:\/\/i0.wp.com\/1005.com.ar\/wp-content\/uploads\/2021\/12\/295939-alberto-20fern-c3-a1ndez-20-284-29.jpeg?resize=700%2C400&ssl=1 2x"},"classes":[]}],"jetpack_likes_enabled":true,"jetpack_sharing_enabled":true,"_links":{"self":[{"href":"https:\/\/1005.com.ar\/index.php\/wp-json\/wp\/v2\/posts\/3259","targetHints":{"allow":["GET"]}}],"collection":[{"href":"https:\/\/1005.com.ar\/index.php\/wp-json\/wp\/v2\/posts"}],"about":[{"href":"https:\/\/1005.com.ar\/index.php\/wp-json\/wp\/v2\/types\/post"}],"author":[{"embeddable":true,"href":"https:\/\/1005.com.ar\/index.php\/wp-json\/wp\/v2\/users\/7"}],"replies":[{"embeddable":true,"href":"https:\/\/1005.com.ar\/index.php\/wp-json\/wp\/v2\/comments?post=3259"}],"version-history":[{"count":1,"href":"https:\/\/1005.com.ar\/index.php\/wp-json\/wp\/v2\/posts\/3259\/revisions"}],"predecessor-version":[{"id":3261,"href":"https:\/\/1005.com.ar\/index.php\/wp-json\/wp\/v2\/posts\/3259\/revisions\/3261"}],"wp:featuredmedia":[{"embeddable":true,"href":"https:\/\/1005.com.ar\/index.php\/wp-json\/wp\/v2\/media\/3260"}],"wp:attachment":[{"href":"https:\/\/1005.com.ar\/index.php\/wp-json\/wp\/v2\/media?parent=3259"}],"wp:term":[{"taxonomy":"category","embeddable":true,"href":"https:\/\/1005.com.ar\/index.php\/wp-json\/wp\/v2\/categories?post=3259"},{"taxonomy":"post_tag","embeddable":true,"href":"https:\/\/1005.com.ar\/index.php\/wp-json\/wp\/v2\/tags?post=3259"}],"curies":[{"name":"wp","href":"https:\/\/api.w.org\/{rel}","templated":true}]}}