{"id":3250,"date":"2022-08-01T12:32:39","date_gmt":"2022-08-01T15:32:39","guid":{"rendered":"https:\/\/1005.com.ar\/?p=3250"},"modified":"2022-08-01T12:32:40","modified_gmt":"2022-08-01T15:32:40","slug":"unas-16-millones-de-personas-se-movilizaron-durante-las-vacaciones-de-invierno","status":"publish","type":"post","link":"https:\/\/1005.com.ar\/index.php\/2022\/08\/01\/unas-16-millones-de-personas-se-movilizaron-durante-las-vacaciones-de-invierno\/","title":{"rendered":"Unas 16 millones de personas se movilizaron durante las vacaciones de invierno"},"content":{"rendered":"\n<p>Seg\u00fan destac\u00f3 el secretario de Turismo de la Confederaci\u00f3n Argentina de la Mediana Empresa, Gregorio Werchow, se movieron uns 15,9 millones de perrsones,\u00a0entre excursionistas (que no duermen fuera de sus domicilios) y turistas.\u00a0<\/p>\n\n\n\n<p><a href=\"https:\/\/www.telam.com.ar\/notas\/202208\/600280-16-millones-de-personas-se-movilizaron-vacaciones-de-invierno.html\">https:\/\/www.telam.com.ar\/notas\/202208\/600280-16-millones-de-personas-se-movilizaron-vacaciones-de-invierno.html<\/a><\/p>\n","protected":false},"excerpt":{"rendered":"<p>Seg\u00fan destac\u00f3 el secretario de Turismo de la Confederaci\u00f3n Argentina de la Mediana Empresa, Gregorio Werchow, se movieron uns 15,9<\/p>\n","protected":false},"author":7,"featured_media":3251,"comment_status":"open","ping_status":"closed","sticky":false,"template":"","format":"standard","meta":{"jetpack_post_was_ever_published":false,"_jetpack_newsletter_access":"","_jetpack_dont_email_post_to_subs":false,"_jetpack_newsletter_tier_id":0,"_jetpack_memberships_contains_paywalled_content":false,"_jetpack_memberships_contains_paid_content":false,"footnotes":"","jetpack_publicize_message":"","jetpack_publicize_feature_enabled":true,"jetpack_social_post_already_shared":true,"jetpack_social_options":{"image_generator_settings":{"template":"highway","default_image_id":0,"font":"","enabled":false},"version":2}},"categories":[1],"tags":[],"class_list":["post-3250","post","type-post","status-publish","format-standard","has-post-thumbnail","hentry","category-sin-categoria"],"jetpack_publicize_connections":[],"jetpack_featured_media_url":"https:\/\/1005.com.ar\/wp-content\/uploads\/2022\/08\/62d9a67cb035b_900.jpg","jetpack-related-posts":[{"id":2394,"url":"https:\/\/1005.com.ar\/index.php\/2021\/11\/26\/ya-son-mas-de-14-millones-las-personas-vacunadas-contra-el-covid-19-en-la-provincia\/","url_meta":{"origin":3250,"position":0},"title":"Ya son m\u00e1s de 14 millones las personas vacunadas contra el Covid-19 en la provincia","author":"Radio Music","date":"noviembre 26, 2021","format":false,"excerpt":"El ministro de Salud bonaerense, Nicol\u00e1s Kreplak, inform\u00f3 que ya hay m\u00e1s de 14 millones de personas vacunadas contra el coronavirus en la provincia de Buenos Aires y celebr\u00f3 que \"cada vez somos m\u00e1s\". \"Cada vez somos m\u00e1s y ese es el objetivo, pero no es el final. Llegamos a\u2026","rel":"","context":"En \u00abSin categor\u00eda\u00bb","block_context":{"text":"Sin categor\u00eda","link":"https:\/\/1005.com.ar\/index.php\/category\/sin-categoria\/"},"img":{"alt_text":"","src":"https:\/\/i0.wp.com\/1005.com.ar\/wp-content\/uploads\/2021\/11\/1637856765.jpeg?resize=350%2C200&ssl=1","width":350,"height":200,"srcset":"https:\/\/i0.wp.com\/1005.com.ar\/wp-content\/uploads\/2021\/11\/1637856765.jpeg?resize=350%2C200&ssl=1 1x, https:\/\/i0.wp.com\/1005.com.ar\/wp-content\/uploads\/2021\/11\/1637856765.jpeg?resize=525%2C300&ssl=1 1.5x, https:\/\/i0.wp.com\/1005.com.ar\/wp-content\/uploads\/2021\/11\/1637856765.jpeg?resize=700%2C400&ssl=1 2x"},"classes":[]},{"id":3412,"url":"https:\/\/1005.com.ar\/index.php\/2022\/09\/03\/un-pais-en-riesgo-los-motivos-de-fondo-del-intento-de-asesinato-de-cristina-kirchner\/","url_meta":{"origin":3250,"position":1},"title":"Un pa\u00eds en riesgo: los motivos de fondo del intento de asesinato de Cristina Kirchner","author":"Julieta Di Rocco","date":"septiembre 3, 2022","format":false,"excerpt":"Cientos de miles de personas se movilizaron en todo el pa\u00eds en repudio al intento de asesinato a la vicepresidenta Cristina Kirchner. En contraste, la oposici\u00f3n critic\u00f3 el feriado nacional, no emiti\u00f3 un comunicado de repudio y se negaba a asistir hoy a Diputados. https:\/\/www.pagina12.com.ar\/478862-un-pais-en-riesgo","rel":"","context":"En \u00abSin categor\u00eda\u00bb","block_context":{"text":"Sin categor\u00eda","link":"https:\/\/1005.com.ar\/index.php\/category\/sin-categoria\/"},"img":{"alt_text":"","src":"https:\/\/i0.wp.com\/1005.com.ar\/wp-content\/uploads\/2022\/09\/636440-2-a-bernardinoavila.jpg?resize=350%2C200&ssl=1","width":350,"height":200,"srcset":"https:\/\/i0.wp.com\/1005.com.ar\/wp-content\/uploads\/2022\/09\/636440-2-a-bernardinoavila.jpg?resize=350%2C200&ssl=1 1x, https:\/\/i0.wp.com\/1005.com.ar\/wp-content\/uploads\/2022\/09\/636440-2-a-bernardinoavila.jpg?resize=525%2C300&ssl=1 1.5x, https:\/\/i0.wp.com\/1005.com.ar\/wp-content\/uploads\/2022\/09\/636440-2-a-bernardinoavila.jpg?resize=700%2C400&ssl=1 2x"},"classes":[]},{"id":1362,"url":"https:\/\/1005.com.ar\/index.php\/2021\/01\/29\/el-gobierno-reglamento-el-impuesto-a-la-riqueza-y-la-ley-entro-en-vigencia\/","url_meta":{"origin":3250,"position":2},"title":"El Gobierno reglament\u00f3 el impuesto a la riqueza y la ley entr\u00f3 en vigencia","author":"Radio Music","date":"enero 29, 2021","format":false,"excerpt":"Esperan recaudar $300.000 millones. Prev\u00e9 el cobro por \u00fanica vez de una tasa de entre el 2 y el 3,5% a los patrimonios de las personas f\u00edsicas que hayan declarado m\u00e1s de $200 millones","rel":"","context":"En \u00abSin categor\u00eda\u00bb","block_context":{"text":"Sin categor\u00eda","link":"https:\/\/1005.com.ar\/index.php\/category\/sin-categoria\/"},"img":{"alt_text":"","src":"https:\/\/i0.wp.com\/1005.com.ar\/wp-content\/uploads\/2021\/01\/FR7O6FV6VFDNBE6A6BUSGBUN6E.jpg?resize=350%2C200&ssl=1","width":350,"height":200,"srcset":"https:\/\/i0.wp.com\/1005.com.ar\/wp-content\/uploads\/2021\/01\/FR7O6FV6VFDNBE6A6BUSGBUN6E.jpg?resize=350%2C200&ssl=1 1x, https:\/\/i0.wp.com\/1005.com.ar\/wp-content\/uploads\/2021\/01\/FR7O6FV6VFDNBE6A6BUSGBUN6E.jpg?resize=525%2C300&ssl=1 1.5x, https:\/\/i0.wp.com\/1005.com.ar\/wp-content\/uploads\/2021\/01\/FR7O6FV6VFDNBE6A6BUSGBUN6E.jpg?resize=700%2C400&ssl=1 2x"},"classes":[]},{"id":1387,"url":"https:\/\/1005.com.ar\/index.php\/2021\/01\/30\/pese-a-la-demora-en-la-entrega-de-la-sputnik-v-el-gobierno-mantiene-la-expectativa-de-vacunar-a-14-millones-de-personas-en-el-primer-cuatrimestre-del-ano\/","url_meta":{"origin":3250,"position":3},"title":"Pese a la demora en la entrega de la Sputnik V, el Gobierno mantiene la expectativa de vacunar a 14 millones de personas en el primer cuatrimestre del a\u00f1o","author":"Radio Music","date":"enero 30, 2021","format":false,"excerpt":"En la Casa Rosada creen, seg\u00fan la informaci\u00f3n que tienen de Rusia, que la producci\u00f3n se acelerar\u00e1 en febrero y que en el pr\u00f3ximo mes podr\u00e1n contar con un porcentaje importante de las 20 millones de dosis acordadas","rel":"","context":"En \u00abSin categor\u00eda\u00bb","block_context":{"text":"Sin categor\u00eda","link":"https:\/\/1005.com.ar\/index.php\/category\/sin-categoria\/"},"img":{"alt_text":"","src":"https:\/\/i0.wp.com\/1005.com.ar\/wp-content\/uploads\/2021\/01\/Alberto-Fernandez-3.jpg?resize=350%2C200&ssl=1","width":350,"height":200,"srcset":"https:\/\/i0.wp.com\/1005.com.ar\/wp-content\/uploads\/2021\/01\/Alberto-Fernandez-3.jpg?resize=350%2C200&ssl=1 1x, https:\/\/i0.wp.com\/1005.com.ar\/wp-content\/uploads\/2021\/01\/Alberto-Fernandez-3.jpg?resize=525%2C300&ssl=1 1.5x, https:\/\/i0.wp.com\/1005.com.ar\/wp-content\/uploads\/2021\/01\/Alberto-Fernandez-3.jpg?resize=700%2C400&ssl=1 2x"},"classes":[]},{"id":5001,"url":"https:\/\/1005.com.ar\/index.php\/2024\/04\/24\/un-pueblo-entero-para-defender-la-educacion-publica\/","url_meta":{"origin":3250,"position":4},"title":"\u00abUn pueblo entero para defender la educaci\u00f3n p\u00fablica\u00bb","author":"Julieta Di Rocco","date":"abril 24, 2024","format":false,"excerpt":"Axel Kicillof, intendentes y funcionarios bonaerenses movilizaron a Plaza de Mayo https:\/\/www.pagina12.com.ar\/731293-un-pueblo-entero-para-defender-la-educacion-publica","rel":"","context":"En \u00abSin categor\u00eda\u00bb","block_context":{"text":"Sin categor\u00eda","link":"https:\/\/1005.com.ar\/index.php\/category\/sin-categoria\/"},"img":{"alt_text":"","src":"https:\/\/i0.wp.com\/1005.com.ar\/wp-content\/uploads\/2024\/04\/833764-gl4csgrwuaaai-i.jpg?resize=350%2C200&ssl=1","width":350,"height":200,"srcset":"https:\/\/i0.wp.com\/1005.com.ar\/wp-content\/uploads\/2024\/04\/833764-gl4csgrwuaaai-i.jpg?resize=350%2C200&ssl=1 1x, https:\/\/i0.wp.com\/1005.com.ar\/wp-content\/uploads\/2024\/04\/833764-gl4csgrwuaaai-i.jpg?resize=525%2C300&ssl=1 1.5x, https:\/\/i0.wp.com\/1005.com.ar\/wp-content\/uploads\/2024\/04\/833764-gl4csgrwuaaai-i.jpg?resize=700%2C400&ssl=1 2x"},"classes":[]},{"id":1589,"url":"https:\/\/1005.com.ar\/index.php\/2021\/02\/15\/el-reino-unido-ya-vacuno-contra-el-coronavirus-a-15-millones-de-personas\/","url_meta":{"origin":3250,"position":5},"title":"El Reino Unido ya vacun\u00f3 contra el coronavirus a 15 millones de personas","author":"Radio Music","date":"febrero 15, 2021","format":false,"excerpt":"Fue inoculado el personal de salud, mayores de 65 a\u00f1os y grupos de riesgo","rel":"","context":"En \u00abSin categor\u00eda\u00bb","block_context":{"text":"Sin categor\u00eda","link":"https:\/\/1005.com.ar\/index.php\/category\/sin-categoria\/"},"img":{"alt_text":"","src":"","width":0,"height":0},"classes":[]}],"jetpack_likes_enabled":true,"jetpack_sharing_enabled":true,"_links":{"self":[{"href":"https:\/\/1005.com.ar\/index.php\/wp-json\/wp\/v2\/posts\/3250","targetHints":{"allow":["GET"]}}],"collection":[{"href":"https:\/\/1005.com.ar\/index.php\/wp-json\/wp\/v2\/posts"}],"about":[{"href":"https:\/\/1005.com.ar\/index.php\/wp-json\/wp\/v2\/types\/post"}],"author":[{"embeddable":true,"href":"https:\/\/1005.com.ar\/index.php\/wp-json\/wp\/v2\/users\/7"}],"replies":[{"embeddable":true,"href":"https:\/\/1005.com.ar\/index.php\/wp-json\/wp\/v2\/comments?post=3250"}],"version-history":[{"count":1,"href":"https:\/\/1005.com.ar\/index.php\/wp-json\/wp\/v2\/posts\/3250\/revisions"}],"predecessor-version":[{"id":3252,"href":"https:\/\/1005.com.ar\/index.php\/wp-json\/wp\/v2\/posts\/3250\/revisions\/3252"}],"wp:featuredmedia":[{"embeddable":true,"href":"https:\/\/1005.com.ar\/index.php\/wp-json\/wp\/v2\/media\/3251"}],"wp:attachment":[{"href":"https:\/\/1005.com.ar\/index.php\/wp-json\/wp\/v2\/media?parent=3250"}],"wp:term":[{"taxonomy":"category","embeddable":true,"href":"https:\/\/1005.com.ar\/index.php\/wp-json\/wp\/v2\/categories?post=3250"},{"taxonomy":"post_tag","embeddable":true,"href":"https:\/\/1005.com.ar\/index.php\/wp-json\/wp\/v2\/tags?post=3250"}],"curies":[{"name":"wp","href":"https:\/\/api.w.org\/{rel}","templated":true}]}}