{"id":3247,"date":"2022-08-01T12:30:19","date_gmt":"2022-08-01T15:30:19","guid":{"rendered":"https:\/\/1005.com.ar\/?p=3247"},"modified":"2022-08-01T12:30:22","modified_gmt":"2022-08-01T15:30:22","slug":"los-que-tienen-la-llave-para-llegar-al-dolar","status":"publish","type":"post","link":"https:\/\/1005.com.ar\/index.php\/2022\/08\/01\/los-que-tienen-la-llave-para-llegar-al-dolar\/","title":{"rendered":"Los que tienen la llave para llegar al d\u00f3lar"},"content":{"rendered":"\n<p>Ocho empresas controlan el principal rubro de exportaci\u00f3n. Seis son extranjeras y las otras responden a una misma l\u00f3gica de negocios. Qui\u00e9nes son y c\u00f3mo operan.<\/p>\n\n\n\n<p>Qui\u00e9n es qui\u00e9n en el negocio de exportaci\u00f3n de granos y derivados.<\/p>\n\n\n\n<p><a href=\"https:\/\/www.pagina12.com.ar\/441511-los-que-tienen-la-llave-para-llegar-al-dolar\">https:\/\/www.pagina12.com.ar\/441511-los-que-tienen-la-llave-para-llegar-al-dolar<\/a><\/p>\n","protected":false},"excerpt":{"rendered":"<p>Ocho empresas controlan el principal rubro de exportaci\u00f3n. Seis son extranjeras y las otras responden a una misma l\u00f3gica de<\/p>\n","protected":false},"author":7,"featured_media":3248,"comment_status":"open","ping_status":"closed","sticky":false,"template":"","format":"standard","meta":{"jetpack_post_was_ever_published":false,"_jetpack_newsletter_access":"","_jetpack_dont_email_post_to_subs":false,"_jetpack_newsletter_tier_id":0,"_jetpack_memberships_contains_paywalled_content":false,"_jetpack_memberships_contains_paid_content":false,"footnotes":"","jetpack_publicize_message":"","jetpack_publicize_feature_enabled":true,"jetpack_social_post_already_shared":true,"jetpack_social_options":{"image_generator_settings":{"template":"highway","default_image_id":0,"font":"","enabled":false},"version":2}},"categories":[1],"tags":[],"class_list":["post-3247","post","type-post","status-publish","format-standard","has-post-thumbnail","hentry","category-sin-categoria"],"jetpack_publicize_connections":[],"jetpack_featured_media_url":"https:\/\/1005.com.ar\/wp-content\/uploads\/2022\/08\/593046-whatsapp-20image-202022-07-31-20at-206-27-45-20pm.jpeg","jetpack-related-posts":[{"id":1453,"url":"https:\/\/1005.com.ar\/index.php\/2021\/02\/03\/por-que-el-kun-aguero-podria-ser-la-llave-para-que-lionel-messi-se-quede-en-el-barcelona\/","url_meta":{"origin":3247,"position":0},"title":"Por qu\u00e9 el Kun Ag\u00fcero podr\u00eda ser la llave para que Lionel Messi se quede en el Barcelona","author":"Radio Music","date":"febrero 3, 2021","format":false,"excerpt":"El delantero del Manchester City es amigo del astro rosarino y su llegada al equipo catal\u00e1n podr\u00eda se la llave para retener al mejor jugador del mundo","rel":"","context":"En \u00abSin categor\u00eda\u00bb","block_context":{"text":"Sin categor\u00eda","link":"https:\/\/1005.com.ar\/index.php\/category\/sin-categoria\/"},"img":{"alt_text":"","src":"","width":0,"height":0},"classes":[]},{"id":1749,"url":"https:\/\/1005.com.ar\/index.php\/2021\/03\/04\/causa-dolar-futuro-que-haran-los-jueces-con-el-alegato-de-cristina-kirchner\/","url_meta":{"origin":3247,"position":1},"title":"Causa d\u00f3lar futuro: \u00bfQu\u00e9 har\u00e1n los jueces con el alegato de Cristina Kirchner?","author":"Radio Music","date":"marzo 4, 2021","format":false,"excerpt":"Para los legos, despu\u00e9s de escuchar las defensas solo queda cerrar la causa, pero dos de los jueces que tienen que definir siempre formaron parte del sistema de acusaci\u00f3n macrista, con objetivos pol\u00edticos m\u00e1s all\u00e1 de cualquier prueba. Las tres alternativas en juego. En un alegato demoledor, la vicepresidenta Cristina\u2026","rel":"","context":"En \u00abSin categor\u00eda\u00bb","block_context":{"text":"Sin categor\u00eda","link":"https:\/\/1005.com.ar\/index.php\/category\/sin-categoria\/"},"img":{"alt_text":"","src":"","width":0,"height":0},"classes":[]},{"id":1307,"url":"https:\/\/1005.com.ar\/index.php\/2021\/01\/27\/fijan-valores-para-evitar-subfacturacion-en-la-exportacion-de-carne\/","url_meta":{"origin":3247,"position":2},"title":"Fijan valores para evitar subfacturaci\u00f3n en la exportaci\u00f3n de carne","author":"Radio Music","date":"enero 27, 2021","format":false,"excerpt":"La resoluci\u00f3n fue publicada hoy en el Bolet\u00edn Oficial","rel":"","context":"En \u00abSin categor\u00eda\u00bb","block_context":{"text":"Sin categor\u00eda","link":"https:\/\/1005.com.ar\/index.php\/category\/sin-categoria\/"},"img":{"alt_text":"","src":"https:\/\/i0.wp.com\/1005.com.ar\/wp-content\/uploads\/2021\/01\/3328212w1033.jpg?resize=350%2C200&ssl=1","width":350,"height":200,"srcset":"https:\/\/i0.wp.com\/1005.com.ar\/wp-content\/uploads\/2021\/01\/3328212w1033.jpg?resize=350%2C200&ssl=1 1x, https:\/\/i0.wp.com\/1005.com.ar\/wp-content\/uploads\/2021\/01\/3328212w1033.jpg?resize=525%2C300&ssl=1 1.5x, https:\/\/i0.wp.com\/1005.com.ar\/wp-content\/uploads\/2021\/01\/3328212w1033.jpg?resize=700%2C400&ssl=1 2x"},"classes":[]},{"id":6255,"url":"https:\/\/1005.com.ar\/index.php\/2025\/08\/10\/dolar-y-precios-juntos-a-la-par\/","url_meta":{"origin":3247,"position":3},"title":"D\u00f3lar y precios, juntos a la par","author":"Julieta Di Rocco","date":"agosto 10, 2025","format":false,"excerpt":"Los c\u00e1lculos falsos del Gobierno y el \"desgramaje\" de las empresas, un enga\u00f1o al consumidor https:\/\/www.pagina12.com.ar\/848581-dolar-y-precios-juntos-a-la-par","rel":"","context":"En \u00abSin categor\u00eda\u00bb","block_context":{"text":"Sin categor\u00eda","link":"https:\/\/1005.com.ar\/index.php\/category\/sin-categoria\/"},"img":{"alt_text":"","src":"https:\/\/i0.wp.com\/1005.com.ar\/wp-content\/uploads\/2025\/08\/961882-gondola_0.jpg?resize=350%2C200&ssl=1","width":350,"height":200,"srcset":"https:\/\/i0.wp.com\/1005.com.ar\/wp-content\/uploads\/2025\/08\/961882-gondola_0.jpg?resize=350%2C200&ssl=1 1x, https:\/\/i0.wp.com\/1005.com.ar\/wp-content\/uploads\/2025\/08\/961882-gondola_0.jpg?resize=525%2C300&ssl=1 1.5x, https:\/\/i0.wp.com\/1005.com.ar\/wp-content\/uploads\/2025\/08\/961882-gondola_0.jpg?resize=700%2C400&ssl=1 2x"},"classes":[]},{"id":4397,"url":"https:\/\/1005.com.ar\/index.php\/2023\/10\/11\/dolar-javier-milei-fue-denunciado-por-violencia-economica\/","url_meta":{"origin":3247,"position":4},"title":"D\u00f3lar: Javier Milei fue denunciado por violencia econ\u00f3mica","author":"Julieta Di Rocco","date":"octubre 11, 2023","format":false,"excerpt":"Los dichos del candidato presidencial de La Libertad Avanza Javier Milei, que empujaron la corrida del d\u00f3lar ilegal por encima de los 1.000 pesos, ya provocaron una primera demanda penal presentada en la Justicia porte\u00f1a. La acusaci\u00f3n es por\u00a0\"incitaci\u00f3n a la violencia econ\u00f3mica o delito financiero\".","rel":"","context":"En \u00abSin categor\u00eda\u00bb","block_context":{"text":"Sin categor\u00eda","link":"https:\/\/1005.com.ar\/index.php\/category\/sin-categoria\/"},"img":{"alt_text":"","src":"https:\/\/i0.wp.com\/1005.com.ar\/wp-content\/uploads\/2023\/10\/777028-whatsapp-20image-202023-10-10-20at-2021-08-05.jpeg?resize=350%2C200&ssl=1","width":350,"height":200,"srcset":"https:\/\/i0.wp.com\/1005.com.ar\/wp-content\/uploads\/2023\/10\/777028-whatsapp-20image-202023-10-10-20at-2021-08-05.jpeg?resize=350%2C200&ssl=1 1x, https:\/\/i0.wp.com\/1005.com.ar\/wp-content\/uploads\/2023\/10\/777028-whatsapp-20image-202023-10-10-20at-2021-08-05.jpeg?resize=525%2C300&ssl=1 1.5x, https:\/\/i0.wp.com\/1005.com.ar\/wp-content\/uploads\/2023\/10\/777028-whatsapp-20image-202023-10-10-20at-2021-08-05.jpeg?resize=700%2C400&ssl=1 2x"},"classes":[]},{"id":3095,"url":"https:\/\/1005.com.ar\/index.php\/2022\/07\/11\/dolar-inflacion-y-mercados-cuatro-economistas-analizan-los-primeros-anuncios-de-silvina-batakis\/","url_meta":{"origin":3247,"position":5},"title":"D\u00f3lar, inflaci\u00f3n y mercados: cuatro economistas analizan los primeros anuncios de Silvina Batakis\u00a0","author":"Julieta Di Rocco","date":"julio 11, 2022","format":false,"excerpt":"Entre otros temas, la nueva ministra de Econom\u00eda se refiri\u00f3 al tipo de cambio, los subsidios de tarifas, la inflaci\u00f3n, el FMI y el gasto p\u00fablico. C\u00f3mo se pueden leer estas definiciones.\u00a0 https:\/\/www.pagina12.com.ar\/436197-dolar-inflacion-y-mercados-cuatro-economistas-analizan-los-p","rel":"","context":"En \u00abSin categor\u00eda\u00bb","block_context":{"text":"Sin categor\u00eda","link":"https:\/\/1005.com.ar\/index.php\/category\/sin-categoria\/"},"img":{"alt_text":"","src":"https:\/\/i0.wp.com\/1005.com.ar\/wp-content\/uploads\/2022\/07\/580158-570006-batakis6-0.jpg?resize=350%2C200&ssl=1","width":350,"height":200,"srcset":"https:\/\/i0.wp.com\/1005.com.ar\/wp-content\/uploads\/2022\/07\/580158-570006-batakis6-0.jpg?resize=350%2C200&ssl=1 1x, https:\/\/i0.wp.com\/1005.com.ar\/wp-content\/uploads\/2022\/07\/580158-570006-batakis6-0.jpg?resize=525%2C300&ssl=1 1.5x, https:\/\/i0.wp.com\/1005.com.ar\/wp-content\/uploads\/2022\/07\/580158-570006-batakis6-0.jpg?resize=700%2C400&ssl=1 2x"},"classes":[]}],"jetpack_likes_enabled":true,"jetpack_sharing_enabled":true,"_links":{"self":[{"href":"https:\/\/1005.com.ar\/index.php\/wp-json\/wp\/v2\/posts\/3247","targetHints":{"allow":["GET"]}}],"collection":[{"href":"https:\/\/1005.com.ar\/index.php\/wp-json\/wp\/v2\/posts"}],"about":[{"href":"https:\/\/1005.com.ar\/index.php\/wp-json\/wp\/v2\/types\/post"}],"author":[{"embeddable":true,"href":"https:\/\/1005.com.ar\/index.php\/wp-json\/wp\/v2\/users\/7"}],"replies":[{"embeddable":true,"href":"https:\/\/1005.com.ar\/index.php\/wp-json\/wp\/v2\/comments?post=3247"}],"version-history":[{"count":1,"href":"https:\/\/1005.com.ar\/index.php\/wp-json\/wp\/v2\/posts\/3247\/revisions"}],"predecessor-version":[{"id":3249,"href":"https:\/\/1005.com.ar\/index.php\/wp-json\/wp\/v2\/posts\/3247\/revisions\/3249"}],"wp:featuredmedia":[{"embeddable":true,"href":"https:\/\/1005.com.ar\/index.php\/wp-json\/wp\/v2\/media\/3248"}],"wp:attachment":[{"href":"https:\/\/1005.com.ar\/index.php\/wp-json\/wp\/v2\/media?parent=3247"}],"wp:term":[{"taxonomy":"category","embeddable":true,"href":"https:\/\/1005.com.ar\/index.php\/wp-json\/wp\/v2\/categories?post=3247"},{"taxonomy":"post_tag","embeddable":true,"href":"https:\/\/1005.com.ar\/index.php\/wp-json\/wp\/v2\/tags?post=3247"}],"curies":[{"name":"wp","href":"https:\/\/api.w.org\/{rel}","templated":true}]}}