{"id":3138,"date":"2022-07-13T14:06:23","date_gmt":"2022-07-13T17:06:23","guid":{"rendered":"https:\/\/1005.com.ar\/?p=3138"},"modified":"2022-07-13T14:06:26","modified_gmt":"2022-07-13T17:06:26","slug":"the-rolling-stones-conmemora-60-anos-desde-su-primer-show-en-londres","status":"publish","type":"post","link":"https:\/\/1005.com.ar\/index.php\/2022\/07\/13\/the-rolling-stones-conmemora-60-anos-desde-su-primer-show-en-londres\/","title":{"rendered":"The Rolling Stones conmemora 60 a\u00f1os desde su primer show en Londres"},"content":{"rendered":"\n<p>La m\u00edtica banda inglesa en plena gira europea \u00abSixty\u00bb, conmemora seis d\u00e9cadas de su primer recital en el Marquee londinense, acontecimiento que el conjunto record\u00f3 en sus redes sociales.<\/p>\n\n\n\n<p><a href=\"https:\/\/www.telam.com.ar\/notas\/202207\/598333-the-rolling-stones-conmemora-60-anos-desde-su-primer-show-en-londres.html\">https:\/\/www.telam.com.ar\/notas\/202207\/598333-the-rolling-stones-conmemora-60-anos-desde-su-primer-show-en-londres.html<\/a><\/p>\n","protected":false},"excerpt":{"rendered":"<p>La m\u00edtica banda inglesa en plena gira europea \u00abSixty\u00bb, conmemora seis d\u00e9cadas de su primer recital en el Marquee londinense,<\/p>\n","protected":false},"author":7,"featured_media":3139,"comment_status":"open","ping_status":"closed","sticky":false,"template":"","format":"standard","meta":{"jetpack_post_was_ever_published":false,"_jetpack_newsletter_access":"","_jetpack_dont_email_post_to_subs":false,"_jetpack_newsletter_tier_id":0,"_jetpack_memberships_contains_paywalled_content":false,"_jetpack_memberships_contains_paid_content":false,"footnotes":"","jetpack_publicize_message":"","jetpack_publicize_feature_enabled":true,"jetpack_social_post_already_shared":true,"jetpack_social_options":{"image_generator_settings":{"template":"highway","default_image_id":0,"font":"","enabled":false},"version":2}},"categories":[1],"tags":[],"class_list":["post-3138","post","type-post","status-publish","format-standard","has-post-thumbnail","hentry","category-sin-categoria"],"jetpack_publicize_connections":[],"jetpack_featured_media_url":"https:\/\/1005.com.ar\/wp-content\/uploads\/2022\/07\/62cde9263d871_900.jpg","jetpack-related-posts":[{"id":5513,"url":"https:\/\/1005.com.ar\/index.php\/2024\/12\/08\/dia-de-la-inmaculada-concepcion-de-la-virgen-por-que-se-conmemora-el-8-de-diciembre\/","url_meta":{"origin":3138,"position":0},"title":"D\u00eda de la Inmaculada Concepci\u00f3n de la Virgen: \u00bfpor qu\u00e9 se conmemora el 8 de diciembre?","author":"Julieta Di Rocco","date":"diciembre 8, 2024","format":false,"excerpt":"https:\/\/www.eldiarioar.com\/sociedad\/dia-inmaculada-concepcion-virgen-conmemora-8-diciembre_1_11884035.html","rel":"","context":"En \u00abSin categor\u00eda\u00bb","block_context":{"text":"Sin categor\u00eda","link":"https:\/\/1005.com.ar\/index.php\/category\/sin-categoria\/"},"img":{"alt_text":"","src":"https:\/\/i0.wp.com\/1005.com.ar\/wp-content\/uploads\/2024\/12\/9a2ecca6-76de-4248-8a82-9fb827b1c5c8_16-9-discover-aspect-ratio_default_0.webp?resize=350%2C200&ssl=1","width":350,"height":200,"srcset":"https:\/\/i0.wp.com\/1005.com.ar\/wp-content\/uploads\/2024\/12\/9a2ecca6-76de-4248-8a82-9fb827b1c5c8_16-9-discover-aspect-ratio_default_0.webp?resize=350%2C200&ssl=1 1x, https:\/\/i0.wp.com\/1005.com.ar\/wp-content\/uploads\/2024\/12\/9a2ecca6-76de-4248-8a82-9fb827b1c5c8_16-9-discover-aspect-ratio_default_0.webp?resize=525%2C300&ssl=1 1.5x, https:\/\/i0.wp.com\/1005.com.ar\/wp-content\/uploads\/2024\/12\/9a2ecca6-76de-4248-8a82-9fb827b1c5c8_16-9-discover-aspect-ratio_default_0.webp?resize=700%2C400&ssl=1 2x, https:\/\/i0.wp.com\/1005.com.ar\/wp-content\/uploads\/2024\/12\/9a2ecca6-76de-4248-8a82-9fb827b1c5c8_16-9-discover-aspect-ratio_default_0.webp?resize=1050%2C600&ssl=1 3x"},"classes":[]},{"id":6755,"url":"https:\/\/1005.com.ar\/index.php\/2026\/03\/08\/8m-por-que-se-conmemora-el-dia-internacional-de-la-mujer\/","url_meta":{"origin":3138,"position":1},"title":"8M: \u00bfPor qu\u00e9 se conmemora el D\u00eda Internacional de la Mujer?","author":"Julieta Di Rocco","date":"marzo 8, 2026","format":false,"excerpt":"La terrible historia de la tarde en la que murieron m\u00e1s de 120 trabajadoras en un incendio en una fabrica de ropa en Nueva York https:\/\/www.infobae.com\/sociedad\/2018\/03\/08\/8m-por-que-se-conmemora-el-dia-internacional-de-la-mujer\/?gad_source=1&gad_campaignid=20993778607&gbraid=0AAAAADmqXxQmI1FG7QWIKEkVGcuVEYZ2C&gclid=Cj0KCQiA2bTNBhDjARIsAK89wlFnPRhNU7VxpX-EUMiWGBigDicxDU3qxq2882K4mxZSa2jXDHAF_aAaArm3EALw_wcB","rel":"","context":"En \u00abSin categor\u00eda\u00bb","block_context":{"text":"Sin categor\u00eda","link":"https:\/\/1005.com.ar\/index.php\/category\/sin-categoria\/"},"img":{"alt_text":"","src":"https:\/\/i0.wp.com\/1005.com.ar\/wp-content\/uploads\/2026\/03\/blog_mujer.jpg?resize=350%2C200&ssl=1","width":350,"height":200,"srcset":"https:\/\/i0.wp.com\/1005.com.ar\/wp-content\/uploads\/2026\/03\/blog_mujer.jpg?resize=350%2C200&ssl=1 1x, https:\/\/i0.wp.com\/1005.com.ar\/wp-content\/uploads\/2026\/03\/blog_mujer.jpg?resize=525%2C300&ssl=1 1.5x"},"classes":[]},{"id":2594,"url":"https:\/\/1005.com.ar\/index.php\/2022\/01\/01\/hace-60-anos-los-beatles-recibia-su-ultimo-no\/","url_meta":{"origin":3138,"position":2},"title":"Hace 60 a\u00f1os Los Beatles recib\u00eda su \u00faltimo \u00abno\u00bb","author":"Radio Music","date":"enero 1, 2022","format":false,"excerpt":"La ic\u00f3nica banda de Liverpool fue rechazada por la discogr\u00e1fica Decca, acontecimiento que tom\u00f3 relevancia pocos meses despu\u00e9s, cuando el cuarteto inici\u00f3 su reinado absoluto con el lanzamiento de \u201cLove Me Do\u201d, su primer single. https:\/\/www.telam.com.ar\/notas\/202201\/579591-beatles-aniversario-60-anos-musica-rock-inglaterra-1962.html","rel":"","context":"En \u00abSin categor\u00eda\u00bb","block_context":{"text":"Sin categor\u00eda","link":"https:\/\/1005.com.ar\/index.php\/category\/sin-categoria\/"},"img":{"alt_text":"","src":"https:\/\/i0.wp.com\/1005.com.ar\/wp-content\/uploads\/2022\/01\/61cf3060ab980_900.jpg?resize=350%2C200&ssl=1","width":350,"height":200,"srcset":"https:\/\/i0.wp.com\/1005.com.ar\/wp-content\/uploads\/2022\/01\/61cf3060ab980_900.jpg?resize=350%2C200&ssl=1 1x, https:\/\/i0.wp.com\/1005.com.ar\/wp-content\/uploads\/2022\/01\/61cf3060ab980_900.jpg?resize=525%2C300&ssl=1 1.5x, https:\/\/i0.wp.com\/1005.com.ar\/wp-content\/uploads\/2022\/01\/61cf3060ab980_900.jpg?resize=700%2C400&ssl=1 2x"},"classes":[]},{"id":6487,"url":"https:\/\/1005.com.ar\/index.php\/2025\/10\/12\/slash-asegura-que-guns-nroses-por-fin-sacara-su-primer-disco-en-17-anos-axl-rose-opina-lo-mismo\/","url_meta":{"origin":3138,"position":3},"title":"Slash asegura que Guns N&#8217;Roses por fin sacar\u00e1 su primer disco en 17 a\u00f1os, \u00bfAxl Rose opina lo mismo?","author":"Julieta Di Rocco","date":"octubre 12, 2025","format":false,"excerpt":"https:\/\/www.clarin.com\/espectaculos\/slash-asegura-guns-nroses-fin-sacara-primer-disco-17-anos-axl-rose-opina-mismo_0_H0Az9lhw3k.html","rel":"","context":"En \u00abSin categor\u00eda\u00bb","block_context":{"text":"Sin categor\u00eda","link":"https:\/\/1005.com.ar\/index.php\/category\/sin-categoria\/"},"img":{"alt_text":"","src":"https:\/\/i0.wp.com\/1005.com.ar\/wp-content\/uploads\/2025\/10\/ymeek5Eht_1256x620__2.jpg?resize=350%2C200&ssl=1","width":350,"height":200,"srcset":"https:\/\/i0.wp.com\/1005.com.ar\/wp-content\/uploads\/2025\/10\/ymeek5Eht_1256x620__2.jpg?resize=350%2C200&ssl=1 1x, https:\/\/i0.wp.com\/1005.com.ar\/wp-content\/uploads\/2025\/10\/ymeek5Eht_1256x620__2.jpg?resize=525%2C300&ssl=1 1.5x, https:\/\/i0.wp.com\/1005.com.ar\/wp-content\/uploads\/2025\/10\/ymeek5Eht_1256x620__2.jpg?resize=700%2C400&ssl=1 2x, https:\/\/i0.wp.com\/1005.com.ar\/wp-content\/uploads\/2025\/10\/ymeek5Eht_1256x620__2.jpg?resize=1050%2C600&ssl=1 3x"},"classes":[]},{"id":1983,"url":"https:\/\/1005.com.ar\/index.php\/2021\/04\/29\/kicillof-aseguro-que-la-provincia-esta-cerca-de-alcanzar-el-primer-hito-de-la-campana-de-vacunacion\/","url_meta":{"origin":3138,"position":4},"title":"Kicillof asegur\u00f3 que la provincia est\u00e1 cerca de alcanzar el primer hito de la campa\u00f1a de vacunaci\u00f3n","author":"Radio Music","date":"abril 29, 2021","format":false,"excerpt":"El gobernador bonaerense, Axel Kicillof, afirm\u00f3 hoy que la provincia de Buenos Aires est\u00e1 \"cada vez m\u00e1s cerca\" de alcanzar el primer hito en el plan de vacunaci\u00f3n contra el coronavirus. \"Estamos cada vez m\u00e1s cerca de alcanzar el primer hito en el plan #BuenosAiresVacunate\", poste\u00f3 el mandatario en redes\u2026","rel":"","context":"En \u00abSin categor\u00eda\u00bb","block_context":{"text":"Sin categor\u00eda","link":"https:\/\/1005.com.ar\/index.php\/category\/sin-categoria\/"},"img":{"alt_text":"","src":"https:\/\/i0.wp.com\/1005.com.ar\/wp-content\/uploads\/2021\/04\/0000395321.jpg?resize=350%2C200&ssl=1","width":350,"height":200,"srcset":"https:\/\/i0.wp.com\/1005.com.ar\/wp-content\/uploads\/2021\/04\/0000395321.jpg?resize=350%2C200&ssl=1 1x, https:\/\/i0.wp.com\/1005.com.ar\/wp-content\/uploads\/2021\/04\/0000395321.jpg?resize=525%2C300&ssl=1 1.5x, https:\/\/i0.wp.com\/1005.com.ar\/wp-content\/uploads\/2021\/04\/0000395321.jpg?resize=700%2C400&ssl=1 2x, https:\/\/i0.wp.com\/1005.com.ar\/wp-content\/uploads\/2021\/04\/0000395321.jpg?resize=1050%2C600&ssl=1 3x, https:\/\/i0.wp.com\/1005.com.ar\/wp-content\/uploads\/2021\/04\/0000395321.jpg?resize=1400%2C800&ssl=1 4x"},"classes":[]},{"id":2207,"url":"https:\/\/1005.com.ar\/index.php\/2021\/08\/08\/siguen-girando\/","url_meta":{"origin":3138,"position":5},"title":"Siguen girando","author":"Radio Music","date":"agosto 8, 2021","format":false,"excerpt":"La \u201cpostpandemia\u201d de Guns N' Roses: la banda estren\u00f3 Absurd, su primer tema in\u00e9dito en 13 a\u00f1os La reactivaci\u00f3n de los espect\u00e1culos musicales en los Estados Unidos avanza a paso redoblado, y en esa din\u00e1mica,\u00a0Guns N' Roses\u00a0aport\u00f3\u00a0su grano de arena con\u00a0el inicio de una nueva gira, el 31 de julio\u2026","rel":"","context":"En \u00abSin categor\u00eda\u00bb","block_context":{"text":"Sin categor\u00eda","link":"https:\/\/1005.com.ar\/index.php\/category\/sin-categoria\/"},"img":{"alt_text":"","src":"","width":0,"height":0},"classes":[]}],"jetpack_likes_enabled":true,"jetpack_sharing_enabled":true,"_links":{"self":[{"href":"https:\/\/1005.com.ar\/index.php\/wp-json\/wp\/v2\/posts\/3138","targetHints":{"allow":["GET"]}}],"collection":[{"href":"https:\/\/1005.com.ar\/index.php\/wp-json\/wp\/v2\/posts"}],"about":[{"href":"https:\/\/1005.com.ar\/index.php\/wp-json\/wp\/v2\/types\/post"}],"author":[{"embeddable":true,"href":"https:\/\/1005.com.ar\/index.php\/wp-json\/wp\/v2\/users\/7"}],"replies":[{"embeddable":true,"href":"https:\/\/1005.com.ar\/index.php\/wp-json\/wp\/v2\/comments?post=3138"}],"version-history":[{"count":1,"href":"https:\/\/1005.com.ar\/index.php\/wp-json\/wp\/v2\/posts\/3138\/revisions"}],"predecessor-version":[{"id":3140,"href":"https:\/\/1005.com.ar\/index.php\/wp-json\/wp\/v2\/posts\/3138\/revisions\/3140"}],"wp:featuredmedia":[{"embeddable":true,"href":"https:\/\/1005.com.ar\/index.php\/wp-json\/wp\/v2\/media\/3139"}],"wp:attachment":[{"href":"https:\/\/1005.com.ar\/index.php\/wp-json\/wp\/v2\/media?parent=3138"}],"wp:term":[{"taxonomy":"category","embeddable":true,"href":"https:\/\/1005.com.ar\/index.php\/wp-json\/wp\/v2\/categories?post=3138"},{"taxonomy":"post_tag","embeddable":true,"href":"https:\/\/1005.com.ar\/index.php\/wp-json\/wp\/v2\/tags?post=3138"}],"curies":[{"name":"wp","href":"https:\/\/api.w.org\/{rel}","templated":true}]}}