{"id":2849,"date":"2022-04-11T19:07:28","date_gmt":"2022-04-11T22:07:28","guid":{"rendered":"https:\/\/1005.com.ar\/?p=2849"},"modified":"2022-04-11T19:07:31","modified_gmt":"2022-04-11T22:07:31","slug":"autoras-tangueras-reune-a-las-mujeres-que-publicaron-libros-sobre-el-2x4","status":"publish","type":"post","link":"https:\/\/1005.com.ar\/index.php\/2022\/04\/11\/autoras-tangueras-reune-a-las-mujeres-que-publicaron-libros-sobre-el-2x4\/","title":{"rendered":"Autoras Tangueras re\u00fane a las mujeres que publicaron libros sobre el 2&#215;4"},"content":{"rendered":"\n<h3 class=\"wp-block-heading\">Las fundadoras pensaron esta colectiva como un canal de encuentro, participaci\u00f3n, movimiento y est\u00edmulo mutuo.\u00a0<\/h3>\n\n\n\n<p><a href=\"https:\/\/www.pagina12.com.ar\/414599-autoras-tangueras-reune-a-las-mujeres-que-publicaron-libros-\">https:\/\/www.pagina12.com.ar\/414599-autoras-tangueras-reune-a-las-mujeres-que-publicaron-libros-<\/a><\/p>\n","protected":false},"excerpt":{"rendered":"<p>Las fundadoras pensaron esta colectiva como un canal de encuentro, participaci\u00f3n, movimiento y est\u00edmulo mutuo.\u00a0 https:\/\/www.pagina12.com.ar\/414599-autoras-tangueras-reune-a-las-mujeres-que-publicaron-libros-<\/p>\n","protected":false},"author":7,"featured_media":2850,"comment_status":"open","ping_status":"closed","sticky":false,"template":"","format":"standard","meta":{"jetpack_post_was_ever_published":false,"_jetpack_newsletter_access":"","_jetpack_dont_email_post_to_subs":false,"_jetpack_newsletter_tier_id":0,"_jetpack_memberships_contains_paywalled_content":false,"_jetpack_memberships_contains_paid_content":false,"footnotes":"","jetpack_publicize_message":"","jetpack_publicize_feature_enabled":true,"jetpack_social_post_already_shared":true,"jetpack_social_options":{"image_generator_settings":{"template":"highway","default_image_id":0,"font":"","enabled":false},"version":2}},"categories":[1],"tags":[],"class_list":["post-2849","post","type-post","status-publish","format-standard","has-post-thumbnail","hentry","category-sin-categoria"],"jetpack_publicize_connections":[],"jetpack_featured_media_url":"https:\/\/1005.com.ar\/wp-content\/uploads\/2022\/04\/461777-whatsapp-20image-202022-04-11-20at-203-53-08-20pm-0.jpeg","jetpack-related-posts":[{"id":3031,"url":"https:\/\/1005.com.ar\/index.php\/2022\/07\/04\/el-presidente-se-reune-con-batakis-y-funcionarios-ponderan-su-designacion-en-economia\/","url_meta":{"origin":2849,"position":0},"title":"El Presidente se re\u00fane con Batakis y funcionarios ponderan su designaci\u00f3n en Econom\u00eda","author":"Julieta Di Rocco","date":"julio 4, 2022","format":false,"excerpt":"La designaci\u00f3n de Batakis Econom\u00eda viene a completar las tareas pendientes de Guzm\u00e1n, entre las que se encuentra la renegociaci\u00f3n de la deuda con el Club de Par\u00eds, la definici\u00f3n de las nuevas tarifas de luz y gas, y promover una baja de la inflaci\u00f3n. https:\/\/www.telam.com.ar\/notas\/202207\/597431-alberto-fernandez-desayuno-batakis-olivos.html","rel":"","context":"En \u00abSin categor\u00eda\u00bb","block_context":{"text":"Sin categor\u00eda","link":"https:\/\/1005.com.ar\/index.php\/category\/sin-categoria\/"},"img":{"alt_text":"","src":"https:\/\/i0.wp.com\/1005.com.ar\/wp-content\/uploads\/2022\/07\/62c2475c0c729_900.jpg?resize=350%2C200&ssl=1","width":350,"height":200,"srcset":"https:\/\/i0.wp.com\/1005.com.ar\/wp-content\/uploads\/2022\/07\/62c2475c0c729_900.jpg?resize=350%2C200&ssl=1 1x, https:\/\/i0.wp.com\/1005.com.ar\/wp-content\/uploads\/2022\/07\/62c2475c0c729_900.jpg?resize=525%2C300&ssl=1 1.5x, https:\/\/i0.wp.com\/1005.com.ar\/wp-content\/uploads\/2022\/07\/62c2475c0c729_900.jpg?resize=700%2C400&ssl=1 2x"},"classes":[]},{"id":1716,"url":"https:\/\/1005.com.ar\/index.php\/2021\/03\/01\/el-siglo-de-las-mujeres-un-encuentro-cultural-para-luchar-contra-la-violencia-patriarcal\/","url_meta":{"origin":2849,"position":1},"title":"\u00abEl siglo de las mujeres\u00bb, un encuentro cultural para luchar contra la violencia patriarcal","author":"Radio Music","date":"marzo 1, 2021","format":false,"excerpt":"El Goethe- Institut La Paz y la Coordinadora de la Mujer de Bolivia realizan este encuentro virtual entre el 1\u00b0 y el 3 de marzo. Se trata de un espacio de intercambio entre especialistas y activistas que buscan intensificar las estrategias de lucha. Habr\u00e1 representantes de Argentina, Alemania, Bolivia, Brasil,\u2026","rel":"","context":"En \u00abSin categor\u00eda\u00bb","block_context":{"text":"Sin categor\u00eda","link":"https:\/\/1005.com.ar\/index.php\/category\/sin-categoria\/"},"img":{"alt_text":"","src":"","width":0,"height":0},"classes":[]},{"id":1772,"url":"https:\/\/1005.com.ar\/index.php\/2021\/03\/05\/cinco-cineastas-mujeres-presentan-cortos-sobre-la-pandemia-en-el-ciclo-bitacoras\/","url_meta":{"origin":2849,"position":2},"title":"Cinco cineastas mujeres presentan cortos sobre la pandemia en el ciclo Bit\u00e1coras","author":"Radio Music","date":"marzo 5, 2021","format":false,"excerpt":"A la pandemia se la padece, pero tambi\u00e9n hay quienes la piensan.\u00a0\u00bfC\u00f3mo se atraviesa una situaci\u00f3n para la que nadie est\u00e1 preparado y cuyo transitar est\u00e1 plagado de incertidumbre? \u00bfEs posible transformar esa desolaci\u00f3n aterradora en un proceso creativo que sea capaz de plasmar un presente con perspectiva de futuro?\u00a0Cinco\u2026","rel":"","context":"En \u00abSin categor\u00eda\u00bb","block_context":{"text":"Sin categor\u00eda","link":"https:\/\/1005.com.ar\/index.php\/category\/sin-categoria\/"},"img":{"alt_text":"","src":"","width":0,"height":0},"classes":[]},{"id":3629,"url":"https:\/\/1005.com.ar\/index.php\/2022\/12\/11\/estela-diaz-las-mujeres-somos-un-frente-de-resistencia\/","url_meta":{"origin":2849,"position":3},"title":"Estela D\u00edaz: \u00abLas mujeres somos un frente de resistencia\u00bb","author":"Julieta Di Rocco","date":"diciembre 11, 2022","format":false,"excerpt":"Reportaje a la ministra de Mujeres y Pol\u00edticas de G\u00e9nero https:\/\/www.pagina12.com.ar\/506842-estela-diaz-las-mujeres-somos-un-frente-de-resistencia","rel":"","context":"En \u00abSin categor\u00eda\u00bb","block_context":{"text":"Sin categor\u00eda","link":"https:\/\/1005.com.ar\/index.php\/category\/sin-categoria\/"},"img":{"alt_text":"","src":"https:\/\/i0.wp.com\/1005.com.ar\/wp-content\/uploads\/2022\/12\/678447-estela-20diaz.jpg?resize=350%2C200&ssl=1","width":350,"height":200,"srcset":"https:\/\/i0.wp.com\/1005.com.ar\/wp-content\/uploads\/2022\/12\/678447-estela-20diaz.jpg?resize=350%2C200&ssl=1 1x, https:\/\/i0.wp.com\/1005.com.ar\/wp-content\/uploads\/2022\/12\/678447-estela-20diaz.jpg?resize=525%2C300&ssl=1 1.5x, https:\/\/i0.wp.com\/1005.com.ar\/wp-content\/uploads\/2022\/12\/678447-estela-20diaz.jpg?resize=700%2C400&ssl=1 2x"},"classes":[]},{"id":5020,"url":"https:\/\/1005.com.ar\/index.php\/2024\/04\/27\/jubilarse-sera-mas-dificil-para-las-mujeres\/","url_meta":{"origin":2849,"position":4},"title":"Jubilarse ser\u00e1 m\u00e1s dif\u00edcil para las mujeres","author":"Julieta Di Rocco","date":"abril 27, 2024","format":false,"excerpt":"La aprobaci\u00f3n de la Ley Bases marcar\u00eda el fin de la moratoria previsional https:\/\/www.pagina12.com.ar\/732175-jubilarse-sera-mas-dificil-para-las-mujeres","rel":"","context":"En \u00abSin categor\u00eda\u00bb","block_context":{"text":"Sin categor\u00eda","link":"https:\/\/1005.com.ar\/index.php\/category\/sin-categoria\/"},"img":{"alt_text":"","src":"https:\/\/i0.wp.com\/1005.com.ar\/wp-content\/uploads\/2024\/04\/834747-whatsapp-20image-202024-04-26-20at-2017-41-21.jpeg?resize=350%2C200&ssl=1","width":350,"height":200,"srcset":"https:\/\/i0.wp.com\/1005.com.ar\/wp-content\/uploads\/2024\/04\/834747-whatsapp-20image-202024-04-26-20at-2017-41-21.jpeg?resize=350%2C200&ssl=1 1x, https:\/\/i0.wp.com\/1005.com.ar\/wp-content\/uploads\/2024\/04\/834747-whatsapp-20image-202024-04-26-20at-2017-41-21.jpeg?resize=525%2C300&ssl=1 1.5x, https:\/\/i0.wp.com\/1005.com.ar\/wp-content\/uploads\/2024\/04\/834747-whatsapp-20image-202024-04-26-20at-2017-41-21.jpeg?resize=700%2C400&ssl=1 2x"},"classes":[]},{"id":4374,"url":"https:\/\/1005.com.ar\/index.php\/2023\/09\/28\/la-lucha-de-las-mujeres-por-derechos-y-contra-la-derecha-en-imagenes\/","url_meta":{"origin":2849,"position":5},"title":"La lucha de las mujeres por derechos y contra la derecha, en im\u00e1genes","author":"Julieta Di Rocco","date":"septiembre 28, 2023","format":false,"excerpt":"https:\/\/www.pagina12.com.ar\/592862-la-lucha-de-las-mujeres-por-derechos-y-contra-la-derecha-en-","rel":"","context":"En \u00abSin categor\u00eda\u00bb","block_context":{"text":"Sin categor\u00eda","link":"https:\/\/1005.com.ar\/index.php\/category\/sin-categoria\/"},"img":{"alt_text":"","src":"https:\/\/i0.wp.com\/1005.com.ar\/wp-content\/uploads\/2023\/09\/772824-whatsapp-20image-202023-09-28-20at-2016-44-04.jpeg?resize=350%2C200&ssl=1","width":350,"height":200,"srcset":"https:\/\/i0.wp.com\/1005.com.ar\/wp-content\/uploads\/2023\/09\/772824-whatsapp-20image-202023-09-28-20at-2016-44-04.jpeg?resize=350%2C200&ssl=1 1x, https:\/\/i0.wp.com\/1005.com.ar\/wp-content\/uploads\/2023\/09\/772824-whatsapp-20image-202023-09-28-20at-2016-44-04.jpeg?resize=525%2C300&ssl=1 1.5x, https:\/\/i0.wp.com\/1005.com.ar\/wp-content\/uploads\/2023\/09\/772824-whatsapp-20image-202023-09-28-20at-2016-44-04.jpeg?resize=700%2C400&ssl=1 2x"},"classes":[]}],"jetpack_likes_enabled":true,"jetpack_sharing_enabled":true,"_links":{"self":[{"href":"https:\/\/1005.com.ar\/index.php\/wp-json\/wp\/v2\/posts\/2849","targetHints":{"allow":["GET"]}}],"collection":[{"href":"https:\/\/1005.com.ar\/index.php\/wp-json\/wp\/v2\/posts"}],"about":[{"href":"https:\/\/1005.com.ar\/index.php\/wp-json\/wp\/v2\/types\/post"}],"author":[{"embeddable":true,"href":"https:\/\/1005.com.ar\/index.php\/wp-json\/wp\/v2\/users\/7"}],"replies":[{"embeddable":true,"href":"https:\/\/1005.com.ar\/index.php\/wp-json\/wp\/v2\/comments?post=2849"}],"version-history":[{"count":1,"href":"https:\/\/1005.com.ar\/index.php\/wp-json\/wp\/v2\/posts\/2849\/revisions"}],"predecessor-version":[{"id":2851,"href":"https:\/\/1005.com.ar\/index.php\/wp-json\/wp\/v2\/posts\/2849\/revisions\/2851"}],"wp:featuredmedia":[{"embeddable":true,"href":"https:\/\/1005.com.ar\/index.php\/wp-json\/wp\/v2\/media\/2850"}],"wp:attachment":[{"href":"https:\/\/1005.com.ar\/index.php\/wp-json\/wp\/v2\/media?parent=2849"}],"wp:term":[{"taxonomy":"category","embeddable":true,"href":"https:\/\/1005.com.ar\/index.php\/wp-json\/wp\/v2\/categories?post=2849"},{"taxonomy":"post_tag","embeddable":true,"href":"https:\/\/1005.com.ar\/index.php\/wp-json\/wp\/v2\/tags?post=2849"}],"curies":[{"name":"wp","href":"https:\/\/api.w.org\/{rel}","templated":true}]}}