{"id":2796,"date":"2022-04-04T13:19:59","date_gmt":"2022-04-04T16:19:59","guid":{"rendered":"https:\/\/1005.com.ar\/?p=2796"},"modified":"2022-04-04T13:23:09","modified_gmt":"2022-04-04T16:23:09","slug":"desabastecimiento-precio-diferenciado-y-cupos-de-venta-de-gasoil-en-nuestra-ciudad","status":"publish","type":"post","link":"https:\/\/1005.com.ar\/index.php\/2022\/04\/04\/desabastecimiento-precio-diferenciado-y-cupos-de-venta-de-gasoil-en-nuestra-ciudad\/","title":{"rendered":"Desabastecimiento, precio diferenciado y cupos de venta de gasoil en nuestra ciudad"},"content":{"rendered":"\n<p><a href=\"https:\/\/www.lasintesis.com.ar\/nota-desabastecimiento-precio-diferenciado-y-cupos-de-venta-de-gasoil-en-nuestra-ciudad-157010\">https:\/\/www.lasintesis.com.ar\/nota-desabastecimiento-precio-diferenciado-y-cupos-de-venta-de-gasoil-en-nuestra-ciudad-157010<\/a><\/p>\n","protected":false},"excerpt":{"rendered":"<p>https:\/\/www.lasintesis.com.ar\/nota-desabastecimiento-precio-diferenciado-y-cupos-de-venta-de-gasoil-en-nuestra-ciudad-157010<\/p>\n","protected":false},"author":7,"featured_media":2797,"comment_status":"open","ping_status":"closed","sticky":false,"template":"","format":"standard","meta":{"jetpack_post_was_ever_published":false,"_jetpack_newsletter_access":"","_jetpack_dont_email_post_to_subs":false,"_jetpack_newsletter_tier_id":0,"_jetpack_memberships_contains_paywalled_content":false,"_jetpack_memberships_contains_paid_content":false,"footnotes":"","jetpack_publicize_message":"","jetpack_publicize_feature_enabled":true,"jetpack_social_post_already_shared":true,"jetpack_social_options":{"image_generator_settings":{"template":"highway","default_image_id":0,"font":"","enabled":false},"version":2}},"categories":[1],"tags":[],"class_list":["post-2796","post","type-post","status-publish","format-standard","has-post-thumbnail","hentry","category-sin-categoria"],"jetpack_publicize_connections":[],"jetpack_featured_media_url":"https:\/\/1005.com.ar\/wp-content\/uploads\/2022\/04\/1649079373.jpeg","jetpack-related-posts":[{"id":1498,"url":"https:\/\/1005.com.ar\/index.php\/2021\/02\/08\/entrevista-a-alberto-fernandez-preferiria-no-hacerlo-pero-si-el-campo-no-entiende-voy-a-subir-las-retenciones-o-establecer-cupos\/","url_meta":{"origin":2796,"position":0},"title":"Entrevista a Alberto Fern\u00e1ndez: \u00abPreferir\u00eda no hacerlo, pero si el campo no entiende voy a subir las retenciones o establecer cupos\u00bb","author":"Radio Music","date":"febrero 8, 2021","format":false,"excerpt":"El Presidente ya defini\u00f3 qu\u00e9 har\u00e1 si los productores de alimentos siguen cobrando a precios de exportaci\u00f3n","rel":"","context":"En \u00abSin categor\u00eda\u00bb","block_context":{"text":"Sin categor\u00eda","link":"https:\/\/1005.com.ar\/index.php\/category\/sin-categoria\/"},"img":{"alt_text":"","src":"","width":0,"height":0},"classes":[]},{"id":2020,"url":"https:\/\/1005.com.ar\/index.php\/2021\/05\/18\/alberto-fernandez-el-tema-de-la-carne-se-desmadro\/","url_meta":{"origin":2796,"position":1},"title":"Alberto Fern\u00e1ndez: \u201cEl tema de la carne se desmadr\u00f3\u201d","author":"Radio Music","date":"mayo 18, 2021","format":false,"excerpt":"El jefe de Estado explic\u00f3 que el problema surgi\u00f3 cuando el gobierno de Macri impuls\u00f3 una \u201ctotal apertura al sector\u201d debido a las compras de China. Dijo que hay que \u201cponer orden en el Mercado de Liniers\u201d y no descart\u00f3\u00a0la aplicaci\u00f3n de cupos para abastecer el mercado interno o un\u2026","rel":"","context":"En \u00abSin categor\u00eda\u00bb","block_context":{"text":"Sin categor\u00eda","link":"https:\/\/1005.com.ar\/index.php\/category\/sin-categoria\/"},"img":{"alt_text":"","src":"","width":0,"height":0},"classes":[]},{"id":3120,"url":"https:\/\/1005.com.ar\/index.php\/2022\/07\/13\/protesta-con-mas-color-partidario-que-sectorial\/","url_meta":{"origin":2796,"position":2},"title":"Protesta con m\u00e1s color partidario que sectorial","author":"Julieta Di Rocco","date":"julio 13, 2022","format":false,"excerpt":"El cuarteto empresarial, en el cual dos se identifican con la l\u00ednea dura del PRO, protesta en demanda de dos temas en v\u00edas de solucionarse (gasoil y fertilizantes) y un tercero (estabilidad monetaria) en el que son activos desestabilizadores. https:\/\/www.pagina12.com.ar\/436569-protesta-con-mas-color-partidario-que-sectorial","rel":"","context":"En \u00abSin categor\u00eda\u00bb","block_context":{"text":"Sin categor\u00eda","link":"https:\/\/1005.com.ar\/index.php\/category\/sin-categoria\/"},"img":{"alt_text":"","src":"https:\/\/i0.wp.com\/1005.com.ar\/wp-content\/uploads\/2022\/07\/580687-whatsapp-20image-202022-07-12-20at-208-19-15-20pm.jpeg?resize=350%2C200&ssl=1","width":350,"height":200,"srcset":"https:\/\/i0.wp.com\/1005.com.ar\/wp-content\/uploads\/2022\/07\/580687-whatsapp-20image-202022-07-12-20at-208-19-15-20pm.jpeg?resize=350%2C200&ssl=1 1x, https:\/\/i0.wp.com\/1005.com.ar\/wp-content\/uploads\/2022\/07\/580687-whatsapp-20image-202022-07-12-20at-208-19-15-20pm.jpeg?resize=525%2C300&ssl=1 1.5x, https:\/\/i0.wp.com\/1005.com.ar\/wp-content\/uploads\/2022\/07\/580687-whatsapp-20image-202022-07-12-20at-208-19-15-20pm.jpeg?resize=700%2C400&ssl=1 2x"},"classes":[]},{"id":2852,"url":"https:\/\/1005.com.ar\/index.php\/2022\/04\/11\/comenzo-el-paro-de-los-transportistas-de-granos-por-tiempo-indeterminado\/","url_meta":{"origin":2796,"position":3},"title":"Comenz\u00f3 el paro de los transportistas de granos por tiempo indeterminado","author":"Julieta Di Rocco","date":"abril 11, 2022","format":false,"excerpt":"Ocurre en plena cosecha de soja y ma\u00edz. Se quejan del racionamiento del gasoil, un fuerte aumento de precios y la necesidad de tener que cargar varias veces para completar un viaje https:\/\/www.lasintesis.com.ar\/nota-comenzo-el-paro-de-los-transportistas-de-granos-por-tiempo-indeterminado-222707","rel":"","context":"En \u00abSin categor\u00eda\u00bb","block_context":{"text":"Sin categor\u00eda","link":"https:\/\/1005.com.ar\/index.php\/category\/sin-categoria\/"},"img":{"alt_text":"","src":"https:\/\/i0.wp.com\/1005.com.ar\/wp-content\/uploads\/2022\/04\/1649687842.jpeg?resize=350%2C200&ssl=1","width":350,"height":200,"srcset":"https:\/\/i0.wp.com\/1005.com.ar\/wp-content\/uploads\/2022\/04\/1649687842.jpeg?resize=350%2C200&ssl=1 1x, https:\/\/i0.wp.com\/1005.com.ar\/wp-content\/uploads\/2022\/04\/1649687842.jpeg?resize=525%2C300&ssl=1 1.5x, https:\/\/i0.wp.com\/1005.com.ar\/wp-content\/uploads\/2022\/04\/1649687842.jpeg?resize=700%2C400&ssl=1 2x"},"classes":[]},{"id":3117,"url":"https:\/\/1005.com.ar\/index.php\/2022\/07\/13\/pami-duplica-la-asignacion-universal-para-centros-de-jubilados\/","url_meta":{"origin":2796,"position":4},"title":"PAMI DUPLICA LA ASIGNACI\u00d3N UNIVERSAL PARA CENTROS DE JUBILADOS","author":"Julieta Di Rocco","date":"julio 13, 2022","format":false,"excerpt":"La direcci\u00f3n ejecutiva de PAMI anunci\u00f3 que duplicar\u00e1 la asignaci\u00f3n universal para centros de jubilados llev\u00e1ndola a 20.000 pesos y abrir\u00e1 nuevos cupos del programa alimentario para socios de centros en situaciones de vulnerabilidad. Durante esta gesti\u00f3n PAMI instrument\u00f3 la asignaci\u00f3n universal en centros de jubilados. Todos los centros del\u2026","rel":"","context":"En \u00abSin categor\u00eda\u00bb","block_context":{"text":"Sin categor\u00eda","link":"https:\/\/1005.com.ar\/index.php\/category\/sin-categoria\/"},"img":{"alt_text":"","src":"https:\/\/i0.wp.com\/1005.com.ar\/wp-content\/uploads\/2022\/07\/293543333_10224169520359817_1605110301288090398_n.jpg?resize=350%2C200&ssl=1","width":350,"height":200,"srcset":"https:\/\/i0.wp.com\/1005.com.ar\/wp-content\/uploads\/2022\/07\/293543333_10224169520359817_1605110301288090398_n.jpg?resize=350%2C200&ssl=1 1x, https:\/\/i0.wp.com\/1005.com.ar\/wp-content\/uploads\/2022\/07\/293543333_10224169520359817_1605110301288090398_n.jpg?resize=525%2C300&ssl=1 1.5x, https:\/\/i0.wp.com\/1005.com.ar\/wp-content\/uploads\/2022\/07\/293543333_10224169520359817_1605110301288090398_n.jpg?resize=700%2C400&ssl=1 2x, https:\/\/i0.wp.com\/1005.com.ar\/wp-content\/uploads\/2022\/07\/293543333_10224169520359817_1605110301288090398_n.jpg?resize=1050%2C600&ssl=1 3x"},"classes":[]},{"id":1271,"url":"https:\/\/1005.com.ar\/index.php\/2021\/01\/26\/cortes-de-carne-a-la-medida-del-bolsillo\/","url_meta":{"origin":2796,"position":5},"title":"Cortes de carne a la medida del bolsillo","author":"Radio Music","date":"enero 26, 2021","format":false,"excerpt":"El Gobierno anunci\u00f3 que habr\u00e1 producto a valor econ\u00f3mico.Estar\u00e1n disponibles m\u00e1s de diez variantes a un precio hasta 30 por ciento inferior a diciembre. El acuerdo es anual y de revisi\u00f3n peri\u00f3dica. D\u00f3nde se podr\u00e1 comprar.","rel":"","context":"En \u00abSin categor\u00eda\u00bb","block_context":{"text":"Sin categor\u00eda","link":"https:\/\/1005.com.ar\/index.php\/category\/sin-categoria\/"},"img":{"alt_text":"","src":"https:\/\/i0.wp.com\/1005.com.ar\/wp-content\/uploads\/2021\/01\/descarga-1-1.jpg?resize=350%2C200&ssl=1","width":350,"height":200},"classes":[]}],"jetpack_likes_enabled":true,"jetpack_sharing_enabled":true,"_links":{"self":[{"href":"https:\/\/1005.com.ar\/index.php\/wp-json\/wp\/v2\/posts\/2796","targetHints":{"allow":["GET"]}}],"collection":[{"href":"https:\/\/1005.com.ar\/index.php\/wp-json\/wp\/v2\/posts"}],"about":[{"href":"https:\/\/1005.com.ar\/index.php\/wp-json\/wp\/v2\/types\/post"}],"author":[{"embeddable":true,"href":"https:\/\/1005.com.ar\/index.php\/wp-json\/wp\/v2\/users\/7"}],"replies":[{"embeddable":true,"href":"https:\/\/1005.com.ar\/index.php\/wp-json\/wp\/v2\/comments?post=2796"}],"version-history":[{"count":1,"href":"https:\/\/1005.com.ar\/index.php\/wp-json\/wp\/v2\/posts\/2796\/revisions"}],"predecessor-version":[{"id":2798,"href":"https:\/\/1005.com.ar\/index.php\/wp-json\/wp\/v2\/posts\/2796\/revisions\/2798"}],"wp:featuredmedia":[{"embeddable":true,"href":"https:\/\/1005.com.ar\/index.php\/wp-json\/wp\/v2\/media\/2797"}],"wp:attachment":[{"href":"https:\/\/1005.com.ar\/index.php\/wp-json\/wp\/v2\/media?parent=2796"}],"wp:term":[{"taxonomy":"category","embeddable":true,"href":"https:\/\/1005.com.ar\/index.php\/wp-json\/wp\/v2\/categories?post=2796"},{"taxonomy":"post_tag","embeddable":true,"href":"https:\/\/1005.com.ar\/index.php\/wp-json\/wp\/v2\/tags?post=2796"}],"curies":[{"name":"wp","href":"https:\/\/api.w.org\/{rel}","templated":true}]}}