{"id":2748,"date":"2022-03-30T17:43:59","date_gmt":"2022-03-30T20:43:59","guid":{"rendered":"https:\/\/1005.com.ar\/?p=2748"},"modified":"2022-03-30T17:44:01","modified_gmt":"2022-03-30T20:44:01","slug":"paz-pan-y-trabajo-que-la-deuda-no-la-paguen-los-de-abajo","status":"publish","type":"post","link":"https:\/\/1005.com.ar\/index.php\/2022\/03\/30\/paz-pan-y-trabajo-que-la-deuda-no-la-paguen-los-de-abajo\/","title":{"rendered":"\u201cPaz, pan y trabajo. Que la deuda no la paguen los de abajo\u201d"},"content":{"rendered":"\n<h1 class=\"wp-block-heading\">Declaraci\u00f3n de sindicalistas a 40 a\u00f1os de la&nbsp; hist\u00f3rica marcha de la CGT contra la dictadura<\/h1>\n\n\n\n<p><a href=\"https:\/\/www.pagina12.com.ar\/411897-declaracion-de-sindicalistas-a-40-anos-de-la-historica-march\">https:\/\/www.pagina12.com.ar\/411897-declaracion-de-sindicalistas-a-40-anos-de-la-historica-march<\/a><\/p>\n","protected":false},"excerpt":{"rendered":"<p>Declaraci\u00f3n de sindicalistas a 40 a\u00f1os de la&nbsp; hist\u00f3rica marcha de la CGT contra la dictadura https:\/\/www.pagina12.com.ar\/411897-declaracion-de-sindicalistas-a-40-anos-de-la-historica-march<\/p>\n","protected":false},"author":7,"featured_media":2749,"comment_status":"open","ping_status":"closed","sticky":false,"template":"","format":"standard","meta":{"jetpack_post_was_ever_published":false,"_jetpack_newsletter_access":"","_jetpack_dont_email_post_to_subs":false,"_jetpack_newsletter_tier_id":0,"_jetpack_memberships_contains_paywalled_content":false,"_jetpack_memberships_contains_paid_content":false,"footnotes":"","jetpack_publicize_message":"","jetpack_publicize_feature_enabled":true,"jetpack_social_post_already_shared":true,"jetpack_social_options":{"image_generator_settings":{"template":"highway","default_image_id":0,"font":"","enabled":false},"version":2}},"categories":[1],"tags":[],"class_list":["post-2748","post","type-post","status-publish","format-standard","has-post-thumbnail","hentry","category-sin-categoria"],"jetpack_publicize_connections":[],"jetpack_featured_media_url":"https:\/\/1005.com.ar\/wp-content\/uploads\/2022\/03\/437077-cgt-201982.jpg","jetpack-related-posts":[{"id":2171,"url":"https:\/\/1005.com.ar\/index.php\/2021\/07\/13\/una-linda-noticia-que-va-de-la-mano-del-gran-trabajo-que-se-viene-realizando-en-esta-campana-historica-de-vacunacion-saladillo-es-ciudadprotegida-si-sos-mayor-de-18-anos-y-todavia-no-te-vacunaste-p\/","url_meta":{"origin":2748,"position":0},"title":"Una linda noticia que va de la mano del gran trabajo que se viene realizando en esta campa\u00f1a hist\u00f3rica de vacunaci\u00f3n. Saladillo es #CiudadProtegida. Si sos mayor de 18 a\u00f1os y todav\u00eda no te vacunaste podes concurrir con tu dni para aplicarte la vacuna. Este esfuerzo colectivo va dando sus frutos!","author":"Radio Music","date":"julio 13, 2021","format":false,"excerpt":"","rel":"","context":"En \u00abSin categor\u00eda\u00bb","block_context":{"text":"Sin categor\u00eda","link":"https:\/\/1005.com.ar\/index.php\/category\/sin-categoria\/"},"img":{"alt_text":"","src":"https:\/\/i0.wp.com\/1005.com.ar\/wp-content\/uploads\/2021\/07\/217404709_10225206247280376_4517994109938320378_n.jpg?resize=350%2C200&ssl=1","width":350,"height":200,"srcset":"https:\/\/i0.wp.com\/1005.com.ar\/wp-content\/uploads\/2021\/07\/217404709_10225206247280376_4517994109938320378_n.jpg?resize=350%2C200&ssl=1 1x, https:\/\/i0.wp.com\/1005.com.ar\/wp-content\/uploads\/2021\/07\/217404709_10225206247280376_4517994109938320378_n.jpg?resize=525%2C300&ssl=1 1.5x, https:\/\/i0.wp.com\/1005.com.ar\/wp-content\/uploads\/2021\/07\/217404709_10225206247280376_4517994109938320378_n.jpg?resize=700%2C400&ssl=1 2x"},"classes":[]},{"id":2360,"url":"https:\/\/1005.com.ar\/index.php\/2021\/11\/15\/historica-eleccion-del-peronismo-en-la-septima-seccion\/","url_meta":{"origin":2748,"position":1},"title":"Hist\u00f3rica elecci\u00f3n del Peronismo en la S\u00e9ptima secci\u00f3n","author":"Radio Music","date":"noviembre 15, 2021","format":false,"excerpt":"Bali Bucca recupera banca en el senado de la provincia despu\u00e9s de 24 a\u00f1os El Frente de Todos recuper\u00f3 un esca\u00f1o en el Senado de la Provincia de Buenos Aires de la mano del Dr. Eduardo \"Bali\" Bucca, al superar el piso electoral con el 33,74% de los votos con\u2026","rel":"","context":"En \u00abSin categor\u00eda\u00bb","block_context":{"text":"Sin categor\u00eda","link":"https:\/\/1005.com.ar\/index.php\/category\/sin-categoria\/"},"img":{"alt_text":"","src":"https:\/\/i0.wp.com\/1005.com.ar\/wp-content\/uploads\/2021\/11\/1636979691.jpeg?resize=350%2C200&ssl=1","width":350,"height":200,"srcset":"https:\/\/i0.wp.com\/1005.com.ar\/wp-content\/uploads\/2021\/11\/1636979691.jpeg?resize=350%2C200&ssl=1 1x, https:\/\/i0.wp.com\/1005.com.ar\/wp-content\/uploads\/2021\/11\/1636979691.jpeg?resize=525%2C300&ssl=1 1.5x, https:\/\/i0.wp.com\/1005.com.ar\/wp-content\/uploads\/2021\/11\/1636979691.jpeg?resize=700%2C400&ssl=1 2x"},"classes":[]},{"id":1099,"url":"https:\/\/1005.com.ar\/index.php\/2021\/01\/18\/jornada-historica-de-vacunacion-en-la-provincia\/","url_meta":{"origin":2748,"position":2},"title":"JORNADA HIST\u00d3RICA DE VACUNACI\u00d3N EN LA PROVINCIA","author":"Radio Music","date":"enero 18, 2021","format":false,"excerpt":"En la primera etapa de vacunaci\u00f3n el Hospital \"Dr. Posadas\" aplic\u00f3 390 dosis del primer componente de la vacuna contra el coronavirus.","rel":"","context":"En \u00abSin categor\u00eda\u00bb","block_context":{"text":"Sin categor\u00eda","link":"https:\/\/1005.com.ar\/index.php\/category\/sin-categoria\/"},"img":{"alt_text":"","src":"https:\/\/i0.wp.com\/1005.com.ar\/wp-content\/uploads\/2021\/01\/140212501_200200631832920_8462061094107076357_o.jpg?resize=350%2C200&ssl=1","width":350,"height":200,"srcset":"https:\/\/i0.wp.com\/1005.com.ar\/wp-content\/uploads\/2021\/01\/140212501_200200631832920_8462061094107076357_o.jpg?resize=350%2C200&ssl=1 1x, https:\/\/i0.wp.com\/1005.com.ar\/wp-content\/uploads\/2021\/01\/140212501_200200631832920_8462061094107076357_o.jpg?resize=525%2C300&ssl=1 1.5x, https:\/\/i0.wp.com\/1005.com.ar\/wp-content\/uploads\/2021\/01\/140212501_200200631832920_8462061094107076357_o.jpg?resize=700%2C400&ssl=1 2x, https:\/\/i0.wp.com\/1005.com.ar\/wp-content\/uploads\/2021\/01\/140212501_200200631832920_8462061094107076357_o.jpg?resize=1050%2C600&ssl=1 3x"},"classes":[]},{"id":3229,"url":"https:\/\/1005.com.ar\/index.php\/2022\/07\/26\/francesc-orella-ara-quiso-hacer-un-trabajo-a-la-altura-de-la-responsabilidad-historica-que-le-habia-tocado\/","url_meta":{"origin":2748,"position":3},"title":"Francesc Orella: \u00abAra quiso hacer un trabajo a la altura de la responsabilidad hist\u00f3rica que le hab\u00eda tocado\u00bb","author":"Julieta Di Rocco","date":"julio 26, 2022","format":false,"excerpt":"\"El libro del propio Pedro Ara, 'El caso Eva Per\u00f3n', fue el que me provey\u00f3 de mucha informaci\u00f3n a la hora de pensar en la construcci\u00f3n del personaje\u201d, reconoce el actor espa\u00f1ol. https:\/\/www.pagina12.com.ar\/439816-francesc-orella-ara-quiso-hacer-un-trabajo-a-la-altura-de-la","rel":"","context":"En \u00abSin categor\u00eda\u00bb","block_context":{"text":"Sin categor\u00eda","link":"https:\/\/1005.com.ar\/index.php\/category\/sin-categoria\/"},"img":{"alt_text":"","src":"https:\/\/i0.wp.com\/1005.com.ar\/wp-content\/uploads\/2022\/07\/591723-35a_0.jpeg?resize=350%2C200&ssl=1","width":350,"height":200,"srcset":"https:\/\/i0.wp.com\/1005.com.ar\/wp-content\/uploads\/2022\/07\/591723-35a_0.jpeg?resize=350%2C200&ssl=1 1x, https:\/\/i0.wp.com\/1005.com.ar\/wp-content\/uploads\/2022\/07\/591723-35a_0.jpeg?resize=525%2C300&ssl=1 1.5x, https:\/\/i0.wp.com\/1005.com.ar\/wp-content\/uploads\/2022\/07\/591723-35a_0.jpeg?resize=700%2C400&ssl=1 2x"},"classes":[]},{"id":1310,"url":"https:\/\/1005.com.ar\/index.php\/2021\/01\/27\/pinera-y-fernandez-liman-asperezas-y-fijan-a-futuro-una-hoja-de-ruta-comun\/","url_meta":{"origin":2748,"position":4},"title":"Pi\u00f1era y Fern\u00e1ndez liman asperezas y fijan a futuro una \u00abhoja de ruta\u00bb com\u00fan","author":"Radio Music","date":"enero 27, 2021","format":false,"excerpt":"En su primera jornada en el pa\u00eds trasandino, el Presidente firm\u00f3 una serie de acuerdos econ\u00f3micos y una declaraci\u00f3n con su par chileno.","rel":"","context":"En \u00abSin categor\u00eda\u00bb","block_context":{"text":"Sin categor\u00eda","link":"https:\/\/1005.com.ar\/index.php\/category\/sin-categoria\/"},"img":{"alt_text":"","src":"","width":0,"height":0},"classes":[]},{"id":1757,"url":"https:\/\/1005.com.ar\/index.php\/2021\/03\/05\/una-clase-magistral-para-desenmascarar-el-lawfare\/","url_meta":{"origin":2748,"position":5},"title":"Una \u00abclase magistral\u00bb para desenmascarar el lawfare","author":"Radio Music","date":"marzo 5, 2021","format":false,"excerpt":"El oficialismo ante la exposici\u00f3n de Cristina Fern\u00e1ndez de Kirchner","rel":"","context":"En \u00abSin categor\u00eda\u00bb","block_context":{"text":"Sin categor\u00eda","link":"https:\/\/1005.com.ar\/index.php\/category\/sin-categoria\/"},"img":{"alt_text":"","src":"","width":0,"height":0},"classes":[]}],"jetpack_likes_enabled":true,"jetpack_sharing_enabled":true,"_links":{"self":[{"href":"https:\/\/1005.com.ar\/index.php\/wp-json\/wp\/v2\/posts\/2748","targetHints":{"allow":["GET"]}}],"collection":[{"href":"https:\/\/1005.com.ar\/index.php\/wp-json\/wp\/v2\/posts"}],"about":[{"href":"https:\/\/1005.com.ar\/index.php\/wp-json\/wp\/v2\/types\/post"}],"author":[{"embeddable":true,"href":"https:\/\/1005.com.ar\/index.php\/wp-json\/wp\/v2\/users\/7"}],"replies":[{"embeddable":true,"href":"https:\/\/1005.com.ar\/index.php\/wp-json\/wp\/v2\/comments?post=2748"}],"version-history":[{"count":1,"href":"https:\/\/1005.com.ar\/index.php\/wp-json\/wp\/v2\/posts\/2748\/revisions"}],"predecessor-version":[{"id":2750,"href":"https:\/\/1005.com.ar\/index.php\/wp-json\/wp\/v2\/posts\/2748\/revisions\/2750"}],"wp:featuredmedia":[{"embeddable":true,"href":"https:\/\/1005.com.ar\/index.php\/wp-json\/wp\/v2\/media\/2749"}],"wp:attachment":[{"href":"https:\/\/1005.com.ar\/index.php\/wp-json\/wp\/v2\/media?parent=2748"}],"wp:term":[{"taxonomy":"category","embeddable":true,"href":"https:\/\/1005.com.ar\/index.php\/wp-json\/wp\/v2\/categories?post=2748"},{"taxonomy":"post_tag","embeddable":true,"href":"https:\/\/1005.com.ar\/index.php\/wp-json\/wp\/v2\/tags?post=2748"}],"curies":[{"name":"wp","href":"https:\/\/api.w.org\/{rel}","templated":true}]}}