{"id":2733,"date":"2022-03-30T15:54:59","date_gmt":"2022-03-30T18:54:59","guid":{"rendered":"https:\/\/1005.com.ar\/?p=2733"},"modified":"2022-03-30T15:55:01","modified_gmt":"2022-03-30T18:55:01","slug":"mas-violencia-contra-cristina-kirchner-vandalizaron-una-estatua-suya-en-rio-gallegos","status":"publish","type":"post","link":"https:\/\/1005.com.ar\/index.php\/2022\/03\/30\/mas-violencia-contra-cristina-kirchner-vandalizaron-una-estatua-suya-en-rio-gallegos\/","title":{"rendered":"M\u00e1s violencia contra Cristina Kirchner: vandalizaron una estatua suya en R\u00edo Gallegos"},"content":{"rendered":"\n<h3 class=\"wp-block-heading\">Estaba en un paseo junto a la de otros expresidentes y fue la \u00fanica destruida. La arrancaron de su pedestal y qued\u00f3 tirada en el piso. Un hombre fue detenido y el gobierno de Santa Cruz repudi\u00f3 el ataque.<\/h3>\n\n\n\n<p><a href=\"https:\/\/www.pagina12.com.ar\/411855-mas-violencia-contra-cristina-kirchner-vandalizaron-una-esta\">https:\/\/www.pagina12.com.ar\/411855-mas-violencia-contra-cristina-kirchner-vandalizaron-una-esta<\/a><\/p>\n","protected":false},"excerpt":{"rendered":"<p>Estaba en un paseo junto a la de otros expresidentes y fue la \u00fanica destruida. La arrancaron de su pedestal<\/p>\n","protected":false},"author":7,"featured_media":2734,"comment_status":"open","ping_status":"closed","sticky":false,"template":"","format":"standard","meta":{"jetpack_post_was_ever_published":false,"_jetpack_newsletter_access":"","_jetpack_dont_email_post_to_subs":false,"_jetpack_newsletter_tier_id":0,"_jetpack_memberships_contains_paywalled_content":false,"_jetpack_memberships_contains_paid_content":false,"footnotes":"","jetpack_publicize_message":"","jetpack_publicize_feature_enabled":true,"jetpack_social_post_already_shared":true,"jetpack_social_options":{"image_generator_settings":{"template":"highway","default_image_id":0,"font":"","enabled":false},"version":2}},"categories":[1],"tags":[],"class_list":["post-2733","post","type-post","status-publish","format-standard","has-post-thumbnail","hentry","category-sin-categoria"],"jetpack_publicize_connections":[],"jetpack_featured_media_url":"https:\/\/1005.com.ar\/wp-content\/uploads\/2022\/03\/436761-vandalizacion-20cfk-telam2.jpg","jetpack-related-posts":[{"id":3259,"url":"https:\/\/1005.com.ar\/index.php\/2022\/08\/01\/juicio-a-cristina-kirchner-en-vivo-el-fiscal-aseguro-que-nestor-y-cristina-instalaron-una-de-las-matrices-mas-extraordinarias-de-corrupcion\/","url_meta":{"origin":2733,"position":0},"title":"Juicio a Cristina Kirchner, EN VIVO: el fiscal asegur\u00f3 que \u201cN\u00e9stor y Cristina instalaron una de las matrices m\u00e1s extraordinarias de corrupci\u00f3n\u201d","author":"Julieta Di Rocco","date":"agosto 1, 2022","format":false,"excerpt":"La ex presidenta est\u00e1 conectada desde su despacho en el Senado. https:\/\/www.clarin.com\/politica\/juicio-cristina-kirchner-vivo-fiscal-aseguro-nestor-cristina-instalaron-matrices-extraordinarias-corrupcion-_0_89kgnjl6fi.html","rel":"","context":"En \u00abSin categor\u00eda\u00bb","block_context":{"text":"Sin categor\u00eda","link":"https:\/\/1005.com.ar\/index.php\/category\/sin-categoria\/"},"img":{"alt_text":"","src":"https:\/\/i0.wp.com\/1005.com.ar\/wp-content\/uploads\/2022\/08\/RRKLJCZ6NRG63DMDLRLKAVPPLQ.webp?resize=350%2C200&ssl=1","width":350,"height":200},"classes":[]},{"id":5240,"url":"https:\/\/1005.com.ar\/index.php\/2024\/06\/13\/cristina-kirchner-apunto-contra-los-dos-senadores-de-union-por-la-patria-que-votaron-la-ley-bases\/","url_meta":{"origin":2733,"position":1},"title":"Cristina Kirchner apunt\u00f3 contra los dos senadores de Uni\u00f3n por la Patria que votaron la Ley Bases","author":"Julieta Di Rocco","date":"junio 13, 2024","format":false,"excerpt":"https:\/\/www.pagina12.com.ar\/744399-cristina-kirchner-apunto-contra-los-dos-senadores-de-union-p","rel":"","context":"En \u00abSin categor\u00eda\u00bb","block_context":{"text":"Sin categor\u00eda","link":"https:\/\/1005.com.ar\/index.php\/category\/sin-categoria\/"},"img":{"alt_text":"","src":"https:\/\/i0.wp.com\/1005.com.ar\/wp-content\/uploads\/2024\/06\/847307-g0139034.jpg?resize=350%2C200&ssl=1","width":350,"height":200,"srcset":"https:\/\/i0.wp.com\/1005.com.ar\/wp-content\/uploads\/2024\/06\/847307-g0139034.jpg?resize=350%2C200&ssl=1 1x, https:\/\/i0.wp.com\/1005.com.ar\/wp-content\/uploads\/2024\/06\/847307-g0139034.jpg?resize=525%2C300&ssl=1 1.5x, https:\/\/i0.wp.com\/1005.com.ar\/wp-content\/uploads\/2024\/06\/847307-g0139034.jpg?resize=700%2C400&ssl=1 2x"},"classes":[]},{"id":2814,"url":"https:\/\/1005.com.ar\/index.php\/2022\/04\/07\/allanan-el-departamento-de-la-vecina-de-recoleta-buscada-por-carteles-contra-cristina-kirchner\/","url_meta":{"origin":2733,"position":2},"title":"Allanan el departamento de la vecina de Recoleta buscada por carteles contra Cristina Kirchner","author":"Julieta Di Rocco","date":"abril 7, 2022","format":false,"excerpt":"Nilda Melhem hab\u00eda presentado ayer un escrito en el juzgado para evitar ser detenida; tambi\u00e9n se present\u00f3 un chico de 17 a\u00f1os, se\u00f1alado como quien le entreg\u00f3 la plata al mensajero que la llev\u00f3 a la imprenta https:\/\/www.lanacion.com.ar\/politica\/la-vecina-de-recoleta-buscada-por-carteles-contra-cristina-kirchner-se-puso-a-disposicion-de-la-nid06042022\/","rel":"","context":"En \u00abSin categor\u00eda\u00bb","block_context":{"text":"Sin categor\u00eda","link":"https:\/\/1005.com.ar\/index.php\/category\/sin-categoria\/"},"img":{"alt_text":"","src":"https:\/\/i0.wp.com\/1005.com.ar\/wp-content\/uploads\/2022\/04\/LKT3ZVYRURHYVHO4P6YWTJLGP4.webp?resize=350%2C200&ssl=1","width":350,"height":200,"srcset":"https:\/\/i0.wp.com\/1005.com.ar\/wp-content\/uploads\/2022\/04\/LKT3ZVYRURHYVHO4P6YWTJLGP4.webp?resize=350%2C200&ssl=1 1x, https:\/\/i0.wp.com\/1005.com.ar\/wp-content\/uploads\/2022\/04\/LKT3ZVYRURHYVHO4P6YWTJLGP4.webp?resize=525%2C300&ssl=1 1.5x, https:\/\/i0.wp.com\/1005.com.ar\/wp-content\/uploads\/2022\/04\/LKT3ZVYRURHYVHO4P6YWTJLGP4.webp?resize=700%2C400&ssl=1 2x, https:\/\/i0.wp.com\/1005.com.ar\/wp-content\/uploads\/2022\/04\/LKT3ZVYRURHYVHO4P6YWTJLGP4.webp?resize=1050%2C600&ssl=1 3x"},"classes":[]},{"id":3318,"url":"https:\/\/1005.com.ar\/index.php\/2022\/08\/11\/las-pruebas-que-el-fiscal-luciani-nunca-probo-en-el-juicio-contra-cristina-kirchner\/","url_meta":{"origin":2733,"position":3},"title":"Las \u00abpruebas\u00bb que el fiscal Luciani nunca prob\u00f3 en el juicio contra Cristina Kirchner\u00a0","author":"Julieta Di Rocco","date":"agosto 11, 2022","format":false,"excerpt":"El sorprendente show por los pagos anticipados de las obras https:\/\/www.pagina12.com.ar\/472431-las-pruebas-que-el-fiscal-luciani-nunca-probo-en-el-juicio-c","rel":"","context":"En \u00abSin categor\u00eda\u00bb","block_context":{"text":"Sin categor\u00eda","link":"https:\/\/1005.com.ar\/index.php\/category\/sin-categoria\/"},"img":{"alt_text":"","src":"https:\/\/i0.wp.com\/1005.com.ar\/wp-content\/uploads\/2022\/08\/603802-whatsapp-20image-202022-08-10-20at-208-35-37-20pm-0.jpeg?resize=350%2C200&ssl=1","width":350,"height":200,"srcset":"https:\/\/i0.wp.com\/1005.com.ar\/wp-content\/uploads\/2022\/08\/603802-whatsapp-20image-202022-08-10-20at-208-35-37-20pm-0.jpeg?resize=350%2C200&ssl=1 1x, https:\/\/i0.wp.com\/1005.com.ar\/wp-content\/uploads\/2022\/08\/603802-whatsapp-20image-202022-08-10-20at-208-35-37-20pm-0.jpeg?resize=525%2C300&ssl=1 1.5x, https:\/\/i0.wp.com\/1005.com.ar\/wp-content\/uploads\/2022\/08\/603802-whatsapp-20image-202022-08-10-20at-208-35-37-20pm-0.jpeg?resize=700%2C400&ssl=1 2x"},"classes":[]},{"id":3290,"url":"https:\/\/1005.com.ar\/index.php\/2022\/08\/09\/por-que-cristina-kirchner-recuso-al-juez-y-al-fiscal-que-jugaban-al-futbol-en-la-quinta-de-macri\/","url_meta":{"origin":2733,"position":4},"title":"Por qu\u00e9 Cristina Kirchner recus\u00f3 al juez y al fiscal que jugaban al f\u00fatbol en la quinta de Macri","author":"Julieta Di Rocco","date":"agosto 9, 2022","format":false,"excerpt":"\"Impulsar una causa como fiscal para que la resuelva un Juez amigo, no es un comportamiento inocuo\", asegur\u00f3 la defensa de la ex presidenta, que tambi\u00e9n destac\u00f3 que el camarista Llorens, que frena las causas contra Macri e impulsa las de sus enemigos, juega como arquero en el mismo equipo.\u2026","rel":"","context":"En \u00abSin categor\u00eda\u00bb","block_context":{"text":"Sin categor\u00eda","link":"https:\/\/1005.com.ar\/index.php\/category\/sin-categoria\/"},"img":{"alt_text":"","src":"","width":0,"height":0},"classes":[]},{"id":4966,"url":"https:\/\/1005.com.ar\/index.php\/2024\/04\/23\/marcha-federal-universitaria-del-posteo-de-cristina-kirchner-a-la-amenaza-de-patricia-bullrich\/","url_meta":{"origin":2733,"position":5},"title":"Marcha federal universitaria: del posteo de Cristina Kirchner a la amenaza de Patricia Bullrich","author":"Julieta Di Rocco","date":"abril 23, 2024","format":false,"excerpt":"https:\/\/www.pagina12.com.ar\/731018-marcha-universitaria-contra-el-ajuste-de-milei","rel":"","context":"En \u00abSin categor\u00eda\u00bb","block_context":{"text":"Sin categor\u00eda","link":"https:\/\/1005.com.ar\/index.php\/category\/sin-categoria\/"},"img":{"alt_text":"","src":"https:\/\/i0.wp.com\/1005.com.ar\/wp-content\/uploads\/2024\/04\/833617-na13fo01-18.jpg?resize=350%2C200&ssl=1","width":350,"height":200,"srcset":"https:\/\/i0.wp.com\/1005.com.ar\/wp-content\/uploads\/2024\/04\/833617-na13fo01-18.jpg?resize=350%2C200&ssl=1 1x, https:\/\/i0.wp.com\/1005.com.ar\/wp-content\/uploads\/2024\/04\/833617-na13fo01-18.jpg?resize=525%2C300&ssl=1 1.5x, https:\/\/i0.wp.com\/1005.com.ar\/wp-content\/uploads\/2024\/04\/833617-na13fo01-18.jpg?resize=700%2C400&ssl=1 2x"},"classes":[]}],"jetpack_likes_enabled":true,"jetpack_sharing_enabled":true,"_links":{"self":[{"href":"https:\/\/1005.com.ar\/index.php\/wp-json\/wp\/v2\/posts\/2733","targetHints":{"allow":["GET"]}}],"collection":[{"href":"https:\/\/1005.com.ar\/index.php\/wp-json\/wp\/v2\/posts"}],"about":[{"href":"https:\/\/1005.com.ar\/index.php\/wp-json\/wp\/v2\/types\/post"}],"author":[{"embeddable":true,"href":"https:\/\/1005.com.ar\/index.php\/wp-json\/wp\/v2\/users\/7"}],"replies":[{"embeddable":true,"href":"https:\/\/1005.com.ar\/index.php\/wp-json\/wp\/v2\/comments?post=2733"}],"version-history":[{"count":1,"href":"https:\/\/1005.com.ar\/index.php\/wp-json\/wp\/v2\/posts\/2733\/revisions"}],"predecessor-version":[{"id":2735,"href":"https:\/\/1005.com.ar\/index.php\/wp-json\/wp\/v2\/posts\/2733\/revisions\/2735"}],"wp:featuredmedia":[{"embeddable":true,"href":"https:\/\/1005.com.ar\/index.php\/wp-json\/wp\/v2\/media\/2734"}],"wp:attachment":[{"href":"https:\/\/1005.com.ar\/index.php\/wp-json\/wp\/v2\/media?parent=2733"}],"wp:term":[{"taxonomy":"category","embeddable":true,"href":"https:\/\/1005.com.ar\/index.php\/wp-json\/wp\/v2\/categories?post=2733"},{"taxonomy":"post_tag","embeddable":true,"href":"https:\/\/1005.com.ar\/index.php\/wp-json\/wp\/v2\/tags?post=2733"}],"curies":[{"name":"wp","href":"https:\/\/api.w.org\/{rel}","templated":true}]}}