{"id":2715,"date":"2022-03-20T18:14:02","date_gmt":"2022-03-20T21:14:02","guid":{"rendered":"https:\/\/1005.com.ar\/?p=2715"},"modified":"2022-03-20T18:14:07","modified_gmt":"2022-03-20T21:14:07","slug":"el-estado-termina-siendo-el-unico-lugar-donde-consiguen-trabajo-las-personas-que-no-estudiaron","status":"publish","type":"post","link":"https:\/\/1005.com.ar\/index.php\/2022\/03\/20\/el-estado-termina-siendo-el-unico-lugar-donde-consiguen-trabajo-las-personas-que-no-estudiaron\/","title":{"rendered":"El Estado termina siendo el \u00fanico lugar donde consiguen trabajo las personas que no estudiaron\u201d"},"content":{"rendered":"\n<h1 class=\"wp-block-heading\">El clasismo de Soledad Acu\u00f1a no tiene techo: ahora carg\u00f3 contra los empleados p\u00fablicos<\/h1>\n\n\n\n<h3 class=\"wp-block-heading\">En una nueva descalificaci\u00f3n que se suma al repertorio de frases estigmatizantes de la ministra&nbsp;de Educaci\u00f3n porte\u00f1a, ahora Acu\u00f1a dijo que el Estado es \u00abel garante laboral\u00bb de personas que no trabajan.<\/h3>\n\n\n\n<p><a href=\"https:\/\/www.pagina12.com.ar\/409424-el-clasismo-de-soledad-acuna-no-tiene-techo-ahora-cargo-cont\">https:\/\/www.pagina12.com.ar\/409424-el-clasismo-de-soledad-acuna-no-tiene-techo-ahora-cargo-cont<\/a><\/p>\n","protected":false},"excerpt":{"rendered":"<p>El clasismo de Soledad Acu\u00f1a no tiene techo: ahora carg\u00f3 contra los empleados p\u00fablicos En una nueva descalificaci\u00f3n que se<\/p>\n","protected":false},"author":7,"featured_media":2716,"comment_status":"open","ping_status":"closed","sticky":false,"template":"","format":"standard","meta":{"jetpack_post_was_ever_published":false,"_jetpack_newsletter_access":"","_jetpack_dont_email_post_to_subs":false,"_jetpack_newsletter_tier_id":0,"_jetpack_memberships_contains_paywalled_content":false,"_jetpack_memberships_contains_paid_content":false,"footnotes":"","jetpack_publicize_message":"","jetpack_publicize_feature_enabled":true,"jetpack_social_post_already_shared":true,"jetpack_social_options":{"image_generator_settings":{"template":"highway","default_image_id":0,"font":"","enabled":false},"version":2}},"categories":[1],"tags":[],"class_list":["post-2715","post","type-post","status-publish","format-standard","has-post-thumbnail","hentry","category-sin-categoria"],"jetpack_publicize_connections":[],"jetpack_featured_media_url":"https:\/\/1005.com.ar\/wp-content\/uploads\/2022\/03\/416481-317571-3-a-mineduccaba_0.jpeg","jetpack-related-posts":[{"id":3522,"url":"https:\/\/1005.com.ar\/index.php\/2022\/10\/08\/ofelia-fernandez-a-soledad-acuna-no-me-parece-que-sea-un-esfuerzo-tan-grande-que-se-ponga-a-laburar\/","url_meta":{"origin":2715,"position":0},"title":"Ofelia Fern\u00e1ndez a Soledad Acu\u00f1a: \u00abNo me parece que sea un esfuerzo tan grande que se ponga a laburar\u00bb\u00a0","author":"Julieta Di Rocco","date":"octubre 8, 2022","format":false,"excerpt":"La legisladora cuestion\u00f3 al Gobierno porte\u00f1o por no resolver los problemas en la calidad edilicia de las escuelas, las viandas que se entregan a los estudiantes y las pasant\u00edas obligatorias no remuneradas. Asimismo, repudi\u00f3 la persecuci\u00f3n a los alumnos.","rel":"","context":"En \u00abSin categor\u00eda\u00bb","block_context":{"text":"Sin categor\u00eda","link":"https:\/\/1005.com.ar\/index.php\/category\/sin-categoria\/"},"img":{"alt_text":"","src":"https:\/\/i0.wp.com\/1005.com.ar\/wp-content\/uploads\/2022\/10\/658308-ofelia-captura.jpg?resize=350%2C200&ssl=1","width":350,"height":200,"srcset":"https:\/\/i0.wp.com\/1005.com.ar\/wp-content\/uploads\/2022\/10\/658308-ofelia-captura.jpg?resize=350%2C200&ssl=1 1x, https:\/\/i0.wp.com\/1005.com.ar\/wp-content\/uploads\/2022\/10\/658308-ofelia-captura.jpg?resize=525%2C300&ssl=1 1.5x, https:\/\/i0.wp.com\/1005.com.ar\/wp-content\/uploads\/2022\/10\/658308-ofelia-captura.jpg?resize=700%2C400&ssl=1 2x"},"classes":[]},{"id":1520,"url":"https:\/\/1005.com.ar\/index.php\/2021\/02\/09\/tras-la-reunion-de-trotta-con-larreta-se-confirmo-el-inicio-de-las-clases-en-febrero\/","url_meta":{"origin":2715,"position":1},"title":"Tras la reuni\u00f3n de Trotta con Larreta, se confirm\u00f3 el inicio de las clases en febrero","author":"Radio Music","date":"febrero 9, 2021","format":false,"excerpt":"Los protocolos y las pautas que regir\u00e1n en la Ciudad de Buenos Aires","rel":"","context":"En \u00abSin categor\u00eda\u00bb","block_context":{"text":"Sin categor\u00eda","link":"https:\/\/1005.com.ar\/index.php\/category\/sin-categoria\/"},"img":{"alt_text":"","src":"https:\/\/i0.wp.com\/1005.com.ar\/wp-content\/uploads\/2021\/02\/whatsapp_image_2021-02-08_at_18.07.11.jpeg?resize=350%2C200&ssl=1","width":350,"height":200,"srcset":"https:\/\/i0.wp.com\/1005.com.ar\/wp-content\/uploads\/2021\/02\/whatsapp_image_2021-02-08_at_18.07.11.jpeg?resize=350%2C200&ssl=1 1x, https:\/\/i0.wp.com\/1005.com.ar\/wp-content\/uploads\/2021\/02\/whatsapp_image_2021-02-08_at_18.07.11.jpeg?resize=525%2C300&ssl=1 1.5x, https:\/\/i0.wp.com\/1005.com.ar\/wp-content\/uploads\/2021\/02\/whatsapp_image_2021-02-08_at_18.07.11.jpeg?resize=700%2C400&ssl=1 2x, https:\/\/i0.wp.com\/1005.com.ar\/wp-content\/uploads\/2021\/02\/whatsapp_image_2021-02-08_at_18.07.11.jpeg?resize=1050%2C600&ssl=1 3x"},"classes":[]},{"id":1359,"url":"https:\/\/1005.com.ar\/index.php\/2021\/01\/29\/la-justicia-ordena-a-axel-kicillof-aumentar-un-80-el-salario-de-los-jueces\/","url_meta":{"origin":2715,"position":2},"title":"La Justicia ordena a Axel Kicillof aumentar un 80% el salario de los jueces","author":"Radio Music","date":"enero 29, 2021","format":false,"excerpt":"El fallo determin\u00f3 que deber\u00e1 aplicarse un incremento escalonado a los magistrados y funcionarios judiciales durante los pr\u00f3ximos cinco a\u00f1os","rel":"","context":"En \u00abSin categor\u00eda\u00bb","block_context":{"text":"Sin categor\u00eda","link":"https:\/\/1005.com.ar\/index.php\/category\/sin-categoria\/"},"img":{"alt_text":"","src":"","width":0,"height":0},"classes":[]},{"id":2188,"url":"https:\/\/1005.com.ar\/index.php\/2021\/07\/22\/ejercicios-para-entrenar-el-cerebro-y-ganar-mayor-calidad-de-vida-a-largo-plazo\/","url_meta":{"origin":2715,"position":3},"title":"Ejercicios para entrenar el cerebro y ganar mayor calidad de vida a largo plazo","author":"Radio Music","date":"julio 22, 2021","format":false,"excerpt":"En un mundo que impone un ritmo de vida cada vez m\u00e1s acelerado, al que en el \u00faltimo a\u00f1o se le sum\u00f3 una pandemia que empeor\u00f3 todas las variables con m\u00e1s exigencias y presiones, al igual que se hace con el cuerpo, la mente debe entrenarse para conservar un completo\u2026","rel":"","context":"En \u00abSin categor\u00eda\u00bb","block_context":{"text":"Sin categor\u00eda","link":"https:\/\/1005.com.ar\/index.php\/category\/sin-categoria\/"},"img":{"alt_text":"","src":"","width":0,"height":0},"classes":[]},{"id":1277,"url":"https:\/\/1005.com.ar\/index.php\/2021\/01\/26\/renuncio-el-primer-ministro-giuseppe-conte-e-italia-entra-en-otro-periodo-de-incertidumbre-que-pasara-ahora\/","url_meta":{"origin":2715,"position":4},"title":"Renunci\u00f3 el primer ministro Giuseppe Conte e Italia entra en otro per\u00edodo de incertidumbre: qu\u00e9 pasar\u00e1 ahora","author":"Radio Music","date":"enero 26, 2021","format":false,"excerpt":"Las posibilidades son tres: que el mismo Conte logre una nueva mayor\u00eda y forme un nuevo poder ejecutivo; un gobierno de \u201cunidad nacional\u201d liderado por otra figura que re\u00fana mayor consenso; o la convocatoria a nuevas elecciones","rel":"","context":"En \u00abSin categor\u00eda\u00bb","block_context":{"text":"Sin categor\u00eda","link":"https:\/\/1005.com.ar\/index.php\/category\/sin-categoria\/"},"img":{"alt_text":"","src":"https:\/\/i0.wp.com\/1005.com.ar\/wp-content\/uploads\/2021\/01\/DG5G4SAHEFHEXMKA2SRPB73O6I.jpg?resize=350%2C200&ssl=1","width":350,"height":200,"srcset":"https:\/\/i0.wp.com\/1005.com.ar\/wp-content\/uploads\/2021\/01\/DG5G4SAHEFHEXMKA2SRPB73O6I.jpg?resize=350%2C200&ssl=1 1x, https:\/\/i0.wp.com\/1005.com.ar\/wp-content\/uploads\/2021\/01\/DG5G4SAHEFHEXMKA2SRPB73O6I.jpg?resize=525%2C300&ssl=1 1.5x, https:\/\/i0.wp.com\/1005.com.ar\/wp-content\/uploads\/2021\/01\/DG5G4SAHEFHEXMKA2SRPB73O6I.jpg?resize=700%2C400&ssl=1 2x"},"classes":[]},{"id":3535,"url":"https:\/\/1005.com.ar\/index.php\/2022\/10\/08\/diabetes-advierten-que-la-soledad-duplica-el-riesgo-de-desarrollarla\/","url_meta":{"origin":2715,"position":5},"title":"Diabetes: advierten que la soledad duplica el riesgo de desarrollarla","author":"Julieta Di Rocco","date":"octubre 8, 2022","format":false,"excerpt":"Un estudio publicado en la revista\u00a0Diabetology\u00a0analiz\u00f3 el v\u00ednculo. Cambios f\u00edsicos y angustia por el paso del tiempo: c\u00f3mo transitar el paso de la mediana a la tercera edad \u00bfUn ataque de p\u00e1nico puede provocar un infarto? c\u00f3mo diferenciarlos y 5 consejos para momentos de ansiedad https:\/\/www.clarin.com\/buena-vida\/diabetes-advierten-soledad-duplica-riesgo-desarrollarla_0_rG1PnRDGUO.html","rel":"","context":"En \u00abSin categor\u00eda\u00bb","block_context":{"text":"Sin categor\u00eda","link":"https:\/\/1005.com.ar\/index.php\/category\/sin-categoria\/"},"img":{"alt_text":"","src":"https:\/\/i0.wp.com\/1005.com.ar\/wp-content\/uploads\/2022\/10\/FYM6PQZOWBFIHFBSGAJ23WPF5I.jpg?resize=350%2C200&ssl=1","width":350,"height":200,"srcset":"https:\/\/i0.wp.com\/1005.com.ar\/wp-content\/uploads\/2022\/10\/FYM6PQZOWBFIHFBSGAJ23WPF5I.jpg?resize=350%2C200&ssl=1 1x, https:\/\/i0.wp.com\/1005.com.ar\/wp-content\/uploads\/2022\/10\/FYM6PQZOWBFIHFBSGAJ23WPF5I.jpg?resize=525%2C300&ssl=1 1.5x, https:\/\/i0.wp.com\/1005.com.ar\/wp-content\/uploads\/2022\/10\/FYM6PQZOWBFIHFBSGAJ23WPF5I.jpg?resize=700%2C400&ssl=1 2x, https:\/\/i0.wp.com\/1005.com.ar\/wp-content\/uploads\/2022\/10\/FYM6PQZOWBFIHFBSGAJ23WPF5I.jpg?resize=1050%2C600&ssl=1 3x"},"classes":[]}],"jetpack_likes_enabled":true,"jetpack_sharing_enabled":true,"_links":{"self":[{"href":"https:\/\/1005.com.ar\/index.php\/wp-json\/wp\/v2\/posts\/2715","targetHints":{"allow":["GET"]}}],"collection":[{"href":"https:\/\/1005.com.ar\/index.php\/wp-json\/wp\/v2\/posts"}],"about":[{"href":"https:\/\/1005.com.ar\/index.php\/wp-json\/wp\/v2\/types\/post"}],"author":[{"embeddable":true,"href":"https:\/\/1005.com.ar\/index.php\/wp-json\/wp\/v2\/users\/7"}],"replies":[{"embeddable":true,"href":"https:\/\/1005.com.ar\/index.php\/wp-json\/wp\/v2\/comments?post=2715"}],"version-history":[{"count":0,"href":"https:\/\/1005.com.ar\/index.php\/wp-json\/wp\/v2\/posts\/2715\/revisions"}],"wp:featuredmedia":[{"embeddable":true,"href":"https:\/\/1005.com.ar\/index.php\/wp-json\/wp\/v2\/media\/2716"}],"wp:attachment":[{"href":"https:\/\/1005.com.ar\/index.php\/wp-json\/wp\/v2\/media?parent=2715"}],"wp:term":[{"taxonomy":"category","embeddable":true,"href":"https:\/\/1005.com.ar\/index.php\/wp-json\/wp\/v2\/categories?post=2715"},{"taxonomy":"post_tag","embeddable":true,"href":"https:\/\/1005.com.ar\/index.php\/wp-json\/wp\/v2\/tags?post=2715"}],"curies":[{"name":"wp","href":"https:\/\/api.w.org\/{rel}","templated":true}]}}